{"id":123107,"date":"2007-06-24T16:40:06","date_gmt":"2007-06-24T16:40:06","guid":{"rendered":"http:\/\/diariodominicano.ddns.net\/?p=123107"},"modified":"2007-06-24T16:40:06","modified_gmt":"2007-06-24T16:40:06","slug":"firman-acuerdo-para-que-40-mil-miembros-de-las-fuerzas-armadas-obtengan-prestamos-en-el-banreservas","status":"publish","type":"post","link":"https:\/\/diariodominicano.com\/?p=123107","title":{"rendered":"Firman acuerdo para que 40 mil miembros de las Fuerzas Armadas, obtengan pr\u00e9stamos en el Banreservas"},"content":{"rendered":"<p><body><\/p>\n<p align=\"justify\" class=\"titulogrande1\">Firman acuerdo para que 40 mil miembros de las Fuerzas Armadas, obtengan  pr\u00e9stamos en el Banreservas<\/p>\n<p>&#13;<\/p>\n<p><strong>Por .<\/strong> <span class=\"textogrande\">Roberto rodr\u00edguez<\/span><\/p>\n<p>&#13;<\/p>\n<p align=\"justify\"><strong>Santo Domingo.-<\/strong><span class=\"text1noticias\">Cuarenta  mil miembros de las Fuerzas Armadas ser\u00e1n beneficiado con prestamos que podr\u00e1n  realizar a trav\u00e9s del Banco de Reservas en cualquiera de las sucursales que est\u00e1n  diseminadas en todo el pa\u00eds, de acuerdo a un convenio firmado por ambas  instituciones del Estado .<\/span><\/p>\n<p>&#13;<\/p>\n<p align=\"justify\" class=\"text1noticias\">Daniel Toribio ,  administrador general del Banco de Reservas y el Secretario de las Fuerzas Armadas  , teniente general Ram\u00f3n Aquino Garc\u00eda, informaron que \u00a0mil 50 podr\u00e1n realizar prestamos en lo que  resta del a\u00f1o .<\/p>\n<p>&#13;<\/p>\n<p align=\"justify\" class=\"text1noticias\">De acuerdo al convenio en la \u00a0primera etapa del acuerdo s\u00f3lo se  \u00a0beneficiar\u00e1 \u00a0a los militares activos, pero posteriormente se extender\u00e1  a los pensionados. <\/p>\n<p>&#13;<\/p>\n<p align=\"justify\" class=\"text1noticias\">El monto de los  pr\u00e9stamos cubrir\u00e1 una proporci\u00f3n equivalente al 80 por ciento de las  prestaciones laborales acumuladas por los militares, con el respaldo de la  instituci\u00f3n castrense y a una tasa preferencial o igual a la establecida por el  Instituto de Seguridad Social de las Fuerzas Armadas (ISSFFAA). <\/p>\n<p>&#13;<\/p>\n<p align=\"justify\" class=\"text1noticias\">De su lado , el  \u00a0secretario de las Fuerzas Armadas inform\u00f3 que imparti\u00f3 instrucciones para  que las tasas de los cr\u00e9ditos del ISSFFAA se reduzcan a partir del primero de  julio de un 18 a  un 17 por ciento, para que los soldados puedan beneficiarse en el futuro de  cr\u00e9ditos para viviendas y veh\u00edculos. <\/p>\n<p>&#13;<\/p>\n<p align=\"justify\" class=\"text1noticias\">Dijo que el  convenio con Banreservas \u201cpermitir\u00e1 que el ISSFAA reduzca la presi\u00f3n en cuanto  a estas solicitudes y se encamine de una vez por todas hacia un proceso de  capitalizaci\u00f3n y fortalecimiento institucional\u201d. <\/p>\n<p>&#13;<\/p>\n<p align=\"justify\" class=\"text1noticias\">Subray\u00f3 que con  ese convenio y con otro que anunciar\u00e1 pr\u00f3ximamente con el Instituto Nacional de  la Vivienda  (INVI), \u201clos soldados y oficiales ser\u00e1n premiados con una vivienda\u201d. <\/p>\n<p>&#13;<\/p>\n<p align=\"justify\" class=\"text1noticias\">El teniente  general Aquino Garc\u00eda subray\u00f3 que 2,596 militares activos tienen solicitudes de  pr\u00e9stamos pendientes por m\u00e1s de RD$118 millones, algunos de los cuales llevan  m\u00e1s de 12 meses de tramitadas. <\/p>\n<p>&#13;<\/p>\n<p align=\"justify\" class=\"text1noticias\">\u201cEstamos a la  espera de que Banreservas acepte las condiciones que hemos solicitado para que  nuestros pensionados puedan tambi\u00e9n disfrutar de este programa, cosa que  esperamos se materialice en el menor tiempo posible\u201d, a\u00f1adi\u00f3 el titular de los  cuerpos castrense. <\/p>\n<p>&#13;<\/p>\n<p align=\"justify\" class=\"text1noticias\">El convenio de  pr\u00e9stamos personales forma parte del programa \u201cPatria Segura\u201d de las Fuerzas  Armadas, que tiene el prop\u00f3sito de mejorar la situaci\u00f3n de vida del personal  militar y su familia. <\/p>\n<p>&#13;<\/p>\n<p align=\"justify\" class=\"text1noticias\">Adem\u00e1s de Toribio y el teniente general Aquino Garc\u00eda,  el convenio lo firmaron el director general de Banca Individual de Banreservas,  Franklyn Dar\u00edo Rivera Reyes; y el mayor general piloto Fausto Liriano Polanco,  director general del ISSFAA <\/p>\n<p>&#13;<\/p>\n<h6> 2007-06-24 16:40:06 <\/h6>\n<p><!--\n<link rel=\"stylesheet\" href=\"css\/bootstrap.min.css\">\n\n\n<ul class=\"pagination\">\n\t    \n\t\n\n<li >\n\t<a href='?page_no=28986'>Previous<\/a>\n\t<\/li>\n\n\n       \n    \n\n<li><a href='?page_no=1'>1<\/a><\/li>\n\n\n\n<li><a href='?page_no=2'>2<\/a><\/li>\n\n\n\n<li><a>...<\/a><\/li>\n\n\n\n<li><a href='?page_no=28985'>28985<\/a><\/li>\n\n\n\n<li><a href='?page_no=28986'>28986<\/a><\/li>\n\n\n\n<li class='active'><a>28987<\/a><\/li>\n\n\n\n<li><a href='?page_no=28988'>28988<\/a><\/li>\n\n\n\n<li><a href='?page_no=28989'>28989<\/a><\/li>\n\n\n\n<li><a>...<\/a><\/li>\n\n\n\n<li><a href='?page_no=30472'>30472<\/a><\/li>\n\n\n\n<li><a href='?page_no=30473'>30473<\/a><\/li>\n\n    \n\t\n\n<li >\n\t<a href='?page_no=28988'>Next<\/a>\n\t<\/li>\n\n\n    \n\n<li><a href='?page_no=30473'>Last &rsaquo;&rsaquo;<\/a><\/li>\n\n<\/ul>\n\n\n--><br \/>\n<\/body><\/p>\n","protected":false},"excerpt":{"rendered":"<p>Firman acuerdo para que 40 mil miembros de las Fuerzas Armadas, obtengan pr\u00e9stamos en el Banreservas &#13; Por . Roberto rodr\u00edguez &#13; Santo Domingo.-Cuarenta mil miembros de las Fuerzas Armadas ser\u00e1n beneficiado con prestamos que podr\u00e1n realizar a trav\u00e9s del Banco de Reservas en cualquiera de las sucursales que est\u00e1n diseminadas en todo el pa\u00eds, [&hellip;]<\/p>\n","protected":false},"author":3,"featured_media":0,"comment_status":"open","ping_status":"open","sticky":false,"template":"","format":"standard","meta":{"footnotes":""},"categories":[18],"tags":[],"class_list":["post-123107","post","type-post","status-publish","format-standard","hentry","category-economia"],"_links":{"self":[{"href":"https:\/\/diariodominicano.com\/index.php?rest_route=\/wp\/v2\/posts\/123107","targetHints":{"allow":["GET"]}}],"collection":[{"href":"https:\/\/diariodominicano.com\/index.php?rest_route=\/wp\/v2\/posts"}],"about":[{"href":"https:\/\/diariodominicano.com\/index.php?rest_route=\/wp\/v2\/types\/post"}],"author":[{"embeddable":true,"href":"https:\/\/diariodominicano.com\/index.php?rest_route=\/wp\/v2\/users\/3"}],"replies":[{"embeddable":true,"href":"https:\/\/diariodominicano.com\/index.php?rest_route=%2Fwp%2Fv2%2Fcomments&post=123107"}],"version-history":[{"count":0,"href":"https:\/\/diariodominicano.com\/index.php?rest_route=\/wp\/v2\/posts\/123107\/revisions"}],"wp:attachment":[{"href":"https:\/\/diariodominicano.com\/index.php?rest_route=%2Fwp%2Fv2%2Fmedia&parent=123107"}],"wp:term":[{"taxonomy":"category","embeddable":true,"href":"https:\/\/diariodominicano.com\/index.php?rest_route=%2Fwp%2Fv2%2Fcategories&post=123107"},{"taxonomy":"post_tag","embeddable":true,"href":"https:\/\/diariodominicano.com\/index.php?rest_route=%2Fwp%2Fv2%2Ftags&post=123107"}],"curies":[{"name":"wp","href":"https:\/\/api.w.org\/{rel}","templated":true}]}}