{"id":123106,"date":"2007-06-24T16:41:42","date_gmt":"2007-06-24T16:41:42","guid":{"rendered":"http:\/\/diariodominicano.ddns.net\/?p=123106"},"modified":"2007-06-24T16:41:42","modified_gmt":"2007-06-24T16:41:42","slug":"nestle-dominicana-es-galardonada-por-sus-50-anos-2","status":"publish","type":"post","link":"https:\/\/diariodominicano.com\/?p=123106","title":{"rendered":"Nestl\u00e9 Dominicana es galardonada por sus 50 a\u00f1os"},"content":{"rendered":"<p><body><\/p>\n<p class=\"titulogrande1\">Nestl\u00e9  Dominicana es galardonada por sus 50 a\u00f1os<\/p>\n<p>&#13;<\/p>\n<p align=\"justify\"><strong>Santo Domingo.-<\/strong> <span class=\"text1noticias\">La Compa\u00f1\u00eda Nestle Dominicana, dentro del marco de  la celebraci\u00f3n de sus 50 a\u00f1os en la Republica Dominicana,  fu\u00e9 galardonada por la   Bolsa Tur\u00edstica Del Caribe &#8211; BTC- como la empresa l\u00edder de  productos alimenticios de calidad y prestigio que ha contribuido durante varias  generaciones a la alimentaci\u00f3n de la familia dominicana.<br \/>&#13;<br \/>\n\u00a0\u00a0 <br \/>&#13;<br \/>\n El reconocimiento otorgado a esta singular  firma de alimentos en sus Bodas de Oro, fu\u00e9 entregado por el presidente de la BTC, Lu\u00eds Felipe Aquino al  se\u00f1or Frederick Baur, director de alimentos y bebidas de Nestl\u00e9 Dominicana, en  compa\u00f1\u00eda de Luisa de Aquino, Directora de la Bolsa Tur\u00edstica  del Caribe, durante el acto inaugural de la XI versi\u00f3n de la BTC, en el Sal\u00f3n La Fiesta del Renaissance  Jaragua Hotel and Casino, ante el cuerpo diplom\u00e1tico y consular, hoteleros y  empresarios del sector tur\u00edstico, as\u00ed como  las delegaciones extranjeras asistentes al evento<\/span><\/p>\n<p>&#13;<\/p>\n<h6> 2007-06-24 16:41:42 <\/h6>\n<p><!--\n<link rel=\"stylesheet\" href=\"css\/bootstrap.min.css\">\n\n\n<ul class=\"pagination\">\n\t    \n\t\n\n<li >\n\t<a href='?page_no=28985'>Previous<\/a>\n\t<\/li>\n\n\n       \n    \n\n<li><a href='?page_no=1'>1<\/a><\/li>\n\n\n\n<li><a href='?page_no=2'>2<\/a><\/li>\n\n\n\n<li><a>...<\/a><\/li>\n\n\n\n<li><a href='?page_no=28984'>28984<\/a><\/li>\n\n\n\n<li><a href='?page_no=28985'>28985<\/a><\/li>\n\n\n\n<li class='active'><a>28986<\/a><\/li>\n\n\n\n<li><a href='?page_no=28987'>28987<\/a><\/li>\n\n\n\n<li><a href='?page_no=28988'>28988<\/a><\/li>\n\n\n\n<li><a>...<\/a><\/li>\n\n\n\n<li><a href='?page_no=30472'>30472<\/a><\/li>\n\n\n\n<li><a href='?page_no=30473'>30473<\/a><\/li>\n\n    \n\t\n\n<li >\n\t<a href='?page_no=28987'>Next<\/a>\n\t<\/li>\n\n\n    \n\n<li><a href='?page_no=30473'>Last &rsaquo;&rsaquo;<\/a><\/li>\n\n<\/ul>\n\n\n--><br \/>\n<\/body><\/p>\n","protected":false},"excerpt":{"rendered":"<p>Nestl\u00e9 Dominicana es galardonada por sus 50 a\u00f1os &#13; Santo Domingo.- La Compa\u00f1\u00eda Nestle Dominicana, dentro del marco de la celebraci\u00f3n de sus 50 a\u00f1os en la Republica Dominicana, fu\u00e9 galardonada por la Bolsa Tur\u00edstica Del Caribe &#8211; BTC- como la empresa l\u00edder de productos alimenticios de calidad y prestigio que ha contribuido durante varias [&hellip;]<\/p>\n","protected":false},"author":3,"featured_media":0,"comment_status":"open","ping_status":"open","sticky":false,"template":"","format":"standard","meta":{"footnotes":""},"categories":[18],"tags":[],"class_list":["post-123106","post","type-post","status-publish","format-standard","hentry","category-economia"],"_links":{"self":[{"href":"https:\/\/diariodominicano.com\/index.php?rest_route=\/wp\/v2\/posts\/123106","targetHints":{"allow":["GET"]}}],"collection":[{"href":"https:\/\/diariodominicano.com\/index.php?rest_route=\/wp\/v2\/posts"}],"about":[{"href":"https:\/\/diariodominicano.com\/index.php?rest_route=\/wp\/v2\/types\/post"}],"author":[{"embeddable":true,"href":"https:\/\/diariodominicano.com\/index.php?rest_route=\/wp\/v2\/users\/3"}],"replies":[{"embeddable":true,"href":"https:\/\/diariodominicano.com\/index.php?rest_route=%2Fwp%2Fv2%2Fcomments&post=123106"}],"version-history":[{"count":0,"href":"https:\/\/diariodominicano.com\/index.php?rest_route=\/wp\/v2\/posts\/123106\/revisions"}],"wp:attachment":[{"href":"https:\/\/diariodominicano.com\/index.php?rest_route=%2Fwp%2Fv2%2Fmedia&parent=123106"}],"wp:term":[{"taxonomy":"category","embeddable":true,"href":"https:\/\/diariodominicano.com\/index.php?rest_route=%2Fwp%2Fv2%2Fcategories&post=123106"},{"taxonomy":"post_tag","embeddable":true,"href":"https:\/\/diariodominicano.com\/index.php?rest_route=%2Fwp%2Fv2%2Ftags&post=123106"}],"curies":[{"name":"wp","href":"https:\/\/api.w.org\/{rel}","templated":true}]}}