{"id":123101,"date":"2007-06-26T10:33:41","date_gmt":"2007-06-26T10:33:41","guid":{"rendered":"http:\/\/diariodominicano.ddns.net\/?p=123101"},"modified":"2007-06-26T10:33:41","modified_gmt":"2007-06-26T10:33:41","slug":"aduanas-dice-aplica-la-ley-en-cobros-de-itbis-a-mercancias-importadas","status":"publish","type":"post","link":"https:\/\/diariodominicano.com\/?p=123101","title":{"rendered":"Aduanas dice aplica la ley en cobros de ITBIS a mercanc\u00edas  importadas"},"content":{"rendered":"<p><body><\/p>\n<p align=\"justify\" class=\"titulogrande1\"><strong>Aduanas  dice aplica la ley en cobros de ITBIS a mercanc\u00edas\u00a0 importadas<\/strong><\/p>\n<p>&#13;<\/p>\n<p align=\"justify\" class=\"text1noticias\"><img loading=\"lazy\" decoding=\"async\" src=\"http:\/\/localhost:8080\/economia\/pictures\/aduanas.jpg\" width=\"269\" height=\"138\" align=\"left\" \/>Santo Domingo.-La Direcci\u00f3n General  de Aduanas aclar\u00f3 que no comete ning\u00fan acto de ilegalidad ni un doble cobro al  aplicar a las mercanc\u00edas importadas el Impuesto a la Transferencia de  Bienes Industrializados (ITBIS), tal como lo establece la Ley 11-92.<\/p>\n<p>&#13;<\/p>\n<p align=\"justify\" class=\"text1noticias\">Miguel Cocco, director de  Aduanas, explic\u00f3 que la actuaci\u00f3n del organismo que dirige se sustenta en lo  que establece la Ley  11-92, en su art\u00edculo 339, numeral 2, en lo referente al tema de la Base Imponible para  las importaciones.<\/p>\n<p>&#13;<\/p>\n<p align=\"justify\" class=\"text1noticias\">Se\u00f1ala que el citado art\u00edculo  establece que \u00abla base imponible de este impuesto  ser\u00e1 el resultado de agregar al valor definido para la aplicaci\u00f3n de los  derechos arancelarios, todos los tributos a la importaci\u00f3n con motivo de  ella\u00bb.<\/p>\n<p>&#13;<\/p>\n<p align=\"justify\" class=\"text1noticias\">Precisa que el art\u00edculo 339  de la Ley 11-92  hace referencia al valor definido en aduanas, lo que equivale a decir el valor  CIF que incluye Costo, Seguro y Flete, como lo establece la Ley 146-00 sobre la Reforma Arancelaria,  que modifica la Ley  14-93, en el art\u00edculo 7, al que se le deben sumar todos los tributos a la  importaci\u00f3n o con motivo de ella, es decir los aranceles y selectivo, en los  casos que corresponda.<\/p>\n<p>&#13;<\/p>\n<p align=\"justify\" class=\"text1noticias\">Expresa que \u00abno es  estilo de esta administraci\u00f3n actuar por encima de las leyes, y mucho menos  perjudicar a sector alguno\u00bb.<\/p>\n<p>&#13;<\/p>\n<p align=\"justify\" class=\"text1noticias\">Agrega el funcionario que en  Aduanas siempre se act\u00faa con apego a las normas legales del pa\u00eds y a las que  rigen el comercio internacional. <\/p>\n<p>&#13;<\/p>\n<h6> 2007-06-26 10:33:41 <\/h6>\n<p><!--\n<link rel=\"stylesheet\" href=\"css\/bootstrap.min.css\">\n\n\n<ul class=\"pagination\">\n\t    \n\t\n\n<li >\n\t<a href='?page_no=28980'>Previous<\/a>\n\t<\/li>\n\n\n       \n    \n\n<li><a href='?page_no=1'>1<\/a><\/li>\n\n\n\n<li><a href='?page_no=2'>2<\/a><\/li>\n\n\n\n<li><a>...<\/a><\/li>\n\n\n\n<li><a href='?page_no=28979'>28979<\/a><\/li>\n\n\n\n<li><a href='?page_no=28980'>28980<\/a><\/li>\n\n\n\n<li class='active'><a>28981<\/a><\/li>\n\n\n\n<li><a href='?page_no=28982'>28982<\/a><\/li>\n\n\n\n<li><a href='?page_no=28983'>28983<\/a><\/li>\n\n\n\n<li><a>...<\/a><\/li>\n\n\n\n<li><a href='?page_no=30472'>30472<\/a><\/li>\n\n\n\n<li><a href='?page_no=30473'>30473<\/a><\/li>\n\n    \n\t\n\n<li >\n\t<a href='?page_no=28982'>Next<\/a>\n\t<\/li>\n\n\n    \n\n<li><a href='?page_no=30473'>Last &rsaquo;&rsaquo;<\/a><\/li>\n\n<\/ul>\n\n\n--><br \/>\n<\/body><\/p>\n","protected":false},"excerpt":{"rendered":"<p>Aduanas dice aplica la ley en cobros de ITBIS a mercanc\u00edas\u00a0 importadas &#13; Santo Domingo.-La Direcci\u00f3n General de Aduanas aclar\u00f3 que no comete ning\u00fan acto de ilegalidad ni un doble cobro al aplicar a las mercanc\u00edas importadas el Impuesto a la Transferencia de Bienes Industrializados (ITBIS), tal como lo establece la Ley 11-92. &#13; Miguel [&hellip;]<\/p>\n","protected":false},"author":3,"featured_media":0,"comment_status":"open","ping_status":"open","sticky":false,"template":"","format":"standard","meta":{"footnotes":""},"categories":[18],"tags":[],"class_list":["post-123101","post","type-post","status-publish","format-standard","hentry","category-economia"],"_links":{"self":[{"href":"https:\/\/diariodominicano.com\/index.php?rest_route=\/wp\/v2\/posts\/123101","targetHints":{"allow":["GET"]}}],"collection":[{"href":"https:\/\/diariodominicano.com\/index.php?rest_route=\/wp\/v2\/posts"}],"about":[{"href":"https:\/\/diariodominicano.com\/index.php?rest_route=\/wp\/v2\/types\/post"}],"author":[{"embeddable":true,"href":"https:\/\/diariodominicano.com\/index.php?rest_route=\/wp\/v2\/users\/3"}],"replies":[{"embeddable":true,"href":"https:\/\/diariodominicano.com\/index.php?rest_route=%2Fwp%2Fv2%2Fcomments&post=123101"}],"version-history":[{"count":0,"href":"https:\/\/diariodominicano.com\/index.php?rest_route=\/wp\/v2\/posts\/123101\/revisions"}],"wp:attachment":[{"href":"https:\/\/diariodominicano.com\/index.php?rest_route=%2Fwp%2Fv2%2Fmedia&parent=123101"}],"wp:term":[{"taxonomy":"category","embeddable":true,"href":"https:\/\/diariodominicano.com\/index.php?rest_route=%2Fwp%2Fv2%2Fcategories&post=123101"},{"taxonomy":"post_tag","embeddable":true,"href":"https:\/\/diariodominicano.com\/index.php?rest_route=%2Fwp%2Fv2%2Ftags&post=123101"}],"curies":[{"name":"wp","href":"https:\/\/api.w.org\/{rel}","templated":true}]}}