{"id":123100,"date":"2007-06-26T10:45:52","date_gmt":"2007-06-26T10:45:52","guid":{"rendered":"http:\/\/diariodominicano.ddns.net\/?p=123100"},"modified":"2007-06-26T10:45:52","modified_gmt":"2007-06-26T10:45:52","slug":"ron-dominicano-tendra-una-marca-colectiva-y-se-mejorara-la-comercializacion-del-producto","status":"publish","type":"post","link":"https:\/\/diariodominicano.com\/?p=123100","title":{"rendered":"Ron Dominicano tendr\u00e1 una marca colectiva Y se mejorar\u00e1 la comercializaci\u00f3n del producto"},"content":{"rendered":"<p><body><\/p>\n<p align=\"justify\" class=\"titulogrande1\"><strong class=\"subtitulos\">Un esfuerzo  coordinado entre sector p\u00fablico y privado<\/strong> <strong><br \/>&#13;<br \/>\nRon Dominicano tendr\u00e1 una marca colectiva<\/strong> <strong>Y se mejorar\u00e1  la comercializaci\u00f3n del producto<\/strong><\/p>\n<p>&#13;<\/p>\n<p align=\"justify\" class=\"text1noticias\"><img loading=\"lazy\" decoding=\"async\" src=\"http:\/\/localhost:8080\/economia\/pictures\/bebidas1.jpg\" width=\"256\" height=\"133\" hspace=\"4\" align=\"left\" \/>SANTO DOMINGO.- En un esfuerzo combinado entre el  Consejo Nacional de Competitividad, la Oficina de Propiedad Industrial, la Direcci\u00f3n\u00a0 General de Normas y  Sistemas de Calidad y la Asociaci\u00f3n   Dominicana de Productores de Ron se entreg\u00f3 la primera  certificaci\u00f3n de marca colectiva de la Rep\u00fablica Dominicana  para que el <strong>Ron Dominicano<\/strong> aumente  su competitividad en los mercados internacionales.<\/p>\n<p>&#13;<\/p>\n<p align=\"justify\" class=\"text1noticias\">Esta acci\u00f3n se enmarca dentro de las directrices de la  estrategia de Marca Pa\u00eds que llevan a cabo el Centro de Exportaci\u00f3n e Inversi\u00f3n  en coordinaci\u00f3n con el Consejo Nacional de Competitividad.<\/p>\n<p>&#13;<\/p>\n<p align=\"justify\" class=\"text1noticias\">La marca colectiva es un signo distintivo que hace  referencia al patrimonio nacional y que se vincula a la protecci\u00f3n al  consumidor, la protecci\u00f3n al producto y que garantiza la calidad del mismo.<\/p>\n<p>&#13;<\/p>\n<p align=\"justify\" class=\"text1noticias\">\u00a0De esta forma  los productores dominicanos podr\u00e1n garantizar la protecci\u00f3n de ese mercado internacional  a trav\u00e9s de un producto, en este caso el ron que cumple con los par\u00e1metros de  calidad y est\u00e1ndares ambientales que sustentan o aseguran una oferta de  productos competitivos y rigurosamente elaborados.<\/p>\n<p>&#13;<\/p>\n<p align=\"justify\" class=\"text1noticias\">Este signo llega en un momento de crucial importancia  para la industria dominicana, ya que surge en un mercado abierto, por lo cual  se necesitan estrategias consolidadas entre el sector p\u00fablico y privado que  permitan distinguir el origen de las marcas de los productores asociados con su  calidad y tradici\u00f3n.<\/p>\n<p>&#13;<\/p>\n<p align=\"justify\" class=\"text1noticias\">Se busca que con esta certificaci\u00f3n se aumente la  competitividad de los industriales del ron a trav\u00e9s del uso adecuado de la  propiedad industrial. Se pretende adem\u00e1s mejorar la comercializaci\u00f3n de  nuestros productos, beneficiando a todos los productores y consolidando la imagen integral  de la Rep\u00fablica   Dominicana, frente al mercado internacional.<\/p>\n<p>&#13;<\/p>\n<p align=\"justify\" class=\"text1noticias\">Andr\u00e9s  van der Horst \u00c1lvarez, director ejecutivo del Consejo Nacional de  Competitividad expres\u00f3 que esta entidad \u201ccontinuar\u00e1  apoyando al sector productivo nacional en la creaci\u00f3n de nuevas y mejores  marcas, productos y servicios, que contribuyan a posicionar nuestra Marca  Pa\u00eds\u201d.<\/p>\n<p>&#13;<\/p>\n<p align=\"justify\" class=\"text1noticias\">De su lado, Osvaldo Brugal, Presidente de la Asociaci\u00f3n de  Productores de Ron, se\u00f1al\u00f3 que este es \u201cun gran avance para el sector  industrial, un paso en firme hacia lo que la tendencia mundial demanda y los  est\u00e1ndares de pa\u00edses en v\u00edas de desarrollo requieren\u201d.<br \/>&#13;<br \/>\n  Enr\u00edque Ram\u00edrez, de la Oficina de la Propiedad Industrial,  expres\u00f3 que \u201cla marca colectiva permite al  producto amparado bajo la misma una serie de beneficios como ingresar a nuevos mercados, obtener un prestigio sustentado en una calidad y  caracter\u00edsticas propias. En el caso del ron dominicano, que es un  producto de gran demanda a nivel internacional por su calidad es imperante que  estas caracter\u00edsticas sean protegidas, y esta Marca Colectiva permitir\u00e1 proteger al productor dominicano y al mismo  tiempo darle un valor agregado a su producto.<br \/>&#13;<br \/>\n  Con esta iniciativa ya el ron tiene su identidad, Ron  Dominicano, lo que permitir\u00e1 que los consumidores extranjeros vean que este  producto re\u00fane determinadas condiciones y caracter\u00edsticas propias de nuestro  pa\u00eds, como las condiciones naturales y humanas que son las que se tienen en  cuenta para tipificarlo y que lo diferencian de sus similares.<\/p>\n<p>&#13;<\/p>\n<p align=\"justify\" class=\"text1noticias\">Brugal destac\u00f3 adem\u00e1s \u201cque la autorizaci\u00f3n del  registro de la Marca   Colectiva ha sido un proceso largo y muy enriquecedor para  los industriales que somos miembros de la Asociaci\u00f3n, resultando que esta Marca Colectiva  es el primer fruto de la   Marca-Pa\u00eds que est\u00e1 desarrollando la gesti\u00f3n gubernamental  presidida por el excelent\u00edsimo se\u00f1or Presidente de la Rep\u00fablica Dr. Leonel  Fern\u00e1ndez Reyna\u201d.<\/p>\n<p>&#13;<\/p>\n<p align=\"justify\" class=\"text1noticias\">Brugal coincidi\u00f3 con Van der Horst \u00c1lvarez en el  sentido de exhortar a los dem\u00e1s productores con tendencia a la exportaci\u00f3n a  que se sumen a la sombrilla de marca pa\u00eds para que sus ventas en el exterior  sean m\u00e1s exitosas. \u201cLas\u00a0 marcas comerciales con  fuerte presencia internacional son el motor de la Imagen Pa\u00eds, son las  marcas de renombre las que ayudan de forma fundamental a construir la imagen de  marca de un pa\u00eds\u201d. <\/p>\n<p>&#13;<\/p>\n<p align=\"justify\" class=\"text1noticias\"><strong>Historia  Marca Colectiva<\/strong><\/p>\n<p>&#13;<\/p>\n<p align=\"justify\" class=\"text1noticias\">La   Asociaci\u00f3n  de Productores de Ron solicit\u00f3 a la Direcci\u00f3n de Normas y Sistemas de Calidad la  modificaci\u00f3n de la NORDOM  477 para que incorpore la definici\u00f3n gen\u00e9rica de Ron y la definici\u00f3n espec\u00edfica  del producto dominicano, como forma de adecuarnos a nuestros competidores  locales. Digenor envi\u00f3 el documento a la Organizaci\u00f3n Mundial  de Comercio para su registro correspondiente.<\/p>\n<p>&#13;<\/p>\n<p align=\"justify\" class=\"text1noticias\">Es a partir de ese momento que el Consejo Nacional de  Competitividad y la   Oficina Nacional de la Propiedad Industrial  contrataron expertos extranjeros que impulsaron a lo interno de ADOPRON la  importancia de la marca colectiva como un elemento que potencie la  competitividad de los productores.<\/p>\n<p>&#13;<\/p>\n<p align=\"justify\" class=\"text1noticias\">Como iniciativa surgida a ra\u00edz de esa consultor\u00eda  ADOPRON redacta su reglamento de uso de marca colectiva.<\/p>\n<p>&#13;<\/p>\n<h6> 2007-06-26 10:45:52 <\/h6>\n<p><!--\n<link rel=\"stylesheet\" href=\"css\/bootstrap.min.css\">\n\n\n<ul class=\"pagination\">\n\t    \n\t\n\n<li >\n\t<a href='?page_no=28979'>Previous<\/a>\n\t<\/li>\n\n\n       \n    \n\n<li><a href='?page_no=1'>1<\/a><\/li>\n\n\n\n<li><a href='?page_no=2'>2<\/a><\/li>\n\n\n\n<li><a>...<\/a><\/li>\n\n\n\n<li><a href='?page_no=28978'>28978<\/a><\/li>\n\n\n\n<li><a href='?page_no=28979'>28979<\/a><\/li>\n\n\n\n<li class='active'><a>28980<\/a><\/li>\n\n\n\n<li><a href='?page_no=28981'>28981<\/a><\/li>\n\n\n\n<li><a href='?page_no=28982'>28982<\/a><\/li>\n\n\n\n<li><a>...<\/a><\/li>\n\n\n\n<li><a href='?page_no=30472'>30472<\/a><\/li>\n\n\n\n<li><a href='?page_no=30473'>30473<\/a><\/li>\n\n    \n\t\n\n<li >\n\t<a href='?page_no=28981'>Next<\/a>\n\t<\/li>\n\n\n    \n\n<li><a href='?page_no=30473'>Last &rsaquo;&rsaquo;<\/a><\/li>\n\n<\/ul>\n\n\n--><br \/>\n<\/body><\/p>\n","protected":false},"excerpt":{"rendered":"<p>Un esfuerzo coordinado entre sector p\u00fablico y privado &#13; Ron Dominicano tendr\u00e1 una marca colectiva Y se mejorar\u00e1 la comercializaci\u00f3n del producto &#13; SANTO DOMINGO.- En un esfuerzo combinado entre el Consejo Nacional de Competitividad, la Oficina de Propiedad Industrial, la Direcci\u00f3n\u00a0 General de Normas y Sistemas de Calidad y la Asociaci\u00f3n Dominicana de Productores [&hellip;]<\/p>\n","protected":false},"author":3,"featured_media":0,"comment_status":"open","ping_status":"open","sticky":false,"template":"","format":"standard","meta":{"footnotes":""},"categories":[18],"tags":[],"class_list":["post-123100","post","type-post","status-publish","format-standard","hentry","category-economia"],"_links":{"self":[{"href":"https:\/\/diariodominicano.com\/index.php?rest_route=\/wp\/v2\/posts\/123100","targetHints":{"allow":["GET"]}}],"collection":[{"href":"https:\/\/diariodominicano.com\/index.php?rest_route=\/wp\/v2\/posts"}],"about":[{"href":"https:\/\/diariodominicano.com\/index.php?rest_route=\/wp\/v2\/types\/post"}],"author":[{"embeddable":true,"href":"https:\/\/diariodominicano.com\/index.php?rest_route=\/wp\/v2\/users\/3"}],"replies":[{"embeddable":true,"href":"https:\/\/diariodominicano.com\/index.php?rest_route=%2Fwp%2Fv2%2Fcomments&post=123100"}],"version-history":[{"count":0,"href":"https:\/\/diariodominicano.com\/index.php?rest_route=\/wp\/v2\/posts\/123100\/revisions"}],"wp:attachment":[{"href":"https:\/\/diariodominicano.com\/index.php?rest_route=%2Fwp%2Fv2%2Fmedia&parent=123100"}],"wp:term":[{"taxonomy":"category","embeddable":true,"href":"https:\/\/diariodominicano.com\/index.php?rest_route=%2Fwp%2Fv2%2Fcategories&post=123100"},{"taxonomy":"post_tag","embeddable":true,"href":"https:\/\/diariodominicano.com\/index.php?rest_route=%2Fwp%2Fv2%2Ftags&post=123100"}],"curies":[{"name":"wp","href":"https:\/\/api.w.org\/{rel}","templated":true}]}}