{"id":123099,"date":"2007-06-26T10:53:23","date_gmt":"2007-06-26T10:53:23","guid":{"rendered":"http:\/\/diariodominicano.ddns.net\/?p=123099"},"modified":"2007-06-26T10:53:23","modified_gmt":"2007-06-26T10:53:23","slug":"presidente-de-camara-de-cuentas-se-reune-con-presidente-de-refidonsa","status":"publish","type":"post","link":"https:\/\/diariodominicano.com\/?p=123099","title":{"rendered":"Presidente de C\u00e1mara de Cuentas se re\u00fane con presidente de REFIDONSA"},"content":{"rendered":"<p><body><\/p>\n<p align=\"justify\" class=\"titulogrande1\"><strong>Presidente  de C\u00e1mara de Cuentas se re\u00fane con presidente de REFIDONSA<\/strong><\/p>\n<p>&#13;<\/p>\n<p align=\"justify\" class=\"text1noticias\"><img loading=\"lazy\" decoding=\"async\" src=\"http:\/\/localhost:8080\/economia\/pictures\/refidomsa.jpg\" width=\"269\" height=\"150\" hspace=\"4\" align=\"left\" \/>HAINA.- El presidente de la C\u00e1mara de Cuentas, Andr\u00e9s  Terrero, se reuni\u00f3 \u00a0con\u00a0 el gerente general de la Refiner\u00eda Dominicana  de Petr\u00f3leos (REFIDOMSA), Alfredo Nara, con quien se entrevist\u00f3 por espacio de  una hora, en la sede de esa empresa en este municipio.\u00a0 <\/p>\n<p>&#13;<\/p>\n<p align=\"justify\" class=\"text1noticias\">Terrero dijo que no podr\u00eda  dar detalles del encuentro que sostuvo con Nara, y afirm\u00f3 que no se trata de  una persecuci\u00f3n, sino de un proceso de investigaci\u00f3n y experticio sobre un  informe dado a conocer p\u00fablicamente y en el que se afirma que hubo algunas  \u201calteraciones de facturas\u201d\u00a0 de los  combustibles lo que ir\u00eda en perjuicio del Estado dominicano.<\/p>\n<p>&#13;<\/p>\n<p align=\"justify\" class=\"text1noticias\">Dijo que \u201cbueno nosotros no  tenemos ning\u00fan tipo de informaci\u00f3n.\u00a0 Esto  no es ninguna persecuci\u00f3n, es un experticio que hacemos y hasta que no  terminemos la auditor\u00eda o investigaci\u00f3n, no podemos dar ninguna informaci\u00f3n,  que no sean los resultados\u201d.<\/p>\n<p>&#13;<\/p>\n<h6> 2007-06-26 10:53:23 <\/h6>\n<p><!--\n<link rel=\"stylesheet\" href=\"css\/bootstrap.min.css\">\n\n\n<ul class=\"pagination\">\n\t    \n\t\n\n<li >\n\t<a href='?page_no=28978'>Previous<\/a>\n\t<\/li>\n\n\n       \n    \n\n<li><a href='?page_no=1'>1<\/a><\/li>\n\n\n\n<li><a href='?page_no=2'>2<\/a><\/li>\n\n\n\n<li><a>...<\/a><\/li>\n\n\n\n<li><a href='?page_no=28977'>28977<\/a><\/li>\n\n\n\n<li><a href='?page_no=28978'>28978<\/a><\/li>\n\n\n\n<li class='active'><a>28979<\/a><\/li>\n\n\n\n<li><a href='?page_no=28980'>28980<\/a><\/li>\n\n\n\n<li><a href='?page_no=28981'>28981<\/a><\/li>\n\n\n\n<li><a>...<\/a><\/li>\n\n\n\n<li><a href='?page_no=30472'>30472<\/a><\/li>\n\n\n\n<li><a href='?page_no=30473'>30473<\/a><\/li>\n\n    \n\t\n\n<li >\n\t<a href='?page_no=28980'>Next<\/a>\n\t<\/li>\n\n\n    \n\n<li><a href='?page_no=30473'>Last &rsaquo;&rsaquo;<\/a><\/li>\n\n<\/ul>\n\n\n--><br \/>\n<\/body><\/p>\n","protected":false},"excerpt":{"rendered":"<p>Presidente de C\u00e1mara de Cuentas se re\u00fane con presidente de REFIDONSA &#13; HAINA.- El presidente de la C\u00e1mara de Cuentas, Andr\u00e9s Terrero, se reuni\u00f3 \u00a0con\u00a0 el gerente general de la Refiner\u00eda Dominicana de Petr\u00f3leos (REFIDOMSA), Alfredo Nara, con quien se entrevist\u00f3 por espacio de una hora, en la sede de esa empresa en este municipio.\u00a0 [&hellip;]<\/p>\n","protected":false},"author":3,"featured_media":0,"comment_status":"open","ping_status":"open","sticky":false,"template":"","format":"standard","meta":{"footnotes":""},"categories":[18],"tags":[],"class_list":["post-123099","post","type-post","status-publish","format-standard","hentry","category-economia"],"_links":{"self":[{"href":"https:\/\/diariodominicano.com\/index.php?rest_route=\/wp\/v2\/posts\/123099","targetHints":{"allow":["GET"]}}],"collection":[{"href":"https:\/\/diariodominicano.com\/index.php?rest_route=\/wp\/v2\/posts"}],"about":[{"href":"https:\/\/diariodominicano.com\/index.php?rest_route=\/wp\/v2\/types\/post"}],"author":[{"embeddable":true,"href":"https:\/\/diariodominicano.com\/index.php?rest_route=\/wp\/v2\/users\/3"}],"replies":[{"embeddable":true,"href":"https:\/\/diariodominicano.com\/index.php?rest_route=%2Fwp%2Fv2%2Fcomments&post=123099"}],"version-history":[{"count":0,"href":"https:\/\/diariodominicano.com\/index.php?rest_route=\/wp\/v2\/posts\/123099\/revisions"}],"wp:attachment":[{"href":"https:\/\/diariodominicano.com\/index.php?rest_route=%2Fwp%2Fv2%2Fmedia&parent=123099"}],"wp:term":[{"taxonomy":"category","embeddable":true,"href":"https:\/\/diariodominicano.com\/index.php?rest_route=%2Fwp%2Fv2%2Fcategories&post=123099"},{"taxonomy":"post_tag","embeddable":true,"href":"https:\/\/diariodominicano.com\/index.php?rest_route=%2Fwp%2Fv2%2Ftags&post=123099"}],"curies":[{"name":"wp","href":"https:\/\/api.w.org\/{rel}","templated":true}]}}