{"id":123096,"date":"2007-06-26T15:30:39","date_gmt":"2007-06-26T15:30:39","guid":{"rendered":"http:\/\/diariodominicano.ddns.net\/?p=123096"},"modified":"2007-06-26T15:30:39","modified_gmt":"2007-06-26T15:30:39","slug":"industriales-del-mueble-reeligen-a-yury-chez-como-presidente","status":"publish","type":"post","link":"https:\/\/diariodominicano.com\/?p=123096","title":{"rendered":"Industriales del mueble reeligen a Yury Chez como presidente"},"content":{"rendered":"<p><body><\/p>\n<p align=\"justify\"><span class=\"titulogrande1\">Industriales  del mueble reeligen a  Yury Chez como presidente<\/span><br \/>&#13;<br \/>\n  \u00a0<br \/>&#13;<br \/>\n  <strong>Santo Domingo.-<\/strong><span class=\"text1noticias\">El\u00a0 empresario Yury Chez fue reelecto \u00a0como nuevo presidente del consejo directivo  nacional de la   Asociaci\u00f3n Nacional de Industriales de Muebles, Colchones y  Afines (ASONAIMCO), para el per\u00edodo 2007-2008, en el marco de su asamblea  general eleccionaria anual.<br \/>&#13;<br \/>\n  \u00a0<br \/>&#13;<br \/>\n  El encuentro de los  fabricantes de muebles se llev\u00f3 a cabo en el sal\u00f3n La Mancha del hotel Lina, con  la asistencia de m\u00e1s de 100 delegados de distintas regiones del pa\u00eds, peque\u00f1os y medianos  empresarios y directivos de la entidad.<br \/>&#13;<br \/>\n  \u00a0<br \/>&#13;<br \/>\n  Completan el nuevo consejo  directivo de ASONAIMCO Alejandro Novel, primer vicepresidente; Juan Jos\u00e9 Att\u00edas  hijo, segundo vicepresidente; Gary Herrera, secretario; Cristian  Nolasco, vicesecretario; Juan Pe\u00f1a, tesorero y Ernesto Montalvo, vicetesorero.<br \/>&#13;<br \/>\n  \u00a0<br \/>&#13;<br \/>\n Asimismo, Isabel de los Santos,  primer vocal; Sisa B\u00f3rquez, segundo vocal; Marino Cabrera, tercer vocal y Pino  Guissepe, cuarto vocal.<br \/>&#13;<br \/>\n  \u00a0<br \/>&#13;<br \/>\n  El  proceso electivo estuvo coordinador por una comisi\u00f3n electoral compuesta por Thom\u00e1s  Hern\u00e1ndez, presidente; David Pappatera, secretario y Porfirio Peralta, vocal.<br \/>&#13;<br \/>\n  \u00a0<br \/>&#13;<br \/>\n La asamblea incluy\u00f3 una invocaci\u00f3n,  la presentaci\u00f3n de un informe financiero, la presentaci\u00f3n de la Comisi\u00f3n Electoral  y de los delegados de las planchas, las palabras del presidente electo y la  elecci\u00f3n de la nueva comisi\u00f3n de cuentas.<br \/>&#13;<br \/>\n  \u00a0<br \/>&#13;<br \/>\n Chez es ingeniero electr\u00f3nico,  egresado de la Universidad  de Austria, en Texas, Estados Unidos, y posee una licenciatura en contabilidad  de la Universidad   Apec (UNAPEC). Desde hace m\u00e1s de 5 a\u00f1os, preside la empresa\u00a0 Centro Ratt\u00e1n, creada en 1972 por su padre  Venchin Chez, dedicada a la fabricaci\u00f3n de muebles en mimbre y ratt\u00e1n.<br \/>&#13;<br \/>\n  \u00a0<br \/>&#13;<br \/>\n Es socio fundador de ASONAIMCO, en  1995, y desde entonces ha sido un miembro activo de esta organizaci\u00f3n, ha  ocupando varias posiciones, entre ellas secretario de su  junta directiva y perteneciendo a varias comisiones de trabajo.<br \/>&#13;<br \/>\n  \u00a0<br \/>&#13;<br \/>\n En cuanto a los nuevos proyectos,  el se\u00f1or Chez se propone impulsar el sector del mueble, haciendo \u00e9nfasis en los  programas de educaci\u00f3n que actualicen a los productores y fabricantes de  muebles criollos, a trav\u00e9s de la realizaci\u00f3n de cursos  sobre costo de materias primas y en aspectos t\u00e9cnicos.<\/span><\/p>\n<p>&#13;<\/p>\n<h6> 2007-06-26 15:30:39 <\/h6>\n<p><!--\n<link rel=\"stylesheet\" href=\"css\/bootstrap.min.css\">\n\n\n<ul class=\"pagination\">\n\t    \n\t\n\n<li >\n\t<a href='?page_no=28975'>Previous<\/a>\n\t<\/li>\n\n\n       \n    \n\n<li><a href='?page_no=1'>1<\/a><\/li>\n\n\n\n<li><a href='?page_no=2'>2<\/a><\/li>\n\n\n\n<li><a>...<\/a><\/li>\n\n\n\n<li><a href='?page_no=28974'>28974<\/a><\/li>\n\n\n\n<li><a href='?page_no=28975'>28975<\/a><\/li>\n\n\n\n<li class='active'><a>28976<\/a><\/li>\n\n\n\n<li><a href='?page_no=28977'>28977<\/a><\/li>\n\n\n\n<li><a href='?page_no=28978'>28978<\/a><\/li>\n\n\n\n<li><a>...<\/a><\/li>\n\n\n\n<li><a href='?page_no=30472'>30472<\/a><\/li>\n\n\n\n<li><a href='?page_no=30473'>30473<\/a><\/li>\n\n    \n\t\n\n<li >\n\t<a href='?page_no=28977'>Next<\/a>\n\t<\/li>\n\n\n    \n\n<li><a href='?page_no=30473'>Last &rsaquo;&rsaquo;<\/a><\/li>\n\n<\/ul>\n\n\n--><br \/>\n<\/body><\/p>\n","protected":false},"excerpt":{"rendered":"<p>Industriales del mueble reeligen a Yury Chez como presidente&#13; \u00a0&#13; Santo Domingo.-El\u00a0 empresario Yury Chez fue reelecto \u00a0como nuevo presidente del consejo directivo nacional de la Asociaci\u00f3n Nacional de Industriales de Muebles, Colchones y Afines (ASONAIMCO), para el per\u00edodo 2007-2008, en el marco de su asamblea general eleccionaria anual.&#13; \u00a0&#13; El encuentro de los fabricantes [&hellip;]<\/p>\n","protected":false},"author":3,"featured_media":0,"comment_status":"open","ping_status":"open","sticky":false,"template":"","format":"standard","meta":{"footnotes":""},"categories":[18],"tags":[],"class_list":["post-123096","post","type-post","status-publish","format-standard","hentry","category-economia"],"_links":{"self":[{"href":"https:\/\/diariodominicano.com\/index.php?rest_route=\/wp\/v2\/posts\/123096","targetHints":{"allow":["GET"]}}],"collection":[{"href":"https:\/\/diariodominicano.com\/index.php?rest_route=\/wp\/v2\/posts"}],"about":[{"href":"https:\/\/diariodominicano.com\/index.php?rest_route=\/wp\/v2\/types\/post"}],"author":[{"embeddable":true,"href":"https:\/\/diariodominicano.com\/index.php?rest_route=\/wp\/v2\/users\/3"}],"replies":[{"embeddable":true,"href":"https:\/\/diariodominicano.com\/index.php?rest_route=%2Fwp%2Fv2%2Fcomments&post=123096"}],"version-history":[{"count":0,"href":"https:\/\/diariodominicano.com\/index.php?rest_route=\/wp\/v2\/posts\/123096\/revisions"}],"wp:attachment":[{"href":"https:\/\/diariodominicano.com\/index.php?rest_route=%2Fwp%2Fv2%2Fmedia&parent=123096"}],"wp:term":[{"taxonomy":"category","embeddable":true,"href":"https:\/\/diariodominicano.com\/index.php?rest_route=%2Fwp%2Fv2%2Fcategories&post=123096"},{"taxonomy":"post_tag","embeddable":true,"href":"https:\/\/diariodominicano.com\/index.php?rest_route=%2Fwp%2Fv2%2Ftags&post=123096"}],"curies":[{"name":"wp","href":"https:\/\/api.w.org\/{rel}","templated":true}]}}