{"id":123087,"date":"2007-06-29T10:38:41","date_gmt":"2007-06-29T10:38:41","guid":{"rendered":"http:\/\/diariodominicano.ddns.net\/?p=123087"},"modified":"2007-06-29T10:38:41","modified_gmt":"2007-06-29T10:38:41","slug":"incrementos-en-la-tasa-de-cambio-no-tienen-fundamentos-economicos","status":"publish","type":"post","link":"https:\/\/diariodominicano.com\/?p=123087","title":{"rendered":"Incrementos en la tasa de cambio no tienen fundamentos econ\u00f3micos"},"content":{"rendered":"<p><body><\/p>\n<p align=\"justify\" class=\"titulogrande1\"><strong>Incrementos  en la tasa de cambio no tienen  fundamentos econ\u00f3micos<\/strong><\/p>\n<p>&#13;<\/p>\n<p align=\"justify\" class=\"text1noticias\"><img loading=\"lazy\" decoding=\"async\" src=\"http:\/\/localhost:8080\/economia\/pictures\/banco central.jpg\" width=\"269\" height=\"211\" hspace=\"4\" align=\"left\" \/>SANTO DOMINGO.- El Banco Central de la Rep\u00fablica Dominicana,\u00a0 en inter\u00e9s de edificar a la opini\u00f3n  p\u00fablica,\u00a0 en especial a los  intermediarios financieros y cambiarios,\u00a0  a los sectores generadores de divisas y a las instituciones p\u00fablicas y  privadas vinculadas a esos \u00a0sectores,  inform\u00f3 el jueves \u00a0que\u00a0 no existen razones monetarias ni fiscales que  motiven las alzas recientes en la tasa de cambio.<\/p>\n<p>&#13;<\/p>\n<p align=\"justify\" class=\"text1noticias\">En una nota informativa el  Banco Central garantiza que tiene control absoluto de los agregados monetarios  y cuenta con una fuerte posici\u00f3n en sus niveles de reservas  internacionales.\u00a0 La reacci\u00f3n de la  entidad rectora de la pol\u00edtica monetaria se produce luego que agentes de cambio  informaron que la tasa de cambio sufri\u00f3 ligeras variaciones durante las \u00faltimas  horas.<\/p>\n<p>&#13;<\/p>\n<p align=\"justify\" class=\"text1noticias\">La situaci\u00f3n llam\u00f3 la atenci\u00f3n  porque no hay fundamentos econ\u00f3micos que justifiquen los movimientos de la tasa  de cambio.<\/p>\n<p>&#13;<\/p>\n<p align=\"justify\" class=\"text1noticias\">El Banco Central destaca que las  \u00a0reservas brutas alcanzaron los US$2,768.6  millones en el d\u00eda de ayer, mientras las reservas netas l\u00edquidas, es decir, las  de libre disponibilidad del Banco Central y que pueden ser usadas en cualquier  momento que las condiciones de volatilidad del mercado lo requieran, ascienden  a RD$1,463.8 millones, superando en US$563 millones la meta establecida para el  mes de junio dentro del Acuerdo con el FMI.<\/p>\n<p>&#13;<\/p>\n<p align=\"justify\" class=\"text1noticias\">Asimismo, resalta que el Gobierno refleja una robusta  posici\u00f3n superavitaria en sus cuentas fiscales, ascendente a RD$8,800.0  millones\u00a0 al mes de mayo, despu\u00e9s de  cumplir oportunamente con sus compromisos financieros y contar con recursos en  d\u00f3lares para honrar las obligaciones de deuda externa de lo que resta del mes  de junio y parte de las del pr\u00f3ximo mes de julio. <\/p>\n<p>&#13;<\/p>\n<p align=\"justify\" class=\"text1noticias\">El mantenimiento por parte del Banco Central y del  Gobierno de una prudente conducci\u00f3n de las pol\u00edticas monetaria y fiscal, permiten  reafirmar que los movimientos en la tasa de cambio no tienen explicaci\u00f3n  econ\u00f3mica.<\/p>\n<p>&#13;<\/p>\n<h6> 2007-06-29 10:38:41 <\/h6>\n<p><!--\n<link rel=\"stylesheet\" href=\"css\/bootstrap.min.css\">\n\n\n<ul class=\"pagination\">\n\t    \n\t\n\n<li >\n\t<a href='?page_no=28966'>Previous<\/a>\n\t<\/li>\n\n\n       \n    \n\n<li><a href='?page_no=1'>1<\/a><\/li>\n\n\n\n<li><a href='?page_no=2'>2<\/a><\/li>\n\n\n\n<li><a>...<\/a><\/li>\n\n\n\n<li><a href='?page_no=28965'>28965<\/a><\/li>\n\n\n\n<li><a href='?page_no=28966'>28966<\/a><\/li>\n\n\n\n<li class='active'><a>28967<\/a><\/li>\n\n\n\n<li><a href='?page_no=28968'>28968<\/a><\/li>\n\n\n\n<li><a href='?page_no=28969'>28969<\/a><\/li>\n\n\n\n<li><a>...<\/a><\/li>\n\n\n\n<li><a href='?page_no=30472'>30472<\/a><\/li>\n\n\n\n<li><a href='?page_no=30473'>30473<\/a><\/li>\n\n    \n\t\n\n<li >\n\t<a href='?page_no=28968'>Next<\/a>\n\t<\/li>\n\n\n    \n\n<li><a href='?page_no=30473'>Last &rsaquo;&rsaquo;<\/a><\/li>\n\n<\/ul>\n\n\n--><br \/>\n<\/body><\/p>\n","protected":false},"excerpt":{"rendered":"<p>Incrementos en la tasa de cambio no tienen fundamentos econ\u00f3micos &#13; SANTO DOMINGO.- El Banco Central de la Rep\u00fablica Dominicana,\u00a0 en inter\u00e9s de edificar a la opini\u00f3n p\u00fablica,\u00a0 en especial a los intermediarios financieros y cambiarios,\u00a0 a los sectores generadores de divisas y a las instituciones p\u00fablicas y privadas vinculadas a esos \u00a0sectores, inform\u00f3 el [&hellip;]<\/p>\n","protected":false},"author":3,"featured_media":0,"comment_status":"open","ping_status":"open","sticky":false,"template":"","format":"standard","meta":{"footnotes":""},"categories":[18],"tags":[],"class_list":["post-123087","post","type-post","status-publish","format-standard","hentry","category-economia"],"_links":{"self":[{"href":"https:\/\/diariodominicano.com\/index.php?rest_route=\/wp\/v2\/posts\/123087","targetHints":{"allow":["GET"]}}],"collection":[{"href":"https:\/\/diariodominicano.com\/index.php?rest_route=\/wp\/v2\/posts"}],"about":[{"href":"https:\/\/diariodominicano.com\/index.php?rest_route=\/wp\/v2\/types\/post"}],"author":[{"embeddable":true,"href":"https:\/\/diariodominicano.com\/index.php?rest_route=\/wp\/v2\/users\/3"}],"replies":[{"embeddable":true,"href":"https:\/\/diariodominicano.com\/index.php?rest_route=%2Fwp%2Fv2%2Fcomments&post=123087"}],"version-history":[{"count":0,"href":"https:\/\/diariodominicano.com\/index.php?rest_route=\/wp\/v2\/posts\/123087\/revisions"}],"wp:attachment":[{"href":"https:\/\/diariodominicano.com\/index.php?rest_route=%2Fwp%2Fv2%2Fmedia&parent=123087"}],"wp:term":[{"taxonomy":"category","embeddable":true,"href":"https:\/\/diariodominicano.com\/index.php?rest_route=%2Fwp%2Fv2%2Fcategories&post=123087"},{"taxonomy":"post_tag","embeddable":true,"href":"https:\/\/diariodominicano.com\/index.php?rest_route=%2Fwp%2Fv2%2Ftags&post=123087"}],"curies":[{"name":"wp","href":"https:\/\/api.w.org\/{rel}","templated":true}]}}