{"id":123085,"date":"2007-06-29T14:40:06","date_gmt":"2007-06-29T14:40:06","guid":{"rendered":"http:\/\/diariodominicano.ddns.net\/?p=123085"},"modified":"2007-06-29T14:40:06","modified_gmt":"2007-06-29T14:40:06","slug":"ee-uu-y-colombia-firman-tras-meses-de-negociacion-las-modificaciones-al-tlc","status":"publish","type":"post","link":"https:\/\/diariodominicano.com\/?p=123085","title":{"rendered":"EE UU y Colombia firman tras meses de negociaci\u00f3n las modificaciones al TLC"},"content":{"rendered":"<p><body><\/p>\n<p class=\"titulogrande1\">EE UU y Colombia firman tras meses  de negociaci\u00f3n las modificaciones al TLC<\/p>\n<p>&#13;<\/p>\n<p align=\"justify\"><strong>WASHINGTON.-<\/strong> <span class=\"text1noticias\">Colombia y EE UU firmaron ayer las modificaciones a su  Tratado de Libre Comercio (TLC) que, de forma vinculante, incluyen nuevas  normas sobre protecciones laborales y ambientales, anunci\u00f3 el Gobierno  estadounidense.<br \/>&#13;<br \/>\n  <br \/>&#13;<br \/>\n  La oficina de la Representante de Comercio Exterior, Susan Schwab,  indic\u00f3 en un comunicado que las enmiendas al TLC \u00abreflejan el acuerdo  bipartidista\u00bb que el pasado 10 de mayo alcanzaron el Congreso y la Administraci\u00f3n  Bush.<br \/>&#13;<br \/>\n  <br \/>&#13;<br \/>\n  Schwab se refiri\u00f3 al acuerdo logrado tras varios meses de tensas  negociaciones en el que todo TLC pactado con Estados Unidos debe incluir  protecciones a la propiedad intelectual, los principios consagrados en la  Organizaci\u00f3n Internacional del Trabajo y normas internacionales sobre el medio  ambiente.<br \/>&#13;<br \/>\n  <br \/>&#13;<br \/>\n  El acuerdo entre los l\u00edderes del Congreso y el Gobierno de EE UU elimina  una importante traba pol\u00edtica para la votaci\u00f3n de los TLC con Colombia, Per\u00fa,  Panam\u00e1 y Corea del Sur, pendientes de ratificaci\u00f3n ante el Legislativo.<br \/>&#13;<br \/>\n  <br \/>&#13;<br \/>\n  Schwab dijo que el acuerdo bilateral de comercio con Colombia, firmado  en noviembre de 2006, contribuir\u00e1 a los esfuerzos de colaboraci\u00f3n bilateral  \u00abpara la promoci\u00f3n de las oportunidades econ\u00f3micas y de desarrollo, la  paz, los derechos humanos, el imperio de la ley, y la seguridad en esta  importante regi\u00f3n\u00bb.<br \/>&#13;<br \/>\n  <br \/>&#13;<br \/>\n  Seg\u00fan la representante comercial, estas oportunidades \u00abse  traducir\u00e1n en m\u00e1s empleos para los trabajadores y m\u00e1s opciones para los  consumidores\u00bb en este pa\u00eds.<br \/>&#13;<br \/>\n  <br \/>&#13;<br \/>\n  El acuerdo tambi\u00e9n beneficiar\u00e1 a Colombia porque, a\u00f1adi\u00f3 Schwab,  \u00able proveer\u00e1 acceso permanente al mercado estadounidense, lo que ayudar\u00e1 a  mantener un verdadero crecimiento, la creaci\u00f3n de m\u00e1s empleos, y nuevas  inversiones\u00bb.<br \/>&#13;<br \/>\n  <br \/>&#13;<br \/>\n  Schwab expres\u00f3 confianza en que el Congreso aprobar\u00e1 finalmente los TLC  pendientes de ratificaci\u00f3n, incluyendo el de Panam\u00e1, suscrito ayer durante una  ceremonia especial en la Organizaci\u00f3n de Estados Americanos (OEA).<br \/>&#13;<br \/>\n  <br \/>&#13;<br \/>\n  Schwab firm\u00f3 las modificaciones junto con el ministro de Comercio de  Colombia, Luis Guillermo Plata, quien viaj\u00f3 a Washington con ese prop\u00f3sito y  tambi\u00e9n como parte de una campa\u00f1a de presi\u00f3n a favor de la ratificaci\u00f3n del  TLC.<br \/>&#13;<br \/>\n  <br \/>&#13;<br \/>\n  El Congreso colombiano ratific\u00f3 el TLC el pasado 14 de junio y deber\u00e1  tambi\u00e9n aprobar estos ajustes, propuestos por la oposici\u00f3n dem\u00f3crata como  condici\u00f3n para respaldar el TLC.<br \/>&#13;<br \/>\n  <br \/>&#13;<br \/>\n  <strong>EFE &#8211; Washington &#8211; 29\/06\/2007 <\/strong><\/span><\/p>\n<p>&#13;<\/p>\n<h6> 2007-06-29 14:40:06 <\/h6>\n<p><!--\n<link rel=\"stylesheet\" href=\"css\/bootstrap.min.css\">\n\n\n<ul class=\"pagination\">\n\t    \n\t\n\n<li >\n\t<a href='?page_no=28964'>Previous<\/a>\n\t<\/li>\n\n\n       \n    \n\n<li><a href='?page_no=1'>1<\/a><\/li>\n\n\n\n<li><a href='?page_no=2'>2<\/a><\/li>\n\n\n\n<li><a>...<\/a><\/li>\n\n\n\n<li><a href='?page_no=28963'>28963<\/a><\/li>\n\n\n\n<li><a href='?page_no=28964'>28964<\/a><\/li>\n\n\n\n<li class='active'><a>28965<\/a><\/li>\n\n\n\n<li><a href='?page_no=28966'>28966<\/a><\/li>\n\n\n\n<li><a href='?page_no=28967'>28967<\/a><\/li>\n\n\n\n<li><a>...<\/a><\/li>\n\n\n\n<li><a href='?page_no=30472'>30472<\/a><\/li>\n\n\n\n<li><a href='?page_no=30473'>30473<\/a><\/li>\n\n    \n\t\n\n<li >\n\t<a href='?page_no=28966'>Next<\/a>\n\t<\/li>\n\n\n    \n\n<li><a href='?page_no=30473'>Last &rsaquo;&rsaquo;<\/a><\/li>\n\n<\/ul>\n\n\n--><br \/>\n<\/body><\/p>\n","protected":false},"excerpt":{"rendered":"<p>EE UU y Colombia firman tras meses de negociaci\u00f3n las modificaciones al TLC &#13; WASHINGTON.- Colombia y EE UU firmaron ayer las modificaciones a su Tratado de Libre Comercio (TLC) que, de forma vinculante, incluyen nuevas normas sobre protecciones laborales y ambientales, anunci\u00f3 el Gobierno estadounidense.&#13; &#13; La oficina de la Representante de Comercio Exterior, [&hellip;]<\/p>\n","protected":false},"author":3,"featured_media":0,"comment_status":"open","ping_status":"open","sticky":false,"template":"","format":"standard","meta":{"footnotes":""},"categories":[18],"tags":[],"class_list":["post-123085","post","type-post","status-publish","format-standard","hentry","category-economia"],"_links":{"self":[{"href":"https:\/\/diariodominicano.com\/index.php?rest_route=\/wp\/v2\/posts\/123085","targetHints":{"allow":["GET"]}}],"collection":[{"href":"https:\/\/diariodominicano.com\/index.php?rest_route=\/wp\/v2\/posts"}],"about":[{"href":"https:\/\/diariodominicano.com\/index.php?rest_route=\/wp\/v2\/types\/post"}],"author":[{"embeddable":true,"href":"https:\/\/diariodominicano.com\/index.php?rest_route=\/wp\/v2\/users\/3"}],"replies":[{"embeddable":true,"href":"https:\/\/diariodominicano.com\/index.php?rest_route=%2Fwp%2Fv2%2Fcomments&post=123085"}],"version-history":[{"count":0,"href":"https:\/\/diariodominicano.com\/index.php?rest_route=\/wp\/v2\/posts\/123085\/revisions"}],"wp:attachment":[{"href":"https:\/\/diariodominicano.com\/index.php?rest_route=%2Fwp%2Fv2%2Fmedia&parent=123085"}],"wp:term":[{"taxonomy":"category","embeddable":true,"href":"https:\/\/diariodominicano.com\/index.php?rest_route=%2Fwp%2Fv2%2Fcategories&post=123085"},{"taxonomy":"post_tag","embeddable":true,"href":"https:\/\/diariodominicano.com\/index.php?rest_route=%2Fwp%2Fv2%2Ftags&post=123085"}],"curies":[{"name":"wp","href":"https:\/\/api.w.org\/{rel}","templated":true}]}}