{"id":123084,"date":"2007-06-29T14:41:24","date_gmt":"2007-06-29T14:41:24","guid":{"rendered":"http:\/\/diariodominicano.ddns.net\/?p=123084"},"modified":"2007-06-29T14:41:24","modified_gmt":"2007-06-29T14:41:24","slug":"empresarios-demandan-modificacion-del-proyecto-de-amnistia-fiscal","status":"publish","type":"post","link":"https:\/\/diariodominicano.com\/?p=123084","title":{"rendered":"Empresarios demandan modificaci\u00f3n del proyecto de Amnist\u00eda Fiscal"},"content":{"rendered":"<p><body><\/p>\n<p class=\"titulogrande1\">Empresarios demandan  modificaci\u00f3n del proyecto de Amnist\u00eda Fiscal<\/p>\n<p>&#13;<\/p>\n<p align=\"justify\"><strong>SANTO DOMINGO.-<\/strong> <span class=\"text1noticias\">La Organizacional Nacional  de Empresas Comerciales (ONEC) demand\u00f3 \u00a0del Gobierno una modificaci\u00f3n al\u00a0  Proyecto de Amnist\u00eda\u00a0 Fiscal, a fin de que\u00a0 obligue a las empresas a  transparentar sus balances. <br \/>&#13;<br \/>\n  <br \/>&#13;<br \/>\n  Aclararon que apoyan el referido proyecto, pero  entienden que debe propiciar una competencia comercial m\u00e1s justa entre  empresas.<br \/>&#13;<br \/>\n  <br \/>&#13;<br \/>\n  Los empresarios de la\u00a0 Onec hicieron sus  planteamientos durante un encuentro\u00a0 con directivos de Impuestos internos. <br \/>&#13;<br \/>\n  <br \/>&#13;<br \/>\n  Jes\u00fas P\u00e9rez, presidente de la Onec, explic\u00f3 que hay muchas  empresas que no reflejan sus balances reales y el proyecto de Amnist\u00eda Fiscal  no cuenta con mecanismos para evitar que contin\u00faen con esta pr\u00e1ctica.<br \/>&#13;<br \/>\n  <br \/>&#13;<br \/>\n  Entienden que las empresas que act\u00faan de manera  transparentes tendr\u00edan de competir con desventajas frente a esa situaci\u00f3n.<br \/>&#13;<br \/>\n  <br \/>&#13;<br \/>\n  De su lado, Germania Mont\u00e1s sub-directora de Impuestos  Internos, adelant\u00f3 que est\u00e1n buscando una salida en el marco de la ley de  Amnist\u00eda Fiscal que logre corregir lo de los inventarios.<br \/>&#13;<br \/>\n  <br \/>&#13;<br \/>\n  Reiter\u00f3 que los propietarios de veh\u00edculos de  considerados de lujo pagaran un importante aumento en la expedici\u00f3n de las  placas, el cual ser\u00e1 un porcentaje del valor al momento de traer el vehiculo.<br \/>&#13;<br \/>\n  <br \/>&#13;<br \/>\n  Dijo que \u201cmira el que tenga un Mercedes Benz, una  Montero Full, etc. pagar\u00e1 un aumento importe en su primera expedici\u00f3n. Ser\u00e1 de  unos diez mil pesos en adelante\u201d.<br \/>&#13;<br \/>\n  <br \/>&#13;<br \/>\nDestac\u00f3 que las personas que tengan un Corolla, un  Nissan Sentra solo tendr\u00e1n un \u201cpeque\u00f1o\u201d aumento<\/span><\/p>\n<p>&#13;<\/p>\n<h6> 2007-06-29 14:41:24 <\/h6>\n<p><!--\n<link rel=\"stylesheet\" href=\"css\/bootstrap.min.css\">\n\n\n<ul class=\"pagination\">\n\t    \n\t\n\n<li >\n\t<a href='?page_no=28963'>Previous<\/a>\n\t<\/li>\n\n\n       \n    \n\n<li><a href='?page_no=1'>1<\/a><\/li>\n\n\n\n<li><a href='?page_no=2'>2<\/a><\/li>\n\n\n\n<li><a>...<\/a><\/li>\n\n\n\n<li><a href='?page_no=28962'>28962<\/a><\/li>\n\n\n\n<li><a href='?page_no=28963'>28963<\/a><\/li>\n\n\n\n<li class='active'><a>28964<\/a><\/li>\n\n\n\n<li><a href='?page_no=28965'>28965<\/a><\/li>\n\n\n\n<li><a href='?page_no=28966'>28966<\/a><\/li>\n\n\n\n<li><a>...<\/a><\/li>\n\n\n\n<li><a href='?page_no=30472'>30472<\/a><\/li>\n\n\n\n<li><a href='?page_no=30473'>30473<\/a><\/li>\n\n    \n\t\n\n<li >\n\t<a href='?page_no=28965'>Next<\/a>\n\t<\/li>\n\n\n    \n\n<li><a href='?page_no=30473'>Last &rsaquo;&rsaquo;<\/a><\/li>\n\n<\/ul>\n\n\n--><br \/>\n<\/body><\/p>\n","protected":false},"excerpt":{"rendered":"<p>Empresarios demandan modificaci\u00f3n del proyecto de Amnist\u00eda Fiscal &#13; SANTO DOMINGO.- La Organizacional Nacional de Empresas Comerciales (ONEC) demand\u00f3 \u00a0del Gobierno una modificaci\u00f3n al\u00a0 Proyecto de Amnist\u00eda\u00a0 Fiscal, a fin de que\u00a0 obligue a las empresas a transparentar sus balances. &#13; &#13; Aclararon que apoyan el referido proyecto, pero entienden que debe propiciar una competencia [&hellip;]<\/p>\n","protected":false},"author":3,"featured_media":0,"comment_status":"open","ping_status":"open","sticky":false,"template":"","format":"standard","meta":{"footnotes":""},"categories":[18],"tags":[],"class_list":["post-123084","post","type-post","status-publish","format-standard","hentry","category-economia"],"_links":{"self":[{"href":"https:\/\/diariodominicano.com\/index.php?rest_route=\/wp\/v2\/posts\/123084","targetHints":{"allow":["GET"]}}],"collection":[{"href":"https:\/\/diariodominicano.com\/index.php?rest_route=\/wp\/v2\/posts"}],"about":[{"href":"https:\/\/diariodominicano.com\/index.php?rest_route=\/wp\/v2\/types\/post"}],"author":[{"embeddable":true,"href":"https:\/\/diariodominicano.com\/index.php?rest_route=\/wp\/v2\/users\/3"}],"replies":[{"embeddable":true,"href":"https:\/\/diariodominicano.com\/index.php?rest_route=%2Fwp%2Fv2%2Fcomments&post=123084"}],"version-history":[{"count":0,"href":"https:\/\/diariodominicano.com\/index.php?rest_route=\/wp\/v2\/posts\/123084\/revisions"}],"wp:attachment":[{"href":"https:\/\/diariodominicano.com\/index.php?rest_route=%2Fwp%2Fv2%2Fmedia&parent=123084"}],"wp:term":[{"taxonomy":"category","embeddable":true,"href":"https:\/\/diariodominicano.com\/index.php?rest_route=%2Fwp%2Fv2%2Fcategories&post=123084"},{"taxonomy":"post_tag","embeddable":true,"href":"https:\/\/diariodominicano.com\/index.php?rest_route=%2Fwp%2Fv2%2Ftags&post=123084"}],"curies":[{"name":"wp","href":"https:\/\/api.w.org\/{rel}","templated":true}]}}