{"id":123056,"date":"2007-07-05T19:42:22","date_gmt":"2007-07-05T19:42:22","guid":{"rendered":"http:\/\/diariodominicano.ddns.net\/?p=123056"},"modified":"2007-07-05T19:42:22","modified_gmt":"2007-07-05T19:42:22","slug":"otro-capitalismo-es-posible","status":"publish","type":"post","link":"https:\/\/diariodominicano.com\/?p=123056","title":{"rendered":"\u00bfOtro capitalismo es posible?"},"content":{"rendered":"<p><body><\/p>\n<p align=\"center\"><span class=\"titulogrande1\">\u00bfOtro  capitalismo es posible?<\/span><br \/>&#13;<br \/>\n  <br \/>&#13;<br \/>\n    <strong>Las principales  empresas del mundo y la ONU debaten en Ginebra sobre cambio clim\u00e1tico, pobreza  y derechos humanos <\/strong><\/p>\n<p>&#13;<\/p>\n<p align=\"justify\"><strong>GINEBRA.- <\/strong><span class=\"text1noticias\">El capitalismo cl\u00e1sico afirma que el objetivo de las empresas  es obtener el m\u00e1ximo beneficio. Hasta ahora se entend\u00eda que ese beneficio era  econ\u00f3mico. \u00bfSe puede mantener esa m\u00e1xima en un mundo acosado por el hambre, el  cambio clim\u00e1tico y la violaci\u00f3n de derechos humanos? Sobre esta pregunta  debaten hoy en Ginebra la mayor parte de las grandes compa\u00f1\u00edas del mundo, en el  marco de Naciones Unidas y con presencia de su secretario general, Ban-Ki Moon.  \u00c9ste ha advertido hoy a los altos directivos de las multinacionales que, para  que sus firmas gocen de un crecimiento sostenible, deben reforzar su  legitimidad y ofrecer a \u00ablos excluidos la oportunidad de mejorar sus  vidas\u00bb.<br \/>&#13;<br \/>\n  <br \/>&#13;<br \/>\n  Con ese llamamiento, Ban ha inaugurado la cumbre del Global Compact  -tambi\u00e9n llamado Pacto Mundial-, en el que participan m\u00e1s de 800 empresarios y  directivos de algunas de las compa\u00f1\u00edas m\u00e1s poderosas del mundo, quienes  debatir\u00e1n hasta ma\u00f1ana la mejor manera de incorporar a sus negocios los  principios de respeto a los derechos humanos y a las normas laborales y la  protecci\u00f3n del medio ambiente.<br \/>&#13;<br \/>\n  <br \/>&#13;<br \/>\n\u00abEl poder implica responsabilidad y para que las empresas puedan  conocer un crecimiento sostenible, deben suscitar m\u00e1s confianza y  legitimidad\u00bb, ha subrayado el responsable de la ONU, quien ha recordado  que, en ocasiones, \u00abla innovaci\u00f3n y el esp\u00edritu empresarial chocan con la  explotaci\u00f3n, la corrupci\u00f3n y la desigualdad de ingresos\u00bb.<br \/>&#13;<br \/>\n<br \/>&#13;<br \/>\n  <strong>4.000 empresas asociadas<\/strong> <br \/>&#13;<br \/>\n  <br \/>&#13;<br \/>\n  La iniciativa Global Compact naci\u00f3 en 2000 con la participaci\u00f3n de 47  empresas y ahora cuenta con 4.000 firmas asociadas en 116 pa\u00edses, que se han  comprometido de manera voluntaria a aplicar la \u00e9tica social y ecol\u00f3gica en sus  actividades, lo que se conoce como \u00abresponsabilidad social  corporativa\u00bb. En la inauguraci\u00f3n de la cumbre, la intervenci\u00f3n de Ban ha  precedido a las de representantes emblem\u00e1ticos del sector privado, la sociedad  civil y las organizaciones sindicales: el presidente de Coca Cola, Neville  Isdell; la secretaria general de la ONG Amnist\u00eda Internacional, Irene Khan, y  su hom\u00f3logo de la Confederaci\u00f3n Internacional de Sindicatos, Guy Ryder.<br \/>&#13;<br \/>\n  <br \/>&#13;<br \/>\n  Isdell ha reconocido que la escasez de agua es uno de los desaf\u00edos m\u00e1s  urgentes que deben enfrentarse y ha destacado las medidas que su multinacional  ha adoptado para contrarrestar ese problema a trav\u00e9s de acciones de protecci\u00f3n  del medio ambiente y de apoyo a las comunidades afectadas. En representaci\u00f3n del  sector cr\u00edtico al Global Compact, la responsable de Amnist\u00eda Internacional ha  lamentado que despu\u00e9s de siete a\u00f1os de existencia el pacto siga siendo una  plataforma basada en el voluntarismo de sus miembros y que carezca de un  mecanismo para controlar el cumplimiento de sus compromisos.<br \/>&#13;<br \/>\n  <br \/>&#13;<br \/>\n  Por su parte, el sindicalista Ryder ha dicho que la realidad es  \u00abinc\u00f3moda\u00bb para muchas empresas que impiden que sus empleados ejerzan  sus derechos, en tanto que denunci\u00f3 que hay \u00abindustrias que gastan  millones en evitar que los sindicatos representen a los trabajadores\u00bb. El  ministro franc\u00e9s de Asuntos Exteriores, Bernard Kouchner, ha reconocido los  \u00abl\u00edmites de los compromisos voluntarios\u00bb y plante\u00f3 \u00abrepensar el  funcionamiento y las modalidades del Global Compact\u00bb.<br \/>&#13;<br \/>\n  <br \/>&#13;<br \/>\n  <strong>EFE \/ ELPAIS.com &#8211; Ginebra \/ Madrid &#8211; 05\/07\/2007 <\/strong><\/span><\/p>\n<p>&#13;<\/p>\n<h6> 2007-07-05 19:42:22 <\/h6>\n<p><!--\n<link rel=\"stylesheet\" href=\"css\/bootstrap.min.css\">\n\n\n<ul class=\"pagination\">\n\t    \n\t\n\n<li >\n\t<a href='?page_no=28935'>Previous<\/a>\n\t<\/li>\n\n\n       \n    \n\n<li><a href='?page_no=1'>1<\/a><\/li>\n\n\n\n<li><a href='?page_no=2'>2<\/a><\/li>\n\n\n\n<li><a>...<\/a><\/li>\n\n\n\n<li><a href='?page_no=28934'>28934<\/a><\/li>\n\n\n\n<li><a href='?page_no=28935'>28935<\/a><\/li>\n\n\n\n<li class='active'><a>28936<\/a><\/li>\n\n\n\n<li><a href='?page_no=28937'>28937<\/a><\/li>\n\n\n\n<li><a href='?page_no=28938'>28938<\/a><\/li>\n\n\n\n<li><a>...<\/a><\/li>\n\n\n\n<li><a href='?page_no=30472'>30472<\/a><\/li>\n\n\n\n<li><a href='?page_no=30473'>30473<\/a><\/li>\n\n    \n\t\n\n<li >\n\t<a href='?page_no=28937'>Next<\/a>\n\t<\/li>\n\n\n    \n\n<li><a href='?page_no=30473'>Last &rsaquo;&rsaquo;<\/a><\/li>\n\n<\/ul>\n\n\n--><br \/>\n<\/body><\/p>\n","protected":false},"excerpt":{"rendered":"<p>\u00bfOtro capitalismo es posible?&#13; &#13; Las principales empresas del mundo y la ONU debaten en Ginebra sobre cambio clim\u00e1tico, pobreza y derechos humanos &#13; GINEBRA.- El capitalismo cl\u00e1sico afirma que el objetivo de las empresas es obtener el m\u00e1ximo beneficio. Hasta ahora se entend\u00eda que ese beneficio era econ\u00f3mico. \u00bfSe puede mantener esa m\u00e1xima en [&hellip;]<\/p>\n","protected":false},"author":3,"featured_media":0,"comment_status":"open","ping_status":"open","sticky":false,"template":"","format":"standard","meta":{"footnotes":""},"categories":[18],"tags":[],"class_list":["post-123056","post","type-post","status-publish","format-standard","hentry","category-economia"],"_links":{"self":[{"href":"https:\/\/diariodominicano.com\/index.php?rest_route=\/wp\/v2\/posts\/123056","targetHints":{"allow":["GET"]}}],"collection":[{"href":"https:\/\/diariodominicano.com\/index.php?rest_route=\/wp\/v2\/posts"}],"about":[{"href":"https:\/\/diariodominicano.com\/index.php?rest_route=\/wp\/v2\/types\/post"}],"author":[{"embeddable":true,"href":"https:\/\/diariodominicano.com\/index.php?rest_route=\/wp\/v2\/users\/3"}],"replies":[{"embeddable":true,"href":"https:\/\/diariodominicano.com\/index.php?rest_route=%2Fwp%2Fv2%2Fcomments&post=123056"}],"version-history":[{"count":0,"href":"https:\/\/diariodominicano.com\/index.php?rest_route=\/wp\/v2\/posts\/123056\/revisions"}],"wp:attachment":[{"href":"https:\/\/diariodominicano.com\/index.php?rest_route=%2Fwp%2Fv2%2Fmedia&parent=123056"}],"wp:term":[{"taxonomy":"category","embeddable":true,"href":"https:\/\/diariodominicano.com\/index.php?rest_route=%2Fwp%2Fv2%2Fcategories&post=123056"},{"taxonomy":"post_tag","embeddable":true,"href":"https:\/\/diariodominicano.com\/index.php?rest_route=%2Fwp%2Fv2%2Ftags&post=123056"}],"curies":[{"name":"wp","href":"https:\/\/api.w.org\/{rel}","templated":true}]}}