{"id":123046,"date":"2007-07-09T10:59:59","date_gmt":"2007-07-09T10:59:59","guid":{"rendered":"http:\/\/diariodominicano.ddns.net\/?p=123046"},"modified":"2007-07-09T10:59:59","modified_gmt":"2007-07-09T10:59:59","slug":"presidente-conep-pide-cautela","status":"publish","type":"post","link":"https:\/\/diariodominicano.com\/?p=123046","title":{"rendered":"Presidente CONEP pide cautela"},"content":{"rendered":"<p><body><\/p>\n<p align=\"justify\" class=\"titulogrande1\"><strong>Presidente CONEP pide cautela<\/strong><\/p>\n<p>&#13;<\/p>\n<p align=\"justify\" class=\"text1noticias\">SANTO DOMINGO.- El Consejo Nacional de la Empresa Privada  \u2013CONEP- sugiri\u00f3 que los fondos de pensiones no sean sometidos a contingencias  riesgosas innecesarias.<br \/>&#13;<br \/>\n  <br \/>&#13;<br \/>\n\u201cEsos fondos tienen due\u00f1os y dolientes  en virtud de lo cual los trabajadores no pueden ser sometidos a contingencias  riesgosas innecesarias, sobre todo si \u00e9stas se pueden anticipar pues hay otras  que suelen escapar a los controles, perspicacia y buen entendimiento de los  seres humanos\u201d, proclam\u00f3 Lisandro Macarrulla, presidente de la organizaci\u00f3n  empresarial.<br \/>&#13;<br \/>\n<br \/>&#13;<br \/>\nDe acuerdo a sus consideraciones, y  siempre respetando los distintos enfoques,- (seg\u00fan acotaci\u00f3n expresa) la\u00a0  eventual colocaci\u00f3n de estos fondos de pensiones en obras p\u00fablicas  concesionadas o en viviendas gestionadas, o por lo menos bajo la  responsabilidad de instituciones p\u00fablicas, deber regirse por el mismo criterio  ya expuesto. <br \/>&#13;<br \/>\n<br \/>&#13;<br \/>\nA\u00f1adi\u00f3 que si bien es cierto que en  muchos pa\u00edses los recursos de fondos de pensiones los utiliza parcialmente el  sector p\u00fablico,\u00a0 en la Rep\u00fablica Dominicana no existe todav\u00eda una  cultura apropiada, ni los mecanismos adecuados para permitir que el ahorro  previsional sea canalizado hacia ese sector.<br \/>&#13;<br \/>\n<br \/>&#13;<br \/>\n\u201c Al ser esos fondos parte del ahorro  generado por la clase trabajadora y productiva, deben ser usados  prioritariamente para fortalecer y expandir la estructura productiva en la que  se originan, porque as\u00ed puede crearse\u00a0 un c\u00edrculo virtuoso de riqueza,  ingresos y empleo en favor de las clases que hacen los aportes, trabajadores y  empresarios\u201d dijo.<br \/>&#13;<br \/>\n<br \/>&#13;<br \/>\nEl presidente del CONEP expuso sus  consideraciones, al participar en la   Mesa de Trabajo \u201c Como Acceder a los Fondos de Pensiones\u201d,  organizada por la   Superintendecia de Pensiones.<br \/>&#13;<br \/>\n<br \/>&#13;<br \/>\nEl dirigente empresarial estim\u00f3  necesario ponderar muy exhaustivamente las fronteras de Riesgo-Retorno, la  combinaci\u00f3n del retorno y riesgo de la cartera de inversiones de los fondos de  pensiones refleja: las restricciones o l\u00edmites impuestos por la regulaci\u00f3n, la  profundidad y diversidad del mercado dom\u00e9stico de capitales y las pol\u00edticas  prudentes que deben prevalecer en las AFP\u201dS.<br \/>&#13;<br \/>\n<br \/>&#13;<br \/>\n\u00bfSer\u00eda el Banco Central un destino  aconsejable para estos fondos? Se Pregunt\u00f3 Macarrulla. En ese sentido, se\u00f1al\u00f3  que aqu\u00ed se da la circunstancia de que fondos internacionales est\u00e1n acudiendo a  ese destino, con lo que parecer\u00eda una contradicci\u00f3n que los locales no lo  hicieran.<br \/>&#13;<br \/>\n<br \/>&#13;<br \/>\nHoy<\/p>\n<p>&#13;<\/p>\n<h6> 2007-07-09 10:59:59 <\/h6>\n<p><!--\n<link rel=\"stylesheet\" href=\"css\/bootstrap.min.css\">\n\n\n<ul class=\"pagination\">\n\t    \n\t\n\n<li >\n\t<a href='?page_no=28925'>Previous<\/a>\n\t<\/li>\n\n\n       \n    \n\n<li><a href='?page_no=1'>1<\/a><\/li>\n\n\n\n<li><a href='?page_no=2'>2<\/a><\/li>\n\n\n\n<li><a>...<\/a><\/li>\n\n\n\n<li><a href='?page_no=28924'>28924<\/a><\/li>\n\n\n\n<li><a href='?page_no=28925'>28925<\/a><\/li>\n\n\n\n<li class='active'><a>28926<\/a><\/li>\n\n\n\n<li><a href='?page_no=28927'>28927<\/a><\/li>\n\n\n\n<li><a href='?page_no=28928'>28928<\/a><\/li>\n\n\n\n<li><a>...<\/a><\/li>\n\n\n\n<li><a href='?page_no=30472'>30472<\/a><\/li>\n\n\n\n<li><a href='?page_no=30473'>30473<\/a><\/li>\n\n    \n\t\n\n<li >\n\t<a href='?page_no=28927'>Next<\/a>\n\t<\/li>\n\n\n    \n\n<li><a href='?page_no=30473'>Last &rsaquo;&rsaquo;<\/a><\/li>\n\n<\/ul>\n\n\n--><br \/>\n<\/body><\/p>\n","protected":false},"excerpt":{"rendered":"<p>Presidente CONEP pide cautela &#13; SANTO DOMINGO.- El Consejo Nacional de la Empresa Privada \u2013CONEP- sugiri\u00f3 que los fondos de pensiones no sean sometidos a contingencias riesgosas innecesarias.&#13; &#13; \u201cEsos fondos tienen due\u00f1os y dolientes en virtud de lo cual los trabajadores no pueden ser sometidos a contingencias riesgosas innecesarias, sobre todo si \u00e9stas se [&hellip;]<\/p>\n","protected":false},"author":3,"featured_media":0,"comment_status":"open","ping_status":"open","sticky":false,"template":"","format":"standard","meta":{"footnotes":""},"categories":[18],"tags":[],"class_list":["post-123046","post","type-post","status-publish","format-standard","hentry","category-economia"],"_links":{"self":[{"href":"https:\/\/diariodominicano.com\/index.php?rest_route=\/wp\/v2\/posts\/123046","targetHints":{"allow":["GET"]}}],"collection":[{"href":"https:\/\/diariodominicano.com\/index.php?rest_route=\/wp\/v2\/posts"}],"about":[{"href":"https:\/\/diariodominicano.com\/index.php?rest_route=\/wp\/v2\/types\/post"}],"author":[{"embeddable":true,"href":"https:\/\/diariodominicano.com\/index.php?rest_route=\/wp\/v2\/users\/3"}],"replies":[{"embeddable":true,"href":"https:\/\/diariodominicano.com\/index.php?rest_route=%2Fwp%2Fv2%2Fcomments&post=123046"}],"version-history":[{"count":0,"href":"https:\/\/diariodominicano.com\/index.php?rest_route=\/wp\/v2\/posts\/123046\/revisions"}],"wp:attachment":[{"href":"https:\/\/diariodominicano.com\/index.php?rest_route=%2Fwp%2Fv2%2Fmedia&parent=123046"}],"wp:term":[{"taxonomy":"category","embeddable":true,"href":"https:\/\/diariodominicano.com\/index.php?rest_route=%2Fwp%2Fv2%2Fcategories&post=123046"},{"taxonomy":"post_tag","embeddable":true,"href":"https:\/\/diariodominicano.com\/index.php?rest_route=%2Fwp%2Fv2%2Ftags&post=123046"}],"curies":[{"name":"wp","href":"https:\/\/api.w.org\/{rel}","templated":true}]}}