{"id":123035,"date":"2007-07-10T10:54:01","date_gmt":"2007-07-10T10:54:01","guid":{"rendered":"http:\/\/diariodominicano.ddns.net\/?p=123035"},"modified":"2007-07-10T10:54:01","modified_gmt":"2007-07-10T10:54:01","slug":"diputado-angel-acosta-acusa-a-la-direccion-de-impuestos-internos-de-crear-intranquilidad-en-los-sectores-industrial-comercio-y-las-pequenas-y-medianas-empresas","status":"publish","type":"post","link":"https:\/\/diariodominicano.com\/?p=123035","title":{"rendered":"Diputado \u00c1ngel Acosta acusa a la Direcci\u00f3n de Impuestos Internos de crear intranquilidad en los sectores industrial, comercio y las peque\u00f1as y medianas empresas"},"content":{"rendered":"<p><body><\/p>\n<p align=\"justify\" class=\"titulogrande1\"><strong>Diputado \u00c1ngel Acosta  acusa a la Direcci\u00f3n  de Impuestos Internos de crear intranquilidad en los sectores industrial,  comercio y las peque\u00f1as y medianas empresas<\/strong><\/p>\n<p>&#13;<\/p>\n<p align=\"justify\" class=\"text1noticias\"><img loading=\"lazy\" decoding=\"async\" src=\"http:\/\/localhost:8080\/economia\/pictures\/dgii.jpg\" width=\"157\" height=\"79\" hspace=\"4\" align=\"left\" \/>SANTO  DOMINGO.- El diputado \u00c1ngel Acosta Fern\u00e1ndez\u00a0  acus\u00f3 el lunes a la Direcci\u00f3n General  de Impuestos Internos de crear una gran intranquilidad en los sectores  industrial, comercio y peque\u00f1os y medianos productores con notificaciones que  afirm\u00f3 distribuye masivamente.<br \/>&#13;<br \/>\n  <br \/>&#13;<br \/>\n  A  su juicio es sintom\u00e1tico que el organismo proceda de esa manera cuando es  inminente la aprobaci\u00f3n \u00a0del proyecto de  ley que declarar\u00eda una \u00a0amnist\u00eda fiscal.<\/p>\n<p>&#13;<\/p>\n<p align=\"justify\" class=\"text1noticias\">El  diputado Acosta, del municipio Santiago, considera que es\u00a0 m\u00e1s que evidente que Impuestos Internos ha  mal interpretado el esp\u00edritu de la   Ley de Amnist\u00eda, por cuanto le advertimos que  mayoritariamente los diputados estaremos protegiendo los sectores referidos, no  obstante las notificaciones. Expres\u00f3 su opini\u00f3n en una declaraci\u00f3n que envi\u00f3 a  la redacci\u00f3n de Diario Dominicano. El contenido del documento es el siguiente:<\/p>\n<p>&#13;<\/p>\n<p align=\"justify\" class=\"text1noticias\">\u201cDurante  las \u00faltimas semanas se manifiesta en todo el pa\u00eds una gran intranquilidad en el  sector industrial, comerciante, as\u00ed como entre medianos y peque\u00f1os productores  ante la embestida de notificaciones que masivamente est\u00e1 distribuyendo  impuestos internos.<\/p>\n<p>&#13;<\/p>\n<p align=\"justify\" class=\"text1noticias\">Resulta  sintom\u00e1tico que se realice esta embestida contra los sectores productivos y los  comerciantes e industriales m\u00e1s a\u00fan ante la realidad de la eminente aprobaci\u00f3n  de la ley de amnist\u00eda fiscal que se conoce en el Congreso de la Rep\u00fablica y que hab\u00eda  sometido el Poder Ejecutivo.<\/p>\n<p>&#13;<\/p>\n<p align=\"justify\" class=\"text1noticias\">Es  m\u00e1s que evidente que Impuestos Internos ha mal interpretado el esp\u00edritu de la Ley de Amnist\u00eda, por cuanto le  advertimos que mayoritariamente los diputados estaremos protegiendo los sectores  referidos, no obstante las notificaciones.<\/p>\n<p>&#13;<\/p>\n<p align=\"justify\" class=\"text1noticias\">Si  bien no apoyamos la moratoria al cumplimiento con el pago de los tributos, bajo  ning\u00fan concepto podemos desentendernos de este atropello, m\u00e1s en un momento en  que las arcas del gobierno reflejan un gran super\u00e1vit en las recaudaciones del  primer semestre del presente a\u00f1o.<\/p>\n<p>&#13;<\/p>\n<p align=\"justify\" class=\"text1noticias\">A  este super\u00e1vit con que cuenta el gobierno se suma la contracci\u00f3n que vive el  sector comercial y la significativa reducci\u00f3n de la capacidad adquisitiva del  pueblo dominicano, es innegable que la combinaci\u00f3n de ambas manifestaciones  perjudica considerablemente a los comerciantes, quienes adem\u00e1s se ven acosados  por el alto costo de la energ\u00eda el\u00e9ctrica que a su vez amenaza con conducirlos  a una inevitable quiebra.<\/p>\n<p>&#13;<\/p>\n<p align=\"justify\" class=\"text1noticias\">Apoyamos  de forma irrestricta la aprobaci\u00f3n de la   Ley de Amnist\u00eda y demandamos del liderazgo congresual  priorizar el conocimiento del mismo a los fines de evitar el atropello de que  est\u00e1 siendo objeto el grande, mediano y peque\u00f1o comerciantes.<\/p>\n<p>&#13;<\/p>\n<p align=\"justify\" class=\"text1noticias\">Demandamos  tambi\u00e9n del gobierno y en particular de un hombre preclaro como JUAN HERN\u00c1NDEZ,  a detener esta ola innecesaria de \u00bf???, las que adem\u00e1s de intranquilizar el  sector comercial en general resultan contraproducentes en el esp\u00edritu de la ley  iniciada por el mismo poder ejecutivo.<\/p>\n<p>&#13;<\/p>\n<h6> 2007-07-10 10:54:01 <\/h6>\n<p><!--\n<link rel=\"stylesheet\" href=\"css\/bootstrap.min.css\">\n\n\n<ul class=\"pagination\">\n\t    \n\t\n\n<li >\n\t<a href='?page_no=28914'>Previous<\/a>\n\t<\/li>\n\n\n       \n    \n\n<li><a href='?page_no=1'>1<\/a><\/li>\n\n\n\n<li><a href='?page_no=2'>2<\/a><\/li>\n\n\n\n<li><a>...<\/a><\/li>\n\n\n\n<li><a href='?page_no=28913'>28913<\/a><\/li>\n\n\n\n<li><a href='?page_no=28914'>28914<\/a><\/li>\n\n\n\n<li class='active'><a>28915<\/a><\/li>\n\n\n\n<li><a href='?page_no=28916'>28916<\/a><\/li>\n\n\n\n<li><a href='?page_no=28917'>28917<\/a><\/li>\n\n\n\n<li><a>...<\/a><\/li>\n\n\n\n<li><a href='?page_no=30472'>30472<\/a><\/li>\n\n\n\n<li><a href='?page_no=30473'>30473<\/a><\/li>\n\n    \n\t\n\n<li >\n\t<a href='?page_no=28916'>Next<\/a>\n\t<\/li>\n\n\n    \n\n<li><a href='?page_no=30473'>Last &rsaquo;&rsaquo;<\/a><\/li>\n\n<\/ul>\n\n\n--><br \/>\n<\/body><\/p>\n","protected":false},"excerpt":{"rendered":"<p>Diputado \u00c1ngel Acosta acusa a la Direcci\u00f3n de Impuestos Internos de crear intranquilidad en los sectores industrial, comercio y las peque\u00f1as y medianas empresas &#13; SANTO DOMINGO.- El diputado \u00c1ngel Acosta Fern\u00e1ndez\u00a0 acus\u00f3 el lunes a la Direcci\u00f3n General de Impuestos Internos de crear una gran intranquilidad en los sectores industrial, comercio y peque\u00f1os y [&hellip;]<\/p>\n","protected":false},"author":3,"featured_media":0,"comment_status":"open","ping_status":"open","sticky":false,"template":"","format":"standard","meta":{"footnotes":""},"categories":[18],"tags":[],"class_list":["post-123035","post","type-post","status-publish","format-standard","hentry","category-economia"],"_links":{"self":[{"href":"https:\/\/diariodominicano.com\/index.php?rest_route=\/wp\/v2\/posts\/123035","targetHints":{"allow":["GET"]}}],"collection":[{"href":"https:\/\/diariodominicano.com\/index.php?rest_route=\/wp\/v2\/posts"}],"about":[{"href":"https:\/\/diariodominicano.com\/index.php?rest_route=\/wp\/v2\/types\/post"}],"author":[{"embeddable":true,"href":"https:\/\/diariodominicano.com\/index.php?rest_route=\/wp\/v2\/users\/3"}],"replies":[{"embeddable":true,"href":"https:\/\/diariodominicano.com\/index.php?rest_route=%2Fwp%2Fv2%2Fcomments&post=123035"}],"version-history":[{"count":0,"href":"https:\/\/diariodominicano.com\/index.php?rest_route=\/wp\/v2\/posts\/123035\/revisions"}],"wp:attachment":[{"href":"https:\/\/diariodominicano.com\/index.php?rest_route=%2Fwp%2Fv2%2Fmedia&parent=123035"}],"wp:term":[{"taxonomy":"category","embeddable":true,"href":"https:\/\/diariodominicano.com\/index.php?rest_route=%2Fwp%2Fv2%2Fcategories&post=123035"},{"taxonomy":"post_tag","embeddable":true,"href":"https:\/\/diariodominicano.com\/index.php?rest_route=%2Fwp%2Fv2%2Ftags&post=123035"}],"curies":[{"name":"wp","href":"https:\/\/api.w.org\/{rel}","templated":true}]}}