{"id":123033,"date":"2007-07-10T16:03:38","date_gmt":"2007-07-10T16:03:38","guid":{"rendered":"http:\/\/diariodominicano.ddns.net\/?p=123033"},"modified":"2007-07-10T16:03:38","modified_gmt":"2007-07-10T16:03:38","slug":"gobierno-instalara-24-plazas-agropecuarias","status":"publish","type":"post","link":"https:\/\/diariodominicano.com\/?p=123033","title":{"rendered":"Gobierno instalar\u00e1 24 plazas agropecuarias"},"content":{"rendered":"<p><body><\/p>\n<p class=\"titulogrande1\">Gobierno instalar\u00e1 24 plazas agropecuarias <\/p>\n<p>&#13;<\/p>\n<p align=\"justify\"><strong>Santo  Domingo.-<\/strong> <span class=\"text1noticias\">El secretario de Estado de Agricultura, Salvador Jim\u00e9nez \u2013Ch\u00edo-,  anunci\u00f3 \u00a0la instalaci\u00f3n de 24 plazas  agropecuarias en distintos sectores de la capital y en provincias, para que la  poblaci\u00f3n pueda recibir productos a bajos precios de manera permanente.<\/span><\/p>\n<p>&#13;<\/p>\n<p align=\"justify\" class=\"text1noticias\">Explic\u00f3  que esas plazas comenzar\u00e1n a funcionar a partir de hoy martes, medida que busca  reducir los precios de productos de consumo diario. Los productos fueron  adquiridos directamente por el Gobierno. <\/p>\n<p>&#13;<\/p>\n<p align=\"justify\" class=\"text1noticias\">Manifest\u00f3  que la disposici\u00f3n gubernamental, procura que el consumidor pueda adquirir los  productos de la canasta familiar a precios razonables, como es deseo del  presidente de la Rep\u00fablica,  Leonel Fern\u00e1ndez.<\/p>\n<p>&#13;<\/p>\n<p align=\"justify\" class=\"text1noticias\">En las  plazas, se vender\u00e1 arroz a 13 pesos la libra; habichuelas a 20 pesos la libra,  ajo a 30 pesos, batata a tres pesos, yuca a cuatro pesos la libra, cebolla a 14  pesos, papa a ocho pesos la libra, pl\u00e1tano a dos pesos, el racimo de guineo a  50 pesos. <br \/>&#13;<br \/>\n  <br \/>&#13;<br \/>\n  Tambi\u00e9n, el pollo congelado a 22 pesos la libra, pollo vivo a 17  pesos la libra, la libra de carne de cerdo a 35 pesos, huevos a dos pesos la  unidad, el cart\u00f3n de leche a 40 pesos y mediana a 22 pesos con 50 centavos y el  litro a 35 pesos.<br \/>&#13;<br \/>\n  \u00a0<br \/>&#13;<br \/>\n  Indic\u00f3  que igualmente, dichas plazas operar\u00e1n en las distintas regionales de la Secretar\u00eda de Estado de  Agricultura en todas las provincias del pa\u00eds.<\/p>\n<p>&#13;<\/p>\n<p align=\"justify\" class=\"text1noticias\">Afirm\u00f3  que en los actuales momentos en el pa\u00eds existe una sobreproducci\u00f3n de los  diferentes rubros alimenticios.<\/p>\n<p>&#13;<\/p>\n<p align=\"justify\" class=\"text1noticias\">Manifest\u00f3  que el gobierno con la instalaci\u00f3n de las plazas agropecuarias \u201cest\u00e1 dando  respuesta a las necesidades de la poblaci\u00f3n y evitando que los intermediarios  contin\u00faen aumentando los precios de manera exorbitante\u201d.<\/p>\n<p>&#13;<\/p>\n<p align=\"justify\" class=\"text1noticias\">El  Secretario de Agricultura Salvador Jim\u00e9nez \u2013Chio- indic\u00f3 que las plazas ser\u00e1n  ubicadas en los sectores Cristo Rey; Villa Mella, Villa Juana, Los Alcarrizos,  El Abanico de Herrera, La Pared  de Haina, Villa Duarte, Invivienda, Capotillo, 24 de Abril, Los Guaricanos,  Pedro Brand, Los Minas y Sim\u00f3n Bolivar.<\/p>\n<p>&#13;<\/p>\n<p align=\"justify\" class=\"text1noticias\">Al mismo  tiempo, el titular de Agricultura ponder\u00f3 la promulgaci\u00f3n por parte del Poder  Ejecutivo de la Ley  de Protecci\u00f3n al Consumidor, por lo que entiende que los precios deber\u00e1n  ajustarse a la realidad del mercado.<\/p>\n<p>&#13;<\/p>\n<p align=\"justify\" class=\"text1noticias\">Salvador  Jim\u00e9nez habl\u00f3 con los periodistas en conferencia de prensa en el despacho del  director de Informaci\u00f3n, Prensa y Publicidad de la Presidencia, Rafael  N\u00fa\u00f1ez.<\/p>\n<p>&#13;<\/p>\n<h6> 2007-07-10 16:03:38 <\/h6>\n<p><!--\n<link rel=\"stylesheet\" href=\"css\/bootstrap.min.css\">\n\n\n<ul class=\"pagination\">\n\t    \n\t\n\n<li >\n\t<a href='?page_no=28912'>Previous<\/a>\n\t<\/li>\n\n\n       \n    \n\n<li><a href='?page_no=1'>1<\/a><\/li>\n\n\n\n<li><a href='?page_no=2'>2<\/a><\/li>\n\n\n\n<li><a>...<\/a><\/li>\n\n\n\n<li><a href='?page_no=28911'>28911<\/a><\/li>\n\n\n\n<li><a href='?page_no=28912'>28912<\/a><\/li>\n\n\n\n<li class='active'><a>28913<\/a><\/li>\n\n\n\n<li><a href='?page_no=28914'>28914<\/a><\/li>\n\n\n\n<li><a href='?page_no=28915'>28915<\/a><\/li>\n\n\n\n<li><a>...<\/a><\/li>\n\n\n\n<li><a href='?page_no=30472'>30472<\/a><\/li>\n\n\n\n<li><a href='?page_no=30473'>30473<\/a><\/li>\n\n    \n\t\n\n<li >\n\t<a href='?page_no=28914'>Next<\/a>\n\t<\/li>\n\n\n    \n\n<li><a href='?page_no=30473'>Last &rsaquo;&rsaquo;<\/a><\/li>\n\n<\/ul>\n\n\n--><br \/>\n<\/body><\/p>\n","protected":false},"excerpt":{"rendered":"<p>Gobierno instalar\u00e1 24 plazas agropecuarias &#13; Santo Domingo.- El secretario de Estado de Agricultura, Salvador Jim\u00e9nez \u2013Ch\u00edo-, anunci\u00f3 \u00a0la instalaci\u00f3n de 24 plazas agropecuarias en distintos sectores de la capital y en provincias, para que la poblaci\u00f3n pueda recibir productos a bajos precios de manera permanente. &#13; Explic\u00f3 que esas plazas comenzar\u00e1n a funcionar a [&hellip;]<\/p>\n","protected":false},"author":3,"featured_media":0,"comment_status":"open","ping_status":"open","sticky":false,"template":"","format":"standard","meta":{"footnotes":""},"categories":[18],"tags":[],"class_list":["post-123033","post","type-post","status-publish","format-standard","hentry","category-economia"],"_links":{"self":[{"href":"https:\/\/diariodominicano.com\/index.php?rest_route=\/wp\/v2\/posts\/123033","targetHints":{"allow":["GET"]}}],"collection":[{"href":"https:\/\/diariodominicano.com\/index.php?rest_route=\/wp\/v2\/posts"}],"about":[{"href":"https:\/\/diariodominicano.com\/index.php?rest_route=\/wp\/v2\/types\/post"}],"author":[{"embeddable":true,"href":"https:\/\/diariodominicano.com\/index.php?rest_route=\/wp\/v2\/users\/3"}],"replies":[{"embeddable":true,"href":"https:\/\/diariodominicano.com\/index.php?rest_route=%2Fwp%2Fv2%2Fcomments&post=123033"}],"version-history":[{"count":0,"href":"https:\/\/diariodominicano.com\/index.php?rest_route=\/wp\/v2\/posts\/123033\/revisions"}],"wp:attachment":[{"href":"https:\/\/diariodominicano.com\/index.php?rest_route=%2Fwp%2Fv2%2Fmedia&parent=123033"}],"wp:term":[{"taxonomy":"category","embeddable":true,"href":"https:\/\/diariodominicano.com\/index.php?rest_route=%2Fwp%2Fv2%2Fcategories&post=123033"},{"taxonomy":"post_tag","embeddable":true,"href":"https:\/\/diariodominicano.com\/index.php?rest_route=%2Fwp%2Fv2%2Ftags&post=123033"}],"curies":[{"name":"wp","href":"https:\/\/api.w.org\/{rel}","templated":true}]}}