{"id":123032,"date":"2007-07-10T16:05:32","date_gmt":"2007-07-10T16:05:32","guid":{"rendered":"http:\/\/diariodominicano.ddns.net\/?p=123032"},"modified":"2007-07-10T16:05:32","modified_gmt":"2007-07-10T16:05:32","slug":"cuba-y-rd-buscan-tratado-de-libre-comercio","status":"publish","type":"post","link":"https:\/\/diariodominicano.com\/?p=123032","title":{"rendered":"Cuba y RD buscan tratado de libre comercio"},"content":{"rendered":"<p><body><\/p>\n<p class=\"titulogrande1\">Cuba  y RD buscan tratado de libre comercio<\/p>\n<p>&#13;<\/p>\n<p align=\"justify\"><strong>SANTO DOMINGO.- <\/strong><span class=\"text1noticias\">Rep\u00fablica Dominicana y  Cuba iniciaron ayer las negociaciones para el establecimiento de un acuerdo de  libre comercio, debido al auge que ha adquirido el comercio entre ambas  naciones, inform\u00f3 ayer\u00a0 Bertha Verdura, encargada de negocios de la  embajada de la hermana naci\u00f3n caribe\u00f1a, en la apertura de la Primera Misi\u00f3n  Comercial de la isla en el pa\u00eds.<br \/>&#13;<br \/>\n  <br \/>&#13;<br \/>\n  La funcionaria dijo que el auge del  comercio entre los dos pa\u00edses es tal que\u00a0 s\u00f3lo en el primer trimestre de  este a\u00f1o creci\u00f3 en un 32 por ciento, lo que justifica el inicio de esas  negociaciones, as\u00ed\u00a0 como la presencia de la misi\u00f3n comercial.<br \/>&#13;<br \/>\n  <br \/>&#13;<br \/>\n  En la misi\u00f3n comercial participan 36  empresas cubanas importadoras y exportadoras de bienes y servicios, que incluyen  cinco centros hospitalarios y tres centros de investigaci\u00f3n y producci\u00f3n de  medicamentos.<br \/>&#13;<br \/>\n  <br \/>&#13;<br \/>\n  En la apertura del encuentro, en el  hotel Dominican Fiesta, Verdura destac\u00f3 que las relaciones comerciales y  diplom\u00e1ticas entre ambos pa\u00edses son excelentes.<br \/>&#13;<br \/>\n  <br \/>&#13;<br \/>\n  Se\u00f1al\u00f3 como una muestra el Festival del  Caribe, que se celebra en las ciudades cubanas de Santiago y Guant\u00e1namo, que  est\u00e1 dedicado a la   Rep\u00fablica Dominicana.<br \/>&#13;<br \/>\n  <br \/>&#13;<br \/>\n  Dijo que otra muestra del alto nivel de  las relaciones es que hay 500 dominicanos estudiando en centros educativos  cubanos, de los cuales 50 se graduar\u00e1n en los pr\u00f3ximos d\u00edas, 40 de ellos en  medicina.<br \/>&#13;<br \/>\n  <br \/>&#13;<br \/>\n  Expres\u00f3 que la misi\u00f3n comercial es una  muestra de que las relaciones comerciales Sur-Sur tienen v\u00edas peque\u00f1as que  pueden ser aprovechadas por los pa\u00edses peque\u00f1os para ampliar sus relaciones.<br \/>&#13;<br \/>\n  <br \/>&#13;<br \/>\n  Record\u00f3 que Cuba\u00a0 tiene la  presidencia del Movimiento de los Pa\u00edses No Alineados que realizar\u00e1 en  noviembre el Segundo Foro de Negocios NOAL, en La Habana, con los mismos  objetivos.<br \/>&#13;<br \/>\n  <br \/>&#13;<br \/>\n  En tanto que Onofre Rojas, Ordenador Nacional  de los Fondos Europeos de Desarrollo, destac\u00f3 las excelentes relaciones  hist\u00f3ricas desarrolladas por ambos pa\u00edses, que han tenido su expresi\u00f3n  mayor en la participaci\u00f3n del general\u00edsimo M\u00e1ximo G\u00f3mez en la lucha por la  independencia de Cuba.<br \/>&#13;<br \/>\n  <br \/>&#13;<br \/>\n  El funcionario dese\u00f3 \u00e9xitos en la ronda  de negocios iniciada ayer, en nombre del Gobierno dominicano.<br \/>&#13;<br \/>\n  <br \/>&#13;<br \/>\n  La primera actividad de la misi\u00f3n fue la  ponencia \u00abC\u00f3mo hacer negocios con Cuba\u00bb, a cargo de\u00a0 Carmen  Rodr\u00edguez, de la C\u00e1mara  de\u00a0 Comercio de la   Rep\u00fablica de Cuba.<br \/>&#13;<br \/>\n  <br \/>&#13;<br \/>\n  Para el d\u00eda de hoy est\u00e1 prevista una  exposici\u00f3n sobre productos y servicios cubanos en el sector de la salud,  mientras que para ma\u00f1ana mi\u00e9rcoles en la sede de la embajada de Cuba, siete  instituciones har\u00e1n una rueda de prensa para exponer las facilidades comerciales  que ofrecen\u00a0 en materia de servicios y equipamiento.<br \/>&#13;<br \/>\n  <br \/>&#13;<br \/>\n  Estos son el Centro de Investigaci\u00f3n y  Restauraci\u00f3n Neurol\u00f3gica, Centro de Salud Mental, Centro de Investigaci\u00f3n  M\u00e9dico Quir\u00fargicas, Complejo Cient\u00edfico Ortop\u00e9dico Frank Pa\u00eds, Centro Internacional  de Retinosis Pigmentaria, Centro de Histoterapia Placentaria y Cubanacan  Turismo y Salud.<br \/>&#13;<br \/>\n  <br \/>&#13;<br \/>\nHoy<\/span><\/p>\n<p>&#13;<\/p>\n<h6> 2007-07-10 16:05:32 <\/h6>\n<p><!--\n<link rel=\"stylesheet\" href=\"css\/bootstrap.min.css\">\n\n\n<ul class=\"pagination\">\n\t    \n\t\n\n<li >\n\t<a href='?page_no=28911'>Previous<\/a>\n\t<\/li>\n\n\n       \n    \n\n<li><a href='?page_no=1'>1<\/a><\/li>\n\n\n\n<li><a href='?page_no=2'>2<\/a><\/li>\n\n\n\n<li><a>...<\/a><\/li>\n\n\n\n<li><a href='?page_no=28910'>28910<\/a><\/li>\n\n\n\n<li><a href='?page_no=28911'>28911<\/a><\/li>\n\n\n\n<li class='active'><a>28912<\/a><\/li>\n\n\n\n<li><a href='?page_no=28913'>28913<\/a><\/li>\n\n\n\n<li><a href='?page_no=28914'>28914<\/a><\/li>\n\n\n\n<li><a>...<\/a><\/li>\n\n\n\n<li><a href='?page_no=30472'>30472<\/a><\/li>\n\n\n\n<li><a href='?page_no=30473'>30473<\/a><\/li>\n\n    \n\t\n\n<li >\n\t<a href='?page_no=28913'>Next<\/a>\n\t<\/li>\n\n\n    \n\n<li><a href='?page_no=30473'>Last &rsaquo;&rsaquo;<\/a><\/li>\n\n<\/ul>\n\n\n--><br \/>\n<\/body><\/p>\n","protected":false},"excerpt":{"rendered":"<p>Cuba y RD buscan tratado de libre comercio &#13; SANTO DOMINGO.- Rep\u00fablica Dominicana y Cuba iniciaron ayer las negociaciones para el establecimiento de un acuerdo de libre comercio, debido al auge que ha adquirido el comercio entre ambas naciones, inform\u00f3 ayer\u00a0 Bertha Verdura, encargada de negocios de la embajada de la hermana naci\u00f3n caribe\u00f1a, en [&hellip;]<\/p>\n","protected":false},"author":3,"featured_media":0,"comment_status":"open","ping_status":"open","sticky":false,"template":"","format":"standard","meta":{"footnotes":""},"categories":[18],"tags":[],"class_list":["post-123032","post","type-post","status-publish","format-standard","hentry","category-economia"],"_links":{"self":[{"href":"https:\/\/diariodominicano.com\/index.php?rest_route=\/wp\/v2\/posts\/123032","targetHints":{"allow":["GET"]}}],"collection":[{"href":"https:\/\/diariodominicano.com\/index.php?rest_route=\/wp\/v2\/posts"}],"about":[{"href":"https:\/\/diariodominicano.com\/index.php?rest_route=\/wp\/v2\/types\/post"}],"author":[{"embeddable":true,"href":"https:\/\/diariodominicano.com\/index.php?rest_route=\/wp\/v2\/users\/3"}],"replies":[{"embeddable":true,"href":"https:\/\/diariodominicano.com\/index.php?rest_route=%2Fwp%2Fv2%2Fcomments&post=123032"}],"version-history":[{"count":0,"href":"https:\/\/diariodominicano.com\/index.php?rest_route=\/wp\/v2\/posts\/123032\/revisions"}],"wp:attachment":[{"href":"https:\/\/diariodominicano.com\/index.php?rest_route=%2Fwp%2Fv2%2Fmedia&parent=123032"}],"wp:term":[{"taxonomy":"category","embeddable":true,"href":"https:\/\/diariodominicano.com\/index.php?rest_route=%2Fwp%2Fv2%2Fcategories&post=123032"},{"taxonomy":"post_tag","embeddable":true,"href":"https:\/\/diariodominicano.com\/index.php?rest_route=%2Fwp%2Fv2%2Ftags&post=123032"}],"curies":[{"name":"wp","href":"https:\/\/api.w.org\/{rel}","templated":true}]}}