{"id":123031,"date":"2007-07-10T16:07:23","date_gmt":"2007-07-10T16:07:23","guid":{"rendered":"http:\/\/diariodominicano.ddns.net\/?p=123031"},"modified":"2007-07-10T16:07:23","modified_gmt":"2007-07-10T16:07:23","slug":"destaca-rd-tiene-el-doble-de-la-tasa-de-desempleo-de-la-media-de-america-latina-y-el-caribe","status":"publish","type":"post","link":"https:\/\/diariodominicano.com\/?p=123031","title":{"rendered":"Destaca RD tiene el doble de la tasa de desempleo de la media de Am\u00e9rica Latina y el Caribe"},"content":{"rendered":"<p><body><\/p>\n<p align=\"justify\" class=\"titulogrande1\">Destaca  RD tiene el doble de la tasa de desempleo de la media de Am\u00e9rica Latina y el  Caribe<\/p>\n<p>&#13;<\/p>\n<p align=\"justify\"><strong>SANTO DOMINGO.-<\/strong> <span class=\"text1noticias\">La tasa de desempleo de la Rep\u00fablica Dominicana  es de un 16.2%, el doble de la media de Am\u00e9rica Latina y el Caribe (8.1%),  hecho\u00a0 que indica que el impacto del crecimiento econ\u00f3mico del pa\u00eds es  poco alentador cuando se habla del mercado laboral, seg\u00fan reconoci\u00f3 ayer en el  marco de un curso taller el secretario de Econom\u00eda, Planificaci\u00f3n y Desarrollo,  Juan Tem\u00edstocles Mont\u00e1s.<br \/>&#13;<br \/>\n  <br \/>&#13;<br \/>\n  Tras expresar que este es uno de los  principales escollos que hay\u00a0 que superar para alcanzar el desarrollo y un  crecimiento econ\u00f3mico de calidad, Mont\u00e1s se\u00f1al\u00f3 que debe existir un verdadero  Estado de Derecho.<br \/>&#13;<br \/>\n  <br \/>&#13;<br \/>\n\u201cSi no hemos logrado mayores \u00e9xitos en  las reformas que hemos ido implementando desde los a\u00f1os 90 es porque todav\u00eda en  la Rep\u00fablica   Dominicana todav\u00eda no tenemos un verdadero Estado de  Derecho\u201d, dijo Mont\u00e1s en el VI Curso Nacional de Efectividad en el Desarrollo y  Gesti\u00f3n para Resultados\u201d, auspiciado por el Banco Interamericano de Desarrollo  (BID).<br \/>&#13;<br \/>\n<br \/>&#13;<br \/>\nOtras \u00e1reas de vital importancia, a su  juicio, son las de aumentar el gasto social, mejorar la calidad y el nivel  educativo, controlar y enfrentar la corrupci\u00f3n, mejorar la rendici\u00f3n de  cuentas, crear condiciones favorables al acceso al cr\u00e9dito, garantizar la  estabilidad pol\u00edtica y fortalecer la institucionalidad, es decir, los partidos  pol\u00edticos, el Congreso Nacional, los ayuntamientos, el Poder Ejecutivo y el  Poder Judicial.<br \/>&#13;<br \/>\n<br \/>&#13;<br \/>\nAunque sostiene que la econom\u00eda del pa\u00eds  ha crecido de manera que tal que se han reducido apreciablemente la pobreza y  la indigencia, Mont\u00e1s advirti\u00f3 que ese crecimiento no se ha traducido en  prosperidad generalizada.<br \/>&#13;<br \/>\n<br \/>&#13;<br \/>\nSe\u00f1al\u00f3 que\u00a0 la Rep\u00fablica Dominicana  a\u00fan est\u00e1 lejos de alcanzar los Objetivos del Mileno y cuenta con unos niveles  de desigualdad social tan altos que el 20% de las familias m\u00e1s ricas del pa\u00eds  reciben 14 veces m\u00e1s ingresos que el 20% de las familias m\u00e1s pobres.<br \/>&#13;<br \/>\n<br \/>&#13;<br \/>\nPara mejorar esta situaci\u00f3n, dijo  Mont\u00e1s, se deben invertir m\u00e1s recursos en el gasto social \u2013el del 2006 fue de  un 9.2% del Producto Interno Bruto (PIB), mientras que en el resto de la regi\u00f3n  fue de un 14.5%-.\u00a0 <br \/>&#13;<br \/>\n<br \/>&#13;<br \/>\nPor otro lado, manifest\u00f3 que se deben  impulsar pol\u00edticas p\u00fablicas de cohesi\u00f3n social que reduzcan la tasa de  desempleo a nivel de un d\u00edgito, as\u00ed como generar empleos de calidad. <br \/>&#13;<br \/>\n<br \/>&#13;<br \/>\nEn cuanto al tipo de agenda que el pa\u00eds  necesita, Mont\u00e1s destac\u00f3 que deben generarse pol\u00edticas macroecon\u00f3micas que  minimicen la volatilidad del crecimiento. <br \/>&#13;<br \/>\n<br \/>&#13;<br \/>\nIndic\u00f3 que para ello, se debe contar con  un tipo de cambio competitivo y con bajos niveles de inflaci\u00f3n y tasas de  inter\u00e9s, en cuanto a lo monetario; un super\u00e1vit fiscal y unos impuestos que no  afecten la competitividad, en lo fiscal; un mayor valor agregado y una mayor  inserci\u00f3n\u00a0 internacional, en lo comercial; y, en cuanto a la pol\u00edtica de  ingresos, reducir la informalidad laboral y las brechas sociales.<br \/>&#13;<br \/>\n<br \/>&#13;<br \/>\nAdem\u00e1s, precis\u00f3 Mont\u00e1s, hay que tener  bancos centrales independientes y con sus metas de inflaci\u00f3n; reglas fiscales  claras y austeras; flexibilidad cambiaria, estricta regulaci\u00f3n bancaria y  prudencia en el endeudamiento de corto plazo y en moneda extranjera.<br \/>&#13;<br \/>\n<br \/>&#13;<br \/>\nHoy<\/span><\/p>\n<p>&#13;<\/p>\n<h6> 2007-07-10 16:07:23 <\/h6>\n<p><!--\n<link rel=\"stylesheet\" href=\"css\/bootstrap.min.css\">\n\n\n<ul class=\"pagination\">\n\t    \n\t\n\n<li >\n\t<a href='?page_no=28910'>Previous<\/a>\n\t<\/li>\n\n\n       \n    \n\n<li><a href='?page_no=1'>1<\/a><\/li>\n\n\n\n<li><a href='?page_no=2'>2<\/a><\/li>\n\n\n\n<li><a>...<\/a><\/li>\n\n\n\n<li><a href='?page_no=28909'>28909<\/a><\/li>\n\n\n\n<li><a href='?page_no=28910'>28910<\/a><\/li>\n\n\n\n<li class='active'><a>28911<\/a><\/li>\n\n\n\n<li><a href='?page_no=28912'>28912<\/a><\/li>\n\n\n\n<li><a href='?page_no=28913'>28913<\/a><\/li>\n\n\n\n<li><a>...<\/a><\/li>\n\n\n\n<li><a href='?page_no=30472'>30472<\/a><\/li>\n\n\n\n<li><a href='?page_no=30473'>30473<\/a><\/li>\n\n    \n\t\n\n<li >\n\t<a href='?page_no=28912'>Next<\/a>\n\t<\/li>\n\n\n    \n\n<li><a href='?page_no=30473'>Last &rsaquo;&rsaquo;<\/a><\/li>\n\n<\/ul>\n\n\n--><br \/>\n<\/body><\/p>\n","protected":false},"excerpt":{"rendered":"<p>Destaca RD tiene el doble de la tasa de desempleo de la media de Am\u00e9rica Latina y el Caribe &#13; SANTO DOMINGO.- La tasa de desempleo de la Rep\u00fablica Dominicana es de un 16.2%, el doble de la media de Am\u00e9rica Latina y el Caribe (8.1%), hecho\u00a0 que indica que el impacto del crecimiento econ\u00f3mico [&hellip;]<\/p>\n","protected":false},"author":3,"featured_media":0,"comment_status":"open","ping_status":"open","sticky":false,"template":"","format":"standard","meta":{"footnotes":""},"categories":[18],"tags":[],"class_list":["post-123031","post","type-post","status-publish","format-standard","hentry","category-economia"],"_links":{"self":[{"href":"https:\/\/diariodominicano.com\/index.php?rest_route=\/wp\/v2\/posts\/123031","targetHints":{"allow":["GET"]}}],"collection":[{"href":"https:\/\/diariodominicano.com\/index.php?rest_route=\/wp\/v2\/posts"}],"about":[{"href":"https:\/\/diariodominicano.com\/index.php?rest_route=\/wp\/v2\/types\/post"}],"author":[{"embeddable":true,"href":"https:\/\/diariodominicano.com\/index.php?rest_route=\/wp\/v2\/users\/3"}],"replies":[{"embeddable":true,"href":"https:\/\/diariodominicano.com\/index.php?rest_route=%2Fwp%2Fv2%2Fcomments&post=123031"}],"version-history":[{"count":0,"href":"https:\/\/diariodominicano.com\/index.php?rest_route=\/wp\/v2\/posts\/123031\/revisions"}],"wp:attachment":[{"href":"https:\/\/diariodominicano.com\/index.php?rest_route=%2Fwp%2Fv2%2Fmedia&parent=123031"}],"wp:term":[{"taxonomy":"category","embeddable":true,"href":"https:\/\/diariodominicano.com\/index.php?rest_route=%2Fwp%2Fv2%2Fcategories&post=123031"},{"taxonomy":"post_tag","embeddable":true,"href":"https:\/\/diariodominicano.com\/index.php?rest_route=%2Fwp%2Fv2%2Ftags&post=123031"}],"curies":[{"name":"wp","href":"https:\/\/api.w.org\/{rel}","templated":true}]}}