{"id":123030,"date":"2007-07-10T16:08:56","date_gmt":"2007-07-10T16:08:56","guid":{"rendered":"http:\/\/diariodominicano.ddns.net\/?p=123030"},"modified":"2007-07-10T16:08:56","modified_gmt":"2007-07-10T16:08:56","slug":"canciller-morales-troncoso-almuerza-con-embajadores-caribenos-ante-la-union-europea","status":"publish","type":"post","link":"https:\/\/diariodominicano.com\/?p=123030","title":{"rendered":"Canciller Morales Troncoso almuerza con Embajadores Caribe\u00f1os ante la Uni\u00f3n Europea"},"content":{"rendered":"<p><body><\/p>\n<p align=\"justify\"><span class=\"titulogrande1\"><strong>Canciller Morales Troncoso  almuerza con Embajadores Caribe\u00f1os ante la Uni\u00f3n Europea <\/strong> <br \/>&#13;<br \/>\n  <\/span><br \/>&#13;<br \/>\n  <span class=\"text1noticias\">Este mes los pa\u00edses del Caribe aceleran  el paso en la recta final hacia un acuerdo con la Uni\u00f3n Europea. Los  premios: libre comercio para todas las mercanc\u00edas, incluyendo el az\u00facar y el  banano; Eliminaci\u00f3n de los subsidios de exportaci\u00f3n europeos para productos  sensibles como la leche; Apertura para la mayor\u00eda de los servicios e  inversiones que el Caribe exporte o desee exportar hacia Europa, y Compromisos vinculantes  de financiamiento europeo para el ajuste estructural y la competitividad de los  sectores productivos caribe\u00f1os. <br \/>&#13;<br \/>\n  <br \/>&#13;<br \/>\n  Los precios: consolidar la integraci\u00f3n regional en el Caribe, culminando  eventualmente en una uni\u00f3n aduanera. Liberalizar gradualmente las importaciones  caribe\u00f1as de bienes y servicios, as\u00ed como los flujos de inversiones  provenientes de Europa. Y abrir las econom\u00edas caribe\u00f1as a las compras  gubernamentales. <br \/>&#13;<br \/>\n  <br \/>&#13;<br \/>\n  Tres rondas de negociaci\u00f3n han sido pautadas para julio y septiembre del 2007,  a fin de inicializar el acuerdo a principios de octubre y firmarlo  definitivamente en diciembre. El Canciller dominicano, Carlos Morales Troncoso,  reiter\u00f3 el firme compromiso dominicano con este proceso por la apertura real y  tangible que la Uni\u00f3n Europea ya ha ofrecido y por acompa\u00f1arla de una genuina  orientaci\u00f3n de desarrollo, ausente en cualquier otro tratado de libre comercio  negociado en la regi\u00f3n. <br \/>&#13;<br \/>\n  <br \/>&#13;<br \/>\n  Los embajadores del Caribe, en almuerzo convocado por el Coordinador del  Cariforo en Bruselas, el Embajador dominicano Federico Cuello Camilo,  reafirmaron por su parte el inter\u00e9s de sus pa\u00edses por concluir a tiempo y por  cumplir las instrucciones de sus Jefes de Estado y de Gobierno de resolver las  cuestiones pendientes dentro del tiempo previsto. <br \/>&#13;<br \/>\n  <br \/>&#13;<br \/>\nLa Maquinaria Regional de Negociaciones del Caribe estuvo representada por su  delegado en Bruselas, Junior Lodge, quien abund\u00f3 en varias intervenciones sobre  las importantes decisiones pol\u00edticas adoptadas por los Jefes de Estado y de  Gobierno de la CARICOM a fin de permitir la conclusi\u00f3n a tiempo del proceso. <\/span><\/p>\n<p>&#13;<\/p>\n<h6> 2007-07-10 16:08:56 <\/h6>\n<p><!--\n<link rel=\"stylesheet\" href=\"css\/bootstrap.min.css\">\n\n\n<ul class=\"pagination\">\n\t    \n\t\n\n<li >\n\t<a href='?page_no=28909'>Previous<\/a>\n\t<\/li>\n\n\n       \n    \n\n<li><a href='?page_no=1'>1<\/a><\/li>\n\n\n\n<li><a href='?page_no=2'>2<\/a><\/li>\n\n\n\n<li><a>...<\/a><\/li>\n\n\n\n<li><a href='?page_no=28908'>28908<\/a><\/li>\n\n\n\n<li><a href='?page_no=28909'>28909<\/a><\/li>\n\n\n\n<li class='active'><a>28910<\/a><\/li>\n\n\n\n<li><a href='?page_no=28911'>28911<\/a><\/li>\n\n\n\n<li><a href='?page_no=28912'>28912<\/a><\/li>\n\n\n\n<li><a>...<\/a><\/li>\n\n\n\n<li><a href='?page_no=30472'>30472<\/a><\/li>\n\n\n\n<li><a href='?page_no=30473'>30473<\/a><\/li>\n\n    \n\t\n\n<li >\n\t<a href='?page_no=28911'>Next<\/a>\n\t<\/li>\n\n\n    \n\n<li><a href='?page_no=30473'>Last &rsaquo;&rsaquo;<\/a><\/li>\n\n<\/ul>\n\n\n--><br \/>\n<\/body><\/p>\n","protected":false},"excerpt":{"rendered":"<p>Canciller Morales Troncoso almuerza con Embajadores Caribe\u00f1os ante la Uni\u00f3n Europea &#13; &#13; Este mes los pa\u00edses del Caribe aceleran el paso en la recta final hacia un acuerdo con la Uni\u00f3n Europea. Los premios: libre comercio para todas las mercanc\u00edas, incluyendo el az\u00facar y el banano; Eliminaci\u00f3n de los subsidios de exportaci\u00f3n europeos para [&hellip;]<\/p>\n","protected":false},"author":3,"featured_media":0,"comment_status":"open","ping_status":"open","sticky":false,"template":"","format":"standard","meta":{"footnotes":""},"categories":[18],"tags":[],"class_list":["post-123030","post","type-post","status-publish","format-standard","hentry","category-economia"],"_links":{"self":[{"href":"https:\/\/diariodominicano.com\/index.php?rest_route=\/wp\/v2\/posts\/123030","targetHints":{"allow":["GET"]}}],"collection":[{"href":"https:\/\/diariodominicano.com\/index.php?rest_route=\/wp\/v2\/posts"}],"about":[{"href":"https:\/\/diariodominicano.com\/index.php?rest_route=\/wp\/v2\/types\/post"}],"author":[{"embeddable":true,"href":"https:\/\/diariodominicano.com\/index.php?rest_route=\/wp\/v2\/users\/3"}],"replies":[{"embeddable":true,"href":"https:\/\/diariodominicano.com\/index.php?rest_route=%2Fwp%2Fv2%2Fcomments&post=123030"}],"version-history":[{"count":0,"href":"https:\/\/diariodominicano.com\/index.php?rest_route=\/wp\/v2\/posts\/123030\/revisions"}],"wp:attachment":[{"href":"https:\/\/diariodominicano.com\/index.php?rest_route=%2Fwp%2Fv2%2Fmedia&parent=123030"}],"wp:term":[{"taxonomy":"category","embeddable":true,"href":"https:\/\/diariodominicano.com\/index.php?rest_route=%2Fwp%2Fv2%2Fcategories&post=123030"},{"taxonomy":"post_tag","embeddable":true,"href":"https:\/\/diariodominicano.com\/index.php?rest_route=%2Fwp%2Fv2%2Ftags&post=123030"}],"curies":[{"name":"wp","href":"https:\/\/api.w.org\/{rel}","templated":true}]}}