{"id":123028,"date":"2007-07-10T16:18:57","date_gmt":"2007-07-10T16:18:57","guid":{"rendered":"http:\/\/diariodominicano.ddns.net\/?p=123028"},"modified":"2007-07-10T16:18:57","modified_gmt":"2007-07-10T16:18:57","slug":"invita-la-embajada-de-cuba","status":"publish","type":"post","link":"https:\/\/diariodominicano.com\/?p=123028","title":{"rendered":"Invita la Embajada de Cuba"},"content":{"rendered":"<p><body><\/p>\n<p class=\"titulogrande1\"><strong><em>Invita la Embajada  de Cuba<\/em><\/strong><\/p>\n<p>&#13;<\/p>\n<p align=\"justify\" class=\"text1noticias\">La Embajada de Cuba tiene  el honor de invitarle el <strong>mi\u00e9rcoles 11 de  julio<\/strong>, a las <strong>10:00 a.m.<\/strong>, a la <strong>conferencia de prensa <\/strong>a cargo de los  representantes de siete centros de salud cubanos que expondr\u00e1n las facilidades  comerciales que ofrecen en materia de servicios y equipamiento.<br \/>&#13;<br \/>\n  <br \/>&#13;<br \/>\n  La conferencia de prensa tendr\u00e1 lugar en el <strong>Centro de Convenciones del Hotel Dominican Fiesta<\/strong>.<br \/>&#13;<br \/>\n  <br \/>&#13;<br \/>\n  Estos centros de investigaci\u00f3n y producci\u00f3n de medicamentos participan  en la 1ra. Misi\u00f3n Comercial con muestras expositivas de Cuba en Rep\u00fablica  Dominicana, que se desarrollar\u00e1 en esta capital del 9 al 13 de julio, a partir  del inter\u00e9s que han cobrado los servicios cubanos de salud en el pa\u00eds. Ellos  son:<\/p>\n<p>&#13;<\/p>\n<div align=\"justify\">&#13;<\/p>\n<ol>&#13;<\/p>\n<li class=\"text1noticias\">Centro de Investigaci\u00f3n y Restauraci\u00f3n Neurol\u00f3gica  (CIREN)<\/li>\n<p>&#13;<\/p>\n<li class=\"text1noticias\">Centro de Salud Mental (CENSAM)<\/li>\n<p>&#13;<\/p>\n<li class=\"text1noticias\">Centro de Investigaciones M\u00e9dico Quir\u00fargicas  (CIMEQ)<\/li>\n<p>&#13;<\/p>\n<li class=\"text1noticias\">Complejo Cient\u00edfico Ortop\u00e9dico \u201cFrank Pa\u00eds\u201d<\/li>\n<p>&#13;<\/p>\n<li class=\"text1noticias\">Centro Internacional de\u00a0 Retinosis Pigmentaria<\/li>\n<p>&#13;<\/p>\n<li class=\"text1noticias\">Centro de Histoterapia Placentaria<\/li>\n<p>&#13;<\/p>\n<li class=\"text1noticias\">Cubanac\u00e1n Turismo y Salud<\/li>\n<p>&#13;\n  <\/ol>\n<p>&#13;\n<\/p><\/div>\n<p>&#13;<\/p>\n<p align=\"justify\" class=\"text1noticias\">Deseamos incluyan esta actividad en la agenda de su medio, as\u00ed como  contar con su presencia. Rogamos nos confirmen su asistencia a trav\u00e9s del  tel\u00e9fono 809 537-2113, fax 809 537-9829, o la direcci\u00f3n electr\u00f3nica soniahcam@gmail.com. <br \/>&#13;<br \/>\n  <br \/>&#13;<br \/>\n  Aprovechamos la ocasi\u00f3n para transmitirles nuestro m\u00e1s afectuoso saludo. <\/p>\n<p>&#13;<\/p>\n<h6> 2007-07-10 16:18:57 <\/h6>\n<p><!--\n<link rel=\"stylesheet\" href=\"css\/bootstrap.min.css\">\n\n\n<ul class=\"pagination\">\n\t    \n\t\n\n<li >\n\t<a href='?page_no=28907'>Previous<\/a>\n\t<\/li>\n\n\n       \n    \n\n<li><a href='?page_no=1'>1<\/a><\/li>\n\n\n\n<li><a href='?page_no=2'>2<\/a><\/li>\n\n\n\n<li><a>...<\/a><\/li>\n\n\n\n<li><a href='?page_no=28906'>28906<\/a><\/li>\n\n\n\n<li><a href='?page_no=28907'>28907<\/a><\/li>\n\n\n\n<li class='active'><a>28908<\/a><\/li>\n\n\n\n<li><a href='?page_no=28909'>28909<\/a><\/li>\n\n\n\n<li><a href='?page_no=28910'>28910<\/a><\/li>\n\n\n\n<li><a>...<\/a><\/li>\n\n\n\n<li><a href='?page_no=30472'>30472<\/a><\/li>\n\n\n\n<li><a href='?page_no=30473'>30473<\/a><\/li>\n\n    \n\t\n\n<li >\n\t<a href='?page_no=28909'>Next<\/a>\n\t<\/li>\n\n\n    \n\n<li><a href='?page_no=30473'>Last &rsaquo;&rsaquo;<\/a><\/li>\n\n<\/ul>\n\n\n--><br \/>\n<\/body><\/p>\n","protected":false},"excerpt":{"rendered":"<p>Invita la Embajada de Cuba &#13; La Embajada de Cuba tiene el honor de invitarle el mi\u00e9rcoles 11 de julio, a las 10:00 a.m., a la conferencia de prensa a cargo de los representantes de siete centros de salud cubanos que expondr\u00e1n las facilidades comerciales que ofrecen en materia de servicios y equipamiento.&#13; &#13; La [&hellip;]<\/p>\n","protected":false},"author":3,"featured_media":0,"comment_status":"open","ping_status":"open","sticky":false,"template":"","format":"standard","meta":{"footnotes":""},"categories":[18],"tags":[],"class_list":["post-123028","post","type-post","status-publish","format-standard","hentry","category-economia"],"_links":{"self":[{"href":"https:\/\/diariodominicano.com\/index.php?rest_route=\/wp\/v2\/posts\/123028","targetHints":{"allow":["GET"]}}],"collection":[{"href":"https:\/\/diariodominicano.com\/index.php?rest_route=\/wp\/v2\/posts"}],"about":[{"href":"https:\/\/diariodominicano.com\/index.php?rest_route=\/wp\/v2\/types\/post"}],"author":[{"embeddable":true,"href":"https:\/\/diariodominicano.com\/index.php?rest_route=\/wp\/v2\/users\/3"}],"replies":[{"embeddable":true,"href":"https:\/\/diariodominicano.com\/index.php?rest_route=%2Fwp%2Fv2%2Fcomments&post=123028"}],"version-history":[{"count":0,"href":"https:\/\/diariodominicano.com\/index.php?rest_route=\/wp\/v2\/posts\/123028\/revisions"}],"wp:attachment":[{"href":"https:\/\/diariodominicano.com\/index.php?rest_route=%2Fwp%2Fv2%2Fmedia&parent=123028"}],"wp:term":[{"taxonomy":"category","embeddable":true,"href":"https:\/\/diariodominicano.com\/index.php?rest_route=%2Fwp%2Fv2%2Fcategories&post=123028"},{"taxonomy":"post_tag","embeddable":true,"href":"https:\/\/diariodominicano.com\/index.php?rest_route=%2Fwp%2Fv2%2Ftags&post=123028"}],"curies":[{"name":"wp","href":"https:\/\/api.w.org\/{rel}","templated":true}]}}