{"id":123026,"date":"2007-07-10T16:26:48","date_gmt":"2007-07-10T16:26:48","guid":{"rendered":"http:\/\/diariodominicano.ddns.net\/?p=123026"},"modified":"2007-07-10T16:26:48","modified_gmt":"2007-07-10T16:26:48","slug":"discurso-de-jose-rafael-vargas-presidente-de-la-comision-nacional-para-la-sociedad-de-la-informacion-y-el-conocimiento-cnsic-en-ocasion-de-la-primera-reunion-ordinaria-de-la-cn","status":"publish","type":"post","link":"https:\/\/diariodominicano.com\/?p=123026","title":{"rendered":"Discurso  de Jos\u00e9 Rafael Vargas, Presidente de la Comisi\u00f3n Nacional para la Sociedad de la Informaci\u00f3n y el Conocimiento (CNSIC) en ocasi\u00f3n de la Primera Reuni\u00f3n Ordinaria de la CN"},"content":{"rendered":"<p><body><\/p>\n<p align=\"justify\" class=\"titulogrande1\">Discurso \u00a0de Jos\u00e9 Rafael Vargas, Presidente de la Comisi\u00f3n Nacional  para la Sociedad  de la Informaci\u00f3n  y el Conocimiento (CNSIC) en ocasi\u00f3n de la Primera Reuni\u00f3n  Ordinaria de la CNSIC.<\/p>\n<p>&#13;<\/p>\n<div class=\"text1noticias\">Se\u00f1oras, se\u00f1ores:<\/div>\n<p>&#13;<\/p>\n<p align=\"justify\" class=\"text1noticias\">La ocasi\u00f3n que nos re\u00fane en esta ma\u00f1ana, tiene para  el pa\u00eds una especial significaci\u00f3n. Hemos sido testigos en los \u00faltimos 15 meses  de un intenso trabajo de las diferentes comisiones especiales que creamos, para  lograr la estrategia definitiva de sociedad de la informaci\u00f3n. <\/p>\n<p>&#13;<\/p>\n<p align=\"justify\" class=\"text1noticias\">Debo por tanto iniciar mis palabras, felicitando a  todos nuestros t\u00e9cnicos y especialistas que se integraron con sumo entusiasmo a  esta noble tarea. Hoy ya podemos conocer el resultado de este esfuerzo  concentrado. <\/p>\n<p>&#13;<\/p>\n<p align=\"justify\" class=\"text1noticias\">En esos 15 meses, hemos visto un trabajo coordinado,  bien integrado, que ha permitido crear una din\u00e1mica que se presenta hoy en la  gu\u00eda que conoceremos, que es la que orientar\u00e1 la meta del pa\u00eds, hacia una  sociedad basada en la econom\u00eda del conocimiento y la productividad, en el marco  de la competitividad y el libre comercio. <\/p>\n<p>&#13;<\/p>\n<p align=\"justify\" class=\"text1noticias\">Conoceremos hoy lo que es la estrategia propuesta  para impulsar la meta pa\u00eds, que permita la creaci\u00f3n de un espacio humano para  producir, para competir, sacando provecho del capital social. Aqu\u00ed est\u00e1n  esbozadas nuestras prioridades como naci\u00f3n y como pa\u00eds, que no es otra que la  de construir una sociedad orientada a la eliminaci\u00f3n de los grandes  desequilibrios sociales y econ\u00f3micos.<\/p>\n<p>&#13;<\/p>\n<p align=\"justify\" class=\"text1noticias\">Los meses que han pasado nos han permitido ver  acontecimientos de notable importancia para impulsar este proyecto, en los  cuales todos nosotros, de alguna forma, hemos sido protagonistas. \u00a0\u00a0<\/p>\n<p>&#13;<\/p>\n<p align=\"justify\" class=\"text1noticias\">Lo podemos ver con el crecimiento de la telefon\u00eda y  todos sus contrastes. <br \/>&#13;<br \/>\n  <br \/>&#13;<br \/>\n  La telefon\u00eda ha experimentado un crecimiento en los  \u00faltimos dos a\u00f1os que podemos\u00a0 considerar  de impresionante. Este crecimiento se ha visto impulsado, principalmente, por  impacto de la telefon\u00eda celular en la vida de los dominicanos.<\/p>\n<p>&#13;<\/p>\n<p align=\"justify\" class=\"text1noticias\">La tecnolog\u00eda celular y la forma en que las  prestadoras dominicanas lo han mercadeado, ha permitido la democratizaci\u00f3n de  este importante servicio, logrando que personas de muy escasos recursos hoy  puedan acceder a este servicio.<\/p>\n<p>&#13;<\/p>\n<p align=\"justify\" class=\"text1noticias\">Al 30 de junio reciente (2007), 64.7 de cada 100  dominicanos posee un tel\u00e9fono, de los cuales\u00a0  54.8 % son tel\u00e9fonos celulares.<\/p>\n<p>&#13;<\/p>\n<p align=\"justify\" class=\"text1noticias\">Como ha sucedido en muchos otros pa\u00edses, en la Rep\u00fablica  Dominicana, el n\u00famero de l\u00edneas celulares es mayor que el n\u00famero de l\u00edneas  fijas. La proporci\u00f3n es de cinco a una.<\/p>\n<p>&#13;<\/p>\n<p align=\"justify\" class=\"text1noticias\">En nuestro caso eso ocurri\u00f3 a partir del a\u00f1o 2001, y \u00a0obedece sin duda a dos factores fundamentales.  Por una parte, la flexibilidad que existe en la obtenci\u00f3n del servicio celular  y por otra parte, a la movilidad que permite la telefon\u00eda celular, que se  constituye en una herramienta de trabajo de miles de dominicanos.<\/p>\n<p>&#13;<\/p>\n<p align=\"justify\" class=\"text1noticias\">Este es un efecto con pocas posibilidades de ser  revertido y un signo inequ\u00edvoco del avance de la tecnolog\u00eda en beneficio de sus  usuarios.<\/p>\n<p>&#13;<\/p>\n<p align=\"justify\" class=\"text1noticias\">No obstante el crecimiento dram\u00e1tico de la telefon\u00eda  celular \u00a0y su alto nivel de penetraci\u00f3n en  los \u00faltimos a\u00f1os, existe un desbalance en su distribuci\u00f3n y como en muchas  otras cosas, en este aspecto tenemos dos Rep\u00fablicas Dominicana:<\/p>\n<p>&#13;<\/p>\n<p align=\"justify\" class=\"text1noticias\">Una Rep\u00fablica, en la que est\u00e1n ubicadas las  provincias de Santo   Domingo, Santiago, La Altagracia y el Distrito Nacional que  concentran el 78.2% de los tel\u00e9fonos fijos y el 68.6 de los usuarios de telefon\u00eda  celular del pa\u00eds.<\/p>\n<p>&#13;<\/p>\n<p align=\"justify\" class=\"text1noticias\">Una RD en donde, en el Distrito Nacional, por  ejemplo, hay 117 tel\u00e9fonos celulares por cada 100 habitantes, incluyendo los reci\u00e9n  nacidos y 42 tel\u00e9fonos fijos por cada 100 habitantes, lo que representa m\u00e1s de  150 tel\u00e9fonos por cada 100 hogares.<\/p>\n<p>&#13;<\/p>\n<p align=\"justify\" class=\"text1noticias\">Con estos par\u00e1metros, los habitantes del Distrito Nacional,  en cuanto a telefon\u00eda fija se refiere, est\u00e1n por encima de todos los pa\u00edses de  Latinoam\u00e9rica, y estamos a la par de econom\u00edas como la de Israel, (42.5),  Singapur, (42.4), Italia, (43.1) o   Espa\u00f1a, (42.9).<\/p>\n<p>&#13;<\/p>\n<p align=\"justify\" class=\"text1noticias\">En la otra Rep\u00fablica Dominicana, tenemos \u00a0otras 28 provincias, \u00a0donde vive el resto del 55.6% de la poblaci\u00f3n  dominicana, que presenta situaciones muy dram\u00e1ticas. Y este es uno de los grandes  retos que estamos enfrentando como Comisi\u00f3n Nacional de Sociedad de la  Informaci\u00f3n.<\/p>\n<p>&#13;<\/p>\n<p align=\"justify\" class=\"text1noticias\">Estas 28 provincias en su conjunto, poseen una  teledensidad fija de solo 5.1 tel\u00e9fonos fijos por cada 100 habitantes, lo que  es menor que Namibia, que tiene 6.8 y por encima de Nicaragua, \u00a0que tiene 3.8.<\/p>\n<p>&#13;<\/p>\n<p align=\"justify\" class=\"text1noticias\">La provincias de Pedernales, Azua, El Seibo,  Bahoruco, Independencia, Monte Plata y   El\u00edas Pi\u00f1a en su conjunto, poseen una teledensidad de solo  1.35 tel\u00e9fonos fijos por cada 100 habitantes, lo que las colocan por debajo de Hait\u00ed,  que tiene 1.7 y en condiciones similares a Togo, en \u00c1frica, con 1.23 y  Mauritania, \u00a0con 1.34. <\/p>\n<p>&#13;<\/p>\n<p align=\"justify\" class=\"text1noticias\">Claro que la telefon\u00eda fija no es el signo distintivo  de nuestro tiempo, pero representa una muestra m\u00e1s que representativa de lo que  ha estado pasando en el pa\u00eds con un sector, como el de las comunicaciones, que  refleja son se\u00f1ales crudas el cuadro de las desigualdades sociales.<\/p>\n<p>&#13;<\/p>\n<p align=\"justify\" class=\"text1noticias\">2.- EL CRECIMIENTO DEL INTERNET<\/p>\n<p>&#13;<\/p>\n<p align=\"justify\" class=\"text1noticias\">Con el Internet se est\u00e1 presentando en el pa\u00eds un  crecimiento similar, mucho m\u00e1s notorio en los \u00faltimos meses, con la  introducci\u00f3n de nuevas tecnolog\u00edas de tercera generaci\u00f3n, en camino sin desv\u00edo  hacia la convergencia de los servicios. \u00a0<\/p>\n<p>&#13;<\/p>\n<p align=\"justify\" class=\"text1noticias\">Al 30 de junio pasado (2007), las empresas  prestadoras de servicio de Internet han reportado 273,082 cuentas de Internet  en todo el pa\u00eds.<\/p>\n<p>&#13;<\/p>\n<p align=\"justify\" class=\"text1noticias\">Estas cuentas est\u00e1n divididas de la siguiente forma: 196,114  son cuentas de \u201cDial-Up\u201d y 76,968 son cuentas de Internet de Banda Ancha en sus  diferentes modalidades.<\/p>\n<p>&#13;<\/p>\n<p align=\"justify\" class=\"text1noticias\">Quiz\u00e1s seria conveniente explicar en este punto que  el \u201csalto\u201d se debe a que ahora se han incorporado en las cuentas, el uso de  Internet de banda ancha a trav\u00e9s de celular, gracias a las nuevas tecnolog\u00edas  de tercera generaci\u00f3n que las empresas prestadoras han venido implementando. El  aumento reportado es en el orden de 77,897 nuevas .cuentas. <\/p>\n<p>&#13;<\/p>\n<p align=\"justify\" class=\"text1noticias\">Los n\u00fameros anteriores indican que el Internet de  banda ancha ha avanzado por encima del \u201cDial-Up\u201d con lo que mejora el  componente de calidad de los servicios que se ofrecen en el pa\u00eds y nos prepara  mejor para formar parte de la Sociedad de Informaci\u00f3n en un mundo interconectado.<\/p>\n<p>&#13;<\/p>\n<p align=\"justify\" class=\"text1noticias\">Esta situaci\u00f3n se ha hecho vigente a partir del 2005  y la tendencia se acrecentar\u00e1 en la medida en que las nuevas tecnolog\u00edas de  comunicaci\u00f3n celular e inal\u00e1mbrica de banda ancha se hagan cada vez mas  presente en el uso del Internet.<\/p>\n<p>&#13;<\/p>\n<p align=\"justify\" class=\"text1noticias\">Con el uso del Internet avanzamos a ritmo acelerado  en el pa\u00eds. Un solo ejemplo basta para mostrar este crecimiento. En el a\u00f1o 2000,  el pa\u00eds contaba con apenas 211 mil usuarios de Internet; en el a\u00f1o 2004, cont\u00e1bamos  con 840 mil usuarios.\u00a0 Al 31 de marzo del  2007 ya hab\u00edamos alcanzado 1,654,284. Y hoy, solo tres meses despu\u00e9s, podemos  informar al pa\u00eds que hemos alcanzado la cantidad de dos millones, 36 mil 130  usuarios de Internet (2,036,130).<\/p>\n<p>&#13;<\/p>\n<p align=\"justify\" class=\"text1noticias\">Esto representa un crecimiento en menos de 7 a\u00f1os de  pr\u00e1cticamente una potencia de diez, y significa tambi\u00e9n que hoy tenemos una  penetraci\u00f3n mayor del 20% de los dominicanos, que hoy en d\u00eda participan de los  beneficios y las oportunidades del Internet.<\/p>\n<p>&#13;<\/p>\n<p align=\"justify\" class=\"text1noticias\">Al igual que le telefon\u00eda fija,\u00a0 el Internet, presenta un desbalance  significativo en la distribuci\u00f3n de las cuentas existentes y consecuentemente  de sus usuarios.<\/p>\n<p>&#13;<\/p>\n<p align=\"justify\" class=\"text1noticias\">El 77.3% de los usuarios de Internet se encuentran  localizados en el DN y las provincias de Santo Domingo, Santiago y  La Altagracia, en contraste con el restante 22.7%, que se encuentra en las  restantes 28 provincias, donde vive el 55.6% de los habitantes del pa\u00eds.<\/p>\n<p>&#13;<\/p>\n<p align=\"justify\" class=\"text1noticias\">En las provincias de Pedernales, Bahoruco,  Independencia, Monte Plata y El\u00edas  Pi\u00f1a, se concentra el 4.8% de la poblaci\u00f3n dominicana, pero en este  conglomerado hay solo el 0.2% de los usuarios de Internet.<\/p>\n<p>&#13;<\/p>\n<p align=\"justify\" class=\"text1noticias\">3.- EL ACCESO COMUNITARIO<\/p>\n<p>&#13;<\/p>\n<p align=\"justify\" class=\"text1noticias\">Una de las alternativas que el Indotel, el Despacho de la Primera Dama   y otras instituciones del sector publico y privado han  promovido como un veh\u00edculo para reducir la dram\u00e1tica brecha que existe para el  acceso a las tecnolog\u00edas de informaci\u00f3n y comunicaciones, son las salas  digitales de acceso para la comunidad en sus diferentes modalidades de Centros  de Capacitaci\u00f3n Inform\u00e1tica, \u00a0Centros Tecnol\u00f3gicos  Comunitarios, Salas de Internet y Bibliotecas Virtuales, salas virtuales para  discapacitados, para presos, m\u00e9dicos, maestros, etc., que se han estado  diseminando por todo el pa\u00eds desde septiembre del 2004.<\/p>\n<p>&#13;<\/p>\n<p align=\"justify\" class=\"text1noticias\">En el caso del Indotel, las 32 provincias del pa\u00eds ya  cuentan con varias salas digitales, cuyo componente fundamental es el trabajo  de ingenier\u00eda social que se desarrolla previo a la instalaci\u00f3n, para garantizar  una adecuada gesti\u00f3n y sostenibilidad de los mismos.<\/p>\n<p>&#13;<\/p>\n<p align=\"justify\" class=\"text1noticias\">El seguimiento, la supervisi\u00f3n y evaluaci\u00f3n que se  viene haciendo de esos centros, es lo que est\u00e1 permitiendo y garantizando un  uso adecuado de los mismos. Cientos de miles de ni\u00f1os, adolescentes, j\u00f3venes y  adultos hoy est\u00e1n integrados al conocimiento y uso de la computadora, el  Internet, la biblioteca virtual y un programa en l\u00ednea para la ense\u00f1anza del  idioma ingl\u00e9s.<\/p>\n<p>&#13;<\/p>\n<p align=\"justify\" class=\"text1noticias\">Y lo m\u00e1s importante es que se ha logrado empoderar la  comunidad de los mismos, colocando a la organizaci\u00f3n l\u00edder de la misma en la  coordinaci\u00f3n y direcci\u00f3n de la sala. Son pues centros digitales de la  comunidad, y por tanto sus l\u00edderes comunitarios, que forman el consejo de  gesti\u00f3n, garantizan el cuidado y la sostenibilidad de los mismos. Ah\u00ed ha  radicado el \u00e9xito de las casi 300 salas que ya ha inaugurado el Indotel. <\/p>\n<p>&#13;<\/p>\n<p align=\"justify\" class=\"text1noticias\">Hace una semana se iniciaron las inauguraciones de  otras 149 salas del conocimiento, y proyecta terminar el per\u00edodo con 635  centros en todas las provincias del pa\u00eds.\u00a0  \u00a0<\/p>\n<p>&#13;<\/p>\n<p align=\"justify\" class=\"text1noticias\">Estos centros de acceso comunitario han sido ubicados  en toda la geograf\u00eda nacional, principalmente en los lugares m\u00e1s pobres, en los  de dif\u00edcil acceso, donde no llegan las operadoras, porque es una forma de crear  las condiciones para todos.<br \/>&#13;<br \/>\n  <br \/> &#13;<br \/>\nHoy, los ni\u00f1os y j\u00f3venes de El\u00edas Pi\u00f1a y la  provincia Independencia, Monte Plata y Dajab\u00f3n, Pedernales y Santiago Rodriguez,  Bahoruco y El Seybo, por s\u00f3lo poner algunos ejemplos, cuentan con estas salas  digitales del conocimiento, que pone a su servicio modernas bibliotecas  virtuales. <\/p>\n<p>&#13;<\/p>\n<p align=\"justify\" class=\"text1noticias\">4.- EL ANCHO DE BANDA<\/p>\n<p>&#13;<\/p>\n<p align=\"justify\" class=\"text1noticias\">Otro tema que para la comisi\u00f3n siempre ha sido una de  sus grandes preocupaciones, es el que tiene que ver con la pol\u00edtica de banda  ancha en el pa\u00eds. El ancho de banda constituye la materia prima esencial  requerida para garantizar el acceso.\u00a0 Mientras  mayor es el ancho de banda, mayor es la calidad de los servicios y mejor  ubicados estamos para insertarnos en la Sociedad de Informaci\u00f3n.<\/p>\n<p>&#13;<\/p>\n<p align=\"justify\" class=\"text1noticias\">En la Rep\u00fablica Dominicana, como en una gran parte de  los pa\u00edses que mantienen una econom\u00eda en r\u00e1pida evoluci\u00f3n, el ancho de banda es  un recurso de gran demanda y por lo tanto un recurso escaso.<\/p>\n<p>&#13;<\/p>\n<p align=\"justify\" class=\"text1noticias\">El uso creciente de Internet por parte de los  dominicanos, nos obliga a requerir de mucho mayor ancho de banda internacional,  y por tanto se requiere una mayor \u201ccapilaridad\u201d de las redes, de manera que  podamos llevar la banda ancha hasta los lugares m\u00e1s rec\u00f3nditos.<\/p>\n<p>&#13;<\/p>\n<p align=\"justify\" class=\"text1noticias\">Los Cables Submarinos<\/p>\n<p>&#13;<\/p>\n<p align=\"justify\" class=\"text1noticias\">Desde  el punto de vista internacional el pa\u00eds se encuentra interconectado a trav\u00e9s de  tres (3) sistemas de cable submarinos de fibra \u00f3ptica con una gran capacidad. <\/p>\n<p>&#13;<\/p>\n<p align=\"justify\" class=\"text1noticias\">En la  actualidad al pa\u00eds llegan los cables Antillas 1 con una capacidad de 2.5  Gigabitios por segundo, Arcos con una capacidad de 35 Gigabitios por segundos y  FibraLink con una capacidad de 40 Gigabitios por segundo. Los dos primeros  permiten conectividad con otros sistemas globales, mientras que el tercero y  m\u00e1s reciente solo nos permite conectividad con Jamaica.<br \/>&#13;<br \/>\n  <br \/>&#13;<br \/>\n  Cuando se inicio la modalidad de los cables  submarinos de fibra \u00f3ptica, el pa\u00eds, en t\u00e9rminos de sus necesidades de ancho de  banda, era muy \u00a0peque\u00f1o.\u00a0 <\/p>\n<p>&#13;<\/p>\n<p align=\"justify\" class=\"text1noticias\">La geograf\u00eda de los puntos de acceso no eran muy  relevantes y obedec\u00edan m\u00e1s bien a conveniencias log\u00edsticas del recorrido del  cable. Hoy d\u00eda, con los grandes requerimientos del pa\u00eds, se necesita m\u00e1s ancho  de banda y una diversificaci\u00f3n de sus puntos de entrada al pa\u00eds, de manera que  se facilite y se haga m\u00e1s barato su uso.<\/p>\n<p>&#13;<\/p>\n<p align=\"justify\" class=\"text1noticias\">Por eso quiero decir hoy aqu\u00ed, que estamos muy cerca  de otros cables internacionales, incluso uno podr\u00eda hacer su aterrizaje en la  costa sur del pa\u00eds. Me refiero a los intentos que en este sentido ha emprendido  el sistema de cable Emergia de la empresa Telef\u00f3nica y el otro es una extensi\u00f3n  del Sistema de Fibra \u00d3ptica del Caribe Oriental, que se ha planeado hasta la  vecina Rep\u00fablica de Hait\u00ed, con una extensi\u00f3n hasta Santo Domingo. Algunas de estas  iniciativas podr\u00edan estar operando para los primeros meses del a\u00f1o pr\u00f3ximo y se  espera que estar\u00e1n facilitando a los operadores dominicanos, con capacidades  del orden de los 4,800 Megabitios por segundos. Eso representar\u00eda para el pa\u00eds  un punto de apoyo fundamental en este momento. <\/p>\n<p>&#13;<\/p>\n<p align=\"justify\" class=\"text1noticias\">El Transporte Digital<\/p>\n<p>&#13;<\/p>\n<p align=\"justify\" class=\"text1noticias\">Es importante hacer notar, sin embargo, que lo  importante, adem\u00e1s de la instalaci\u00f3n de estos cables, es lograr que los  beneficios lleguen hacia sus usuarios finales, que son los ciudadanos comunes.<\/p>\n<p>&#13;<\/p>\n<p align=\"justify\" class=\"text1noticias\">De nada nos sirve tener capacidades del orden de la  que hablamos, si esta no puede ser transportada hasta quienes ser\u00e1n sus  usuarios finales, sean estos simples ciudadanos o ciudadanas o los m\u00e1s  complejos negocios basados en la alta tecnolog\u00eda y el uso del conocimiento.<\/p>\n<p>&#13;<\/p>\n<p align=\"justify\" class=\"text1noticias\">Por lo anterior tenemos que dar capilaridad al ancho  de banda y es por ello que de manera constante estamos promoviendo y apoyando iniciativas  tendentes a mejorar la red nacional de distribuci\u00f3n de informaci\u00f3n del pa\u00eds.<\/p>\n<p>&#13;<\/p>\n<p align=\"justify\" class=\"text1noticias\">En este sentido, debemos saludar con benepl\u00e1cito la  reciente construcci\u00f3n por parte de Orange Dominicana, de una red de fibra \u00f3ptica  soterrada que se extiende desde Santo Domingo hasta Puerto Plata, pasando por las  principales ciudades de su recorrido. Es nuestra esperanza que esta nueva  supercarretera de informaci\u00f3n se constituya en una alternativa a las ya  existente y que con su participaci\u00f3n se haga mas barato y eficiente el transporte  de informaci\u00f3n entre el norte y el sur del pa\u00eds. <br \/>&#13;<br \/>\n  <br \/>&#13;<br \/>\nLa empresa ya nos ha  comunicado que tambi\u00e9n extender\u00e1 otro cable desde Santo Domingo hasta  el Parque Cibern\u00e9tico de Santo   Domingo, contemplando ampliarlo hasta todo el Este  pr\u00f3ximamente. Eso alienta la competencia, y esperamos que se constituya en un  instrumento vital de abaratamiento de los costos y de las tarifas a favor de  los usuarios. <\/p>\n<p>&#13;<\/p>\n<p align=\"justify\" class=\"text1noticias\">De igual modo debemos saludar los esfuerzos que  vienen realizando algunas prestadoras emergentes como lo son Wind Telecom y  OneMax quienes est\u00e1n prontos a lanzar sistemas inal\u00e1mbricos de banda ancha con  una amplia cobertura. La empresa Wind Telecom esta en el proceso de construir  un backbone de radio de muy alta capacidad que tambi\u00e9n enlazar\u00e1 las provincias  del norte con las del sur, dando redundancia a los sistemas ya existentes.<\/p>\n<p>&#13;<\/p>\n<p align=\"justify\" class=\"text1noticias\">La Capilaridad Digital<\/p>\n<p>&#13;<\/p>\n<p align=\"justify\" class=\"text1noticias\">Indotel, desde su rol como propulsor de las  telecomunicaciones por mandato de ley, ha querido promover en conjunto con otra  instituci\u00f3n del estado, la CDEEE, una red nacional de fibra \u00f3ptica sobre las l\u00edneas  de alto voltaje de esa entidad estatal. <\/p>\n<p>&#13;<\/p>\n<p align=\"justify\" class=\"text1noticias\">Esta es \u00a0una  tecnolog\u00eda que se ha utilizado de manera exitosa en otros pa\u00edses y que creemos  que puede ser un veh\u00edculo muy poderoso para llevar la banda ancha hasta donde  quiera que lleguen las l\u00edneas el\u00e9ctricas. Pensamos que este podr\u00eda ser un interesante  modelo, pues la idea que tenemos es lograr armonizar los intereses de una  entidad estatal como la CDEEE y los del sector privado, a trav\u00e9s de las  empresas prestadoras de servicios de telecomunicaciones. De manera que la  inversi\u00f3n del Estado ser\u00edan las redes, mientras que las empresas interesadas  aportar\u00edan el capital, y dependiendo de su participaci\u00f3n, tendr\u00edan un margen de  uso de esa fibra. Esta iniciativa nos resolver\u00eda r\u00e1pidamente el problema de  conectividad del pa\u00eds, garantizando banda ancha a todas las comunidades, dot\u00e1ndolas  de la m\u00e1s avanzada tecnolog\u00eda a nivel global en lo que a sistemas de  interconexi\u00f3n de Internet y seguridad se refiere. El NAP del Caribe es una  iniciativa 100s.<br \/>&#13;<br \/>\n\u00a0\u00a0\u00a0\u00a0\u00a0\u00a0\u00a0\u00a0\u00a0\u00a0\u00a0\u00a0\u00a0\u00a0\u00a0\u00a0\u00a0\u00a0\u00a0\u00a0\u00a0\u00a0\u00a0\u00a0\u00a0\u00a0\u00a0\u00a0\u00a0\u00a0\u00a0\u00a0\u00a0\u00a0\u00a0\u00a0\u00a0\u00a0\u00a0\u00a0\u00a0\u00a0\u00a0\u00a0\u00a0\u00a0\u00a0\u00a0 <br \/>&#13;<br \/>\nComo un caso similar al anterior, queremos saludar  tambi\u00e9n una iniciativa de la empresa generadora de electricidad, Consorcio  El\u00e9ctrico Puntacana-Macao, (CEPM), quienes construyen un sistema de l\u00edneas de  alto voltaje para enlazar sus plantas localizadas en Punta Cana, La Romana y  San Pedro de Macor\u00eds y sobre las cuales colocar\u00e1n un cable de fibra \u00f3ptica  sobre el cable guarda de tierra.<\/p>\n<p>&#13;<\/p>\n<p align=\"justify\" class=\"text1noticias\">El Consorcio El\u00e9ctrico Punta Cana-Macao en la actualidad  ofrece su servicio de transporte de informaci\u00f3n a empresas de  telecomunicaciones y empresas privadas en la zona Este del pa\u00eds.<\/p>\n<p>&#13;<\/p>\n<p align=\"justify\">El NAP DEL CARIBE Y LA DISTRIBUCI\u00d3N DEL INTERNET<\/p>\n<p>&#13;<\/p>\n<p align=\"justify\" class=\"text1noticias\">Otro punto importante en este proceso que vive el  sector en los \u00faltimos a\u00f1os, es la instalaci\u00f3n en el pa\u00eds del Nap del Caribe,  que abre la posibilidad de centralizar todos los accesos en un solo punto, en  donde se puedan hacer presentes a una distancia cero los proveedores y usuarios  de ancho de banda, bajo condiciones de alta seguridad f\u00edsica, el\u00e9ctrica y  ambiental. El Nap es otra posibilidad que se abre a la competencia en el pa\u00eds.<\/p>\n<p>&#13;<\/p>\n<p align=\"justify\" class=\"text1noticias\">Desde hace ya unos meses, se ha iniciado el proceso  de coordinaci\u00f3n y construcci\u00f3n del NAP del Caribe, que estar\u00e1 localizado en el  Parque Cibern\u00e9tico de Santo Domingo. <\/p>\n<p>&#13;<\/p>\n<p align=\"justify\" class=\"text1noticias\">Constar\u00e1 de un edificio de unos 6,700 metros cuadrados,  y ha contado con el apoyo del gobierno dominicano por entenderlo como una de  las piedras angulares de su pol\u00edtica de crear un nuevo paradigma de desarrollo  basado en el uso de la tecnolog\u00eda y el conocimiento. Se espera que el NAP del  Caribe est\u00e9 listo para operar en los primeros meses del 2008.<\/p>\n<p>&#13;<\/p>\n<p align=\"justify\" class=\"text1noticias\">5.- EL IMPACTO DE LO CAMINADO<\/p>\n<p>&#13;<\/p>\n<p align=\"justify\" class=\"text1noticias\">Todo lo que hemos descrito ha tenido ya un impacto  observable en la vida cotidiana de los dominicanos y dominicanas. Se nota en  muchos diferentes \u00e1mbitos de la vida nacional y nadie puede negar que en la Rep\u00fablica  Dominicana se respire un aire de modernidad y que las TICs se hagan presentes  en casi todo.<\/p>\n<p>&#13;<\/p>\n<p align=\"justify\" class=\"text1noticias\">Es lo que pasa con la educaci\u00f3n. Ayer la prensa  publicaba un espacio pagado de la Universidad Cat\u00f3lica de Santo Domingo, donde  exhortaba a sus alumnos a no hacer filas y hacer uso del Internet para su  inscripci\u00f3n en el pr\u00f3ximo cuatrimestre. Esta es una pr\u00e1ctica que ya hab\u00eda  utilizado la Universidad Aut\u00f3noma de Santo Domingo, Intec y Unibe, con extraordinario  \u00e9xito. <br \/>&#13;<br \/>\n  \u00a0<br \/>&#13;<br \/>\n  Debo hacer un alto aqu\u00ed para felicitar a la Lic. Ligia Amada Melo, por  el apoyo y empuje que ha venido dando al uso y aplicaci\u00f3n de la tecnolog\u00eda en  los centros de educaci\u00f3n superior, incluyendo el portal de la educaci\u00f3n  superior. Si alguna vez se premiara un ministro por los beneficios que est\u00e1  dando a los j\u00f3venes, no hay dudas que Do\u00f1a Ligia se llevara una presea, por los  miles de j\u00f3venes becados en el pa\u00eds y en el extranjero. Su dedicaci\u00f3n y entrega  son m\u00e1s que estimulantes. <\/p>\n<p>&#13;<\/p>\n<p align=\"justify\" class=\"text1noticias\">La asimilaci\u00f3n que ha tenido el uso de la tecnolog\u00eda  en la educaci\u00f3n, es notorio en todas las actividades estudiantiles, desde los  cursos primarios hasta la universidad.<\/p>\n<p>&#13;<\/p>\n<p align=\"justify\" class=\"text1noticias\">Seria dif\u00edcil comentar el avance de la tecnolog\u00eda en  el \u00e1mbito universitario sin hacer referencia a lo que se respira en la m\u00e1s  vieja casa de estudios del nuevo mundo, nuestra Universidad Aut\u00f3noma de Santo  Domingo. Basta con ver la laboriosidad con las que sus estudiantes trabajan en  las salas de Internet de la   Biblioteca Pedro Mir, o en las salas digitales creadas por el Indotel y la Seescyt. Hoy este  es un s\u00edmbolo de orgullo de esa alta casa de estudio y de todos los que tuvimos  el privilegio de pasar por sus aulas.<\/p>\n<p>&#13;<\/p>\n<p align=\"justify\" class=\"text1noticias\">El uso de la inform\u00e1tica en los procesos  administrativos de inscripci\u00f3n y la administraci\u00f3n de los recursos y todo lo  que ello representa, constituye un vivo ejemplo del efecto m\u00e1gico de las TICs,  que con su solo uso elevan el nivel de su ambiente.<\/p>\n<p>&#13;<\/p>\n<p align=\"justify\" class=\"text1noticias\">Queremos resaltar los extraordinarios aportes  realizados por otros centros de educaci\u00f3n superior, como INTEC, UNIBE y la  UNPHU, que ponen a la disposici\u00f3n de sus alumnos y profesores aplicaciones que  contribuyen a divulgar y popularizar el uso de las TICs. En el caso del Intec, su  sala tecnol\u00f3gica, con las bibliotecas m\u00e9dicas virtuales, es una gu\u00eda importante  para sus estudiantes de medicina. \u00a0<\/p>\n<p>&#13;<\/p>\n<p align=\"justify\" class=\"text1noticias\">Recientemente, como una iniciativa de la  SEESCyT y con la colaboraci\u00f3n de algunos miembros de la CNSIC, se ha iniciado  el proceso de crear una red avanzada para el uso de centros de investigaci\u00f3n a  nivel de las universidades y otras instituciones del pa\u00eds, que se involucran en  las labores de la investigaci\u00f3n cient\u00edfica.<\/p>\n<p>&#13;<\/p>\n<p align=\"justify\" class=\"text1noticias\">Esta red, que en principio hemos llamado  Red Dominicana para el   Desarrollo, RDD, tiene la intenci\u00f3n de enlazar al pa\u00eds con  otras redes similares que existen a nivel internacional, de manera que nuestros  investigadores y acad\u00e9micos puedan compartir su quehacer con todas las  facilidades y entrar en contacto con investigadores y acad\u00e9micos de otros  pa\u00edses de Norteam\u00e9rica, Suram\u00e9rica y Europa. <\/p>\n<p>&#13;<\/p>\n<p align=\"justify\" class=\"text1noticias\">El proyecto, en principio permitir\u00e1 la  conectividad con la Red Clara de Suram\u00e9rica y con Internet2 de los EEUU, a  velocidades de hasta 45 Megavatios por segundo, permitiendo el acceso a  servicios de videoconferencia, acceso a grandes bibliotecas virtuales y al  intercambio de cantidades muy grandes de datos, que bajo los esquemas  tradicionales de Internet tomar\u00eda tiempos muy largos y que con estas nuevas  tecnolog\u00edas se podr\u00edan transferir pr\u00e1cticamente en tiempo real. <\/p>\n<p>&#13;<\/p>\n<p align=\"justify\" class=\"text1noticias\">En el mundo que nos toca vivir en estos tiempos de  globalizaci\u00f3n, los profesionales que egresen de nuestros centros acad\u00e9micos,  deben ser trabajadores dotados de las habilidades y conocimientos necesarios  que les permitan insertarse en el Siglo XXI, y solo recibiendo el entrenamiento  adecuado y con la formaci\u00f3n adecuada para hacer un uso correcto de los medios  modernos de informaci\u00f3n, podremos construir una sociedad competitiva en todos  los \u00f3rdenes, aptas para sobrevivir en el proceso de globalizaci\u00f3n y no quedar excluida,  o inexistente como dir\u00eda Don   Manuel Castell.<\/p>\n<p>&#13;<\/p>\n<p align=\"justify\" class=\"text1noticias\">El Gobierno Electr\u00f3nico<\/p>\n<p>&#13;<\/p>\n<p align=\"justify\" class=\"text1noticias\">Otro gran logro del pa\u00eds en los \u00faltimos dos a\u00f1os lo  constituye la puesta en marcha del Gobierno Electr\u00f3nico, \u00e9xito que debemos  atribuir a la firme voluntad del Presidente de la Rep\u00fablica de conducir un  proceso de esa naturaleza y al competente equipo de la Optic, bajo la \u00e9gida del  Lic. Domingo Tavarez.<\/p>\n<p>&#13;<\/p>\n<p align=\"justify\" class=\"text1noticias\">El pa\u00eds ha dado pasos concretos en la creaci\u00f3n de una  pol\u00edtica de Gobierno Electr\u00f3nico que ayude a lograr una mayor eficiencia en sus  procesos, una mayor transparencia y la integraci\u00f3n de la ciudadan\u00eda en sus  actividades.<\/p>\n<p>&#13;<\/p>\n<p align=\"justify\" class=\"text1noticias\">Recientemente hemos sido testigos orgullosos de la  ocurrencia de una serie de eventos, cuyos beneficiarios directos son todos los  dominicanos. Nos referimos al lanzamiento del servicio para la ciudadan\u00eda *GOV  o asterisco 462. Con este servicio, la OPTIC ha adelantado un paso trascendental  en ofrecer una soluci\u00f3n efectiva a las necesidades de informaci\u00f3n de los  dominicanos y dominicanas y se perfila como soluci\u00f3n a muchos otros prop\u00f3sitos  del buen manejo gubernamental. <\/p>\n<p>&#13;<\/p>\n<p align=\"justify\" class=\"text1noticias\">Hemos visto con mucho inter\u00e9s la proliferaci\u00f3n de los  sitios Web de instituciones gubernamentales y secretarias de estado y c\u00f3mo  estos se vuelven cada vez m\u00e1s funcionales en facilitar informaci\u00f3n, en la ejecuci\u00f3n  de procesos y hasta en el pago en forma transparente y f\u00e1cil de impuestos y  servicios. Es necesario en este sentido reconocer los avances de la Direcci\u00f3n  General de Impuestos Internos   y la Direcci\u00f3n General de Aduanas, que facilitan la vida del  contribuyente, haciendo menos complicada la carga de pagar los impuestos.<\/p>\n<p>&#13;<\/p>\n<p align=\"justify\" class=\"text1noticias\">Iniciativas del Sector Privado<\/p>\n<p>&#13;<\/p>\n<p align=\"justify\" class=\"text1noticias\">El sector privado ha sido motor de importantes  iniciativas que involucran el uso y aplicaci\u00f3n de las tecnolog\u00edas de  informaci\u00f3n y comunicaci\u00f3n. Cada vez proliferan m\u00e1s los negocios y las empresas  que promueven sus ventas a trav\u00e9s del Internet y se conocen nuevas aplicaciones  y formas que hacen presente el Internet en la vida cotidiana.<\/p>\n<p>&#13;<\/p>\n<p align=\"justify\" class=\"text1noticias\">Resaltamos igualmente como una gran contribuci\u00f3n del  sector privado, el uso del Wi-Fi gratuito en bares, restaurantes y lugares de  paso, para que sus visitantes puedan tener acceso al Internet mientras comen o  comparten un encuentro de negocios. <\/p>\n<p>&#13;<\/p>\n<p align=\"justify\" class=\"text1noticias\">Esto ya no es un privilegio de viajeros \u201ccaros\u201d en  los aeropuertos, sino que ya es un privilegio de los que viajan entre Santo Domingo y Santiago  y deciden hacer una parada en Jacaranda para revisar sus correos o para el  estudiante que decide hacer sus tareas en la Avenida del Puerto. En el caso de  los aeropuertos, queremos hoy felicitar esta valiosa iniciativa del director  aeroportuario del pa\u00eds, el Lic. Andr\u00e9s Vanderhorst, un funcionario que est\u00e1 muy  consciente de lo que significa el turismo para el pa\u00eds. <\/p>\n<p>&#13;<\/p>\n<p align=\"justify\" class=\"text1noticias\">Las transacciones v\u00eda Internet tambi\u00e9n son cada vez m\u00e1s  seguras. Ya hoy en d\u00eda usted puede hacer una reservaci\u00f3n en un restaurant v\u00eda  Internet y no solo eso puede revisar el men\u00fa del sitio y hasta pre-ordenar lo  que desea comer antes de llegar al lugar desde su casa o desde su autom\u00f3vil si  posee Internet inal\u00e1mbrico.<\/p>\n<p>&#13;<\/p>\n<p align=\"justify\" class=\"text1noticias\">Las Ciudades Digitales y Los Ayuntamientos<\/p>\n<p>&#13;<\/p>\n<p align=\"justify\" class=\"text1noticias\">Los Ayuntamientos tambi\u00e9n se han incorporado con  extraordinario \u00e9xito al uso y aplicaci\u00f3n del Internet y de la tecnolog\u00eda. El  proyecto Ciudades Digitales que desarrolla el Indotel ya es un \u00e9xito en  muchos cabildos, y algunos, como el caso del s\u00edndico de San Crist\u00f3bal, se han  ido m\u00e1s all\u00e1 y han instalado el sistema Wi-fi para sus residentes. <\/p>\n<p>&#13;<\/p>\n<p align=\"justify\" class=\"text1noticias\">Los gobiernos municipales han acogido el uso de las  TIC como una forma de hacerse m\u00e1s eficientes y promover sus logros e  iniciativas. Desde hace varios a\u00f1os desarrollan su programa de Presupuesto  Participativo y su sistema de gesti\u00f3n financiera, donde el p\u00fablico puede  participar y presentar sus sugerencias u observaciones. <br \/>&#13;<br \/>\n  \u00a0<br \/>&#13;<br \/>\n  El uso de las soluciones inform\u00e1ticas para la  administraci\u00f3n del d\u00eda a d\u00eda, los pagos de nominas, el manejo de presupuesto,  el proceso de compras, el control de avance de proyectos y el cobro de  impuestos y arbitrios, es parte del proceso de modernizaci\u00f3n de los  ayuntamientos y de las instituciones p\u00fablicas y privadas del pa\u00eds. Todo se est\u00e1  digitalizando, desde los viejos documentos del Archivo General de la Naci\u00f3n  hasta las mejores bibliotecas de las instituciones m\u00e1s representativas del  pa\u00eds, quienes han entendido la din\u00e1mica del momento y la importancia de su  preservaci\u00f3n.<\/p>\n<p>&#13;<\/p>\n<p align=\"justify\" class=\"text1noticias\">Ya Indotel dio a conocer la biblioteca virtual Juan Pablo Duarte, que  pone a disposici\u00f3n de todos los interesados, v\u00eda Internet, todo lo que se ha  escrito sobre el patricio. Tan solo basta acceder a www.juanpabloduarte.com,  y tiene a su disposici\u00f3n la magna obra del hacedor de nuestra dominicanidad. Y  lo mismo est\u00e1 pasando con los libros, tres instituciones del pa\u00eds ya trabajan  en la biblioteca virtual dominicana, que dispondr\u00e1 de los principales libros  escritos en el pa\u00eds, y la secretar\u00eda de Educaci\u00f3n anunci\u00f3 la wikidominicana, de  manera que trabajamos en contenido, para provecho de los que disponen de pocos  recursos para comprar libros, pero sobre todo, para poner al servicio de todos  los beneficios de la tecnolog\u00eda. <\/p>\n<p>&#13;<\/p>\n<p align=\"justify\" class=\"text1noticias\">Las ciudades digitales, los portales Web  especializados, que permiten a los ayuntamientos mostrarse al mundo a trav\u00e9s de  una ventana accesible, de manera global   y a trav\u00e9s de ellos promoverse y venderse, son tambi\u00e9n  facilitadores para la interacci\u00f3n con los ediles de cada comunidad y un  veh\u00edculo para hacerse m\u00e1s eficientes en sus servicios. <\/p>\n<p>&#13;<\/p>\n<p align=\"justify\" class=\"text1noticias\">En la actualidad hay m\u00e1s de 40 Ayuntamientos  prepar\u00e1ndose para surgir como ciudades digitales, y esperamos el lanzamiento de  este proyecto en el mes de Septiembre. Para estos fines, Indotel cre\u00f3 un  sistema que permite almacenar el contenido de las ciudades digitales, en un  servidor de alta capacidad para el manejo de los portales.<\/p>\n<p>&#13;<\/p>\n<p align=\"justify\" class=\"text1noticias\">M\u00e1s recientemente, algunos ayuntamientos han adoptado  la iniciativa de ofrecer Internet inal\u00e1mbrico gratis para sus ediles en zonas  selectas de sus ciudades. El   ayuntamiento pionero lo ha sido el de San Crist\u00f3bal que  ofrece esta facilidad bajo la modalidad de WiFi en el centro de la ciudad, en  un radio de cerca de dos kil\u00f3metros a la redonda. En el mismo sentido se mueven  los ayuntamientos de Moca y   La Vega y pronto muchas ciudades promover\u00e1n el acceso a las  TIC en forma eficiente como un beneficio adicional a sus j\u00f3venes y adultos en  los mejores lugares de sus ciudades.<\/p>\n<p>&#13;<\/p>\n<p align=\"justify\" class=\"text1noticias\">Antes de finalizar, quiero resaltar una iniciativa  que est\u00e1 en marcha, que es uno de los proyectos m\u00e1s importantes del Indotel, y  que procura conectar\u00a0 a m\u00e1s de 300 comunidades  pobres a telefon\u00eda e Internet de banda ancha. Las 16 provincias m\u00e1s pobres del  pa\u00eds se beneficiar\u00e1n del proyecto Conectividad Rural de Banda Ancha, que  entrar\u00e1 en licitaci\u00f3n pr\u00f3ximamente. Para tal fin, el Indotel aplicar\u00e1 el  sistema de subsidio especial comunitario, haciendo un aporte inicial para  emprender el proyecto. La empresa que resulte ganadora podr\u00e1 aportar la suma  restante y desarrollar el proyecto, ganando nuevos mercados, ampliando la cobertura  y la conectividad\u00a0 a las zonas m\u00e1s  deprimidas del pa\u00eds. Aspiramos a que una gran parte de los dominicanos tengan  acceso a telefon\u00eda e Internet de banda ancha. <\/p>\n<p>&#13;<\/p>\n<p align=\"justify\" class=\"text1noticias\">Emprender este proyecto es un deber del sector de las  telecomunicaciones, cuyo cumplimiento incorporar\u00e1 a las zonas m\u00e1s remotas y a  los sectores urbanos marginales del pa\u00eds, al vigoroso auge que han  experimentado las tecnolog\u00edas. Al mismo tiempo, reajustar\u00e1 un desequilibrio que  ha excluido a un porcentaje importante de la poblaci\u00f3n del derecho a  beneficiarse de los avances que se derivan de dicho auge. <\/p>\n<p>&#13;<\/p>\n<p align=\"justify\" class=\"text1noticias\">Hay pues en el pa\u00eds un verdadero impulso hacia la  construcci\u00f3n de la sociedad del conocimiento. El sector p\u00fablico y el privado  avanzamos hacia la creaci\u00f3n de un Estado digital. La firma de un tratado de  libre comercio, crean urgencias inaplazables, como el de la promoci\u00f3n de la  competitividad con el uso intensivo de la tecnolog\u00eda. Y lo m\u00e1s importante que  tenemos metas muy claras, expuestas en el documento base que hoy vamos a  conocer, que ha sido el producto del aporte de todos. Son metas orientadas a  cerrar la brecha en educaci\u00f3n, en tecnolog\u00eda en las enormes desigualdades que  nos afectan. <\/p>\n<p>&#13;<\/p>\n<p align=\"justify\" class=\"text1noticias\">Eso es lo que procuramos, una sociedad que sirva al  inter\u00e9s p\u00fablico de los ciudadanos, que promueva el desarrollo  institucional y social, que propicie la diversidad cultural y asegure a todos  iguales acceso a los servicios. Progreso y bienestar deben estar unidos y son  objetivos fundamentales de la sociedad de la inclusi\u00f3n social, para crear un  Estado m\u00e1s fuerte y m\u00e1s justo, a trav\u00e9s de la educaci\u00f3n, de la salud, del  empleo, del entrenamiento profesional, de la eficiencia gubernamental.<\/p>\n<p>&#13;<\/p>\n<p align=\"justify\" class=\"text1noticias\">De ah\u00ed la importancia de esta estrategia que hoy  damos a conocer, que no puede verse como un nombre comercial, sino como una  plataforma que persigue caber de cada habitante del pa\u00eds, un ciudadano.\u00a0 <\/p>\n<p>&#13;<\/p>\n<p align=\"justify\" class=\"text1noticias\">La meta es hacer sostenible este gran salto, mantener  este crecimiento de la econom\u00eda que a todos asombra, seguir creciendo con gran  demanda y continuar avanzando, de la mano con el progreso, uniendo el sector  p\u00fablico y el privado, en una gesti\u00f3n moderna\u00a0  y competitiva. <\/p>\n<p>&#13;<\/p>\n<p align=\"justify\" class=\"text1noticias\">Como ayer dec\u00eda un ni\u00f1o en Hato Mayor que agradec\u00eda  por su sala digital, solo queremos participar en esta fiesta del conocimiento,  y m\u00e1s tarde proclamaba una joven discapacitada de Los Guayacanes, \u201csi los excluidos  existimos, hay derecho para pensar que el progreso es aut\u00e9ntico\u201d.<\/p>\n<p>&#13;<\/p>\n<p align=\"justify\" class=\"text1noticias\">Muchas gracias.<\/p>\n<p>&#13;<\/p>\n<p align=\"justify\" class=\"text1noticias\"><strong>6 de julio de 2007<\/strong><\/p>\n<p>&#13;<\/p>\n<h6> 2007-07-10 16:26:48 <\/h6>\n<p><!--\n<link rel=\"stylesheet\" href=\"css\/bootstrap.min.css\">\n\n\n<ul class=\"pagination\">\n\t    \n\t\n\n<li >\n\t<a href='?page_no=28905'>Previous<\/a>\n\t<\/li>\n\n\n       \n    \n\n<li><a href='?page_no=1'>1<\/a><\/li>\n\n\n\n<li><a href='?page_no=2'>2<\/a><\/li>\n\n\n\n<li><a>...<\/a><\/li>\n\n\n\n<li><a href='?page_no=28904'>28904<\/a><\/li>\n\n\n\n<li><a href='?page_no=28905'>28905<\/a><\/li>\n\n\n\n<li class='active'><a>28906<\/a><\/li>\n\n\n\n<li><a href='?page_no=28907'>28907<\/a><\/li>\n\n\n\n<li><a href='?page_no=28908'>28908<\/a><\/li>\n\n\n\n<li><a>...<\/a><\/li>\n\n\n\n<li><a href='?page_no=30472'>30472<\/a><\/li>\n\n\n\n<li><a href='?page_no=30473'>30473<\/a><\/li>\n\n    \n\t\n\n<li >\n\t<a href='?page_no=28907'>Next<\/a>\n\t<\/li>\n\n\n    \n\n<li><a href='?page_no=30473'>Last &rsaquo;&rsaquo;<\/a><\/li>\n\n<\/ul>\n\n\n--><br \/>\n<\/body><\/p>\n","protected":false},"excerpt":{"rendered":"<p>Discurso \u00a0de Jos\u00e9 Rafael Vargas, Presidente de la Comisi\u00f3n Nacional para la Sociedad de la Informaci\u00f3n y el Conocimiento (CNSIC) en ocasi\u00f3n de la Primera Reuni\u00f3n Ordinaria de la CNSIC. &#13; Se\u00f1oras, se\u00f1ores: &#13; La ocasi\u00f3n que nos re\u00fane en esta ma\u00f1ana, tiene para el pa\u00eds una especial significaci\u00f3n. Hemos sido testigos en los \u00faltimos [&hellip;]<\/p>\n","protected":false},"author":3,"featured_media":0,"comment_status":"open","ping_status":"open","sticky":false,"template":"","format":"standard","meta":{"footnotes":""},"categories":[18],"tags":[],"class_list":["post-123026","post","type-post","status-publish","format-standard","hentry","category-economia"],"_links":{"self":[{"href":"https:\/\/diariodominicano.com\/index.php?rest_route=\/wp\/v2\/posts\/123026","targetHints":{"allow":["GET"]}}],"collection":[{"href":"https:\/\/diariodominicano.com\/index.php?rest_route=\/wp\/v2\/posts"}],"about":[{"href":"https:\/\/diariodominicano.com\/index.php?rest_route=\/wp\/v2\/types\/post"}],"author":[{"embeddable":true,"href":"https:\/\/diariodominicano.com\/index.php?rest_route=\/wp\/v2\/users\/3"}],"replies":[{"embeddable":true,"href":"https:\/\/diariodominicano.com\/index.php?rest_route=%2Fwp%2Fv2%2Fcomments&post=123026"}],"version-history":[{"count":0,"href":"https:\/\/diariodominicano.com\/index.php?rest_route=\/wp\/v2\/posts\/123026\/revisions"}],"wp:attachment":[{"href":"https:\/\/diariodominicano.com\/index.php?rest_route=%2Fwp%2Fv2%2Fmedia&parent=123026"}],"wp:term":[{"taxonomy":"category","embeddable":true,"href":"https:\/\/diariodominicano.com\/index.php?rest_route=%2Fwp%2Fv2%2Fcategories&post=123026"},{"taxonomy":"post_tag","embeddable":true,"href":"https:\/\/diariodominicano.com\/index.php?rest_route=%2Fwp%2Fv2%2Ftags&post=123026"}],"curies":[{"name":"wp","href":"https:\/\/api.w.org\/{rel}","templated":true}]}}