{"id":123025,"date":"2007-07-10T16:28:23","date_gmt":"2007-07-10T16:28:23","guid":{"rendered":"http:\/\/diariodominicano.ddns.net\/?p=123025"},"modified":"2007-07-10T16:28:23","modified_gmt":"2007-07-10T16:28:23","slug":"representante-del-bid-estima-la-sociedad-debe-involucrarse-en-los-contratos-de-la-cdeee","status":"publish","type":"post","link":"https:\/\/diariodominicano.com\/?p=123025","title":{"rendered":"Representante del BID estima la sociedad debe involucrarse en los contratos de la CDEEE"},"content":{"rendered":"<p><body><\/p>\n<p class=\"titulogrande1\">Representante  del BID estima la sociedad debe involucrarse en los contratos de la CDEEE<\/p>\n<p>&#13;<\/p>\n<p align=\"justify\"><strong>SANTO DOMINGO.-<\/strong> <span class=\"text1noticias\">El representante del  Banco Interamericano de Desarrollo (BID) en la Rep\u00fablica Dominicana,  Mois\u00e9s Pineda, advirti\u00f3 ayer que toda la sociedad debe involucrarse en la  propuesta que ha hecho la Corporaci\u00f3n Dominicana de Empresas El\u00e9ctricas  Estatales (CDEEE) en torno a las plantas de carb\u00f3n y conocer las interioridades  de los contratos.<br \/>&#13;<br \/>\n  <br \/>&#13;<br \/>\n  Despu\u00e9s de recordar que no es la primera  vez que la   Rep\u00fablica Dominicana se enfrenta a una inversi\u00f3n en la que se  solicita una garant\u00eda soberana, Pineda sostuvo que \u201ceso se tiene que ver con  mucho cuidado\u201d.<br \/>&#13;<br \/>\n  <br \/>&#13;<br \/>\n  Dijo que el pa\u00eds\u00a0 continuar\u00e1  enfrentando este tipo de solicitudes mientras tenga un d\u00e9ficit energ\u00e9tico  proveniente de la escasa colecci\u00f3n de ingresos en las distribuidoras. Es decir,  mientras los ciudadanos no paguen por el servicio.<br \/>&#13;<br \/>\n  <br \/>&#13;<br \/>\n\u201cEso va a estar siempre gravitando en la  visi\u00f3n del inversionista, quien estar\u00e1 requiriendo las garant\u00edas. Hay que ver  si no est\u00e1 vinculado y analizarlo y tratar de cambiarlo\u2026 es importante saber  las razones por las que los inversionistas est\u00e1n promoviendo las garant\u00edas  soberanas\u201d, dijo<br \/>&#13;<br \/>\n<br \/>&#13;<br \/>\nPineda dijo\u00a0 que una estrategia  importante que debe tomar en cuenta el sector el\u00e9ctrico es determinar cu\u00e1l va a  ser la demanda de energ\u00eda en los pr\u00f3ximos a\u00f1os. Solo as\u00ed, estableci\u00f3, se sabr\u00e1  si esa demanda de energ\u00eda provoca una generaci\u00f3n que tenga que ser de car\u00e1cter  privado o, de incluir la garant\u00eda, semi-privado.<br \/>&#13;<br \/>\n<br \/>&#13;<br \/>\nEstablecido este punto, se podr\u00e1n dar  condiciones de inversi\u00f3n en mejores t\u00e9rminos, lo que evitar\u00eda que se requiera  la solicitud de garant\u00edas. \u201cEso depende del an\u00e1lisis, de la voluntad de los  inversionistas y de que se conozca b\u00e1sicamente la evoluci\u00f3n del sector  el\u00e9ctrico\u201d.<br \/>&#13;<br \/>\n<br \/>&#13;<br \/>\nSeg\u00fan Pineda las plantas de carb\u00f3n, sin  embargo, no son las \u00fanicas alternativas con las que cuenta el pa\u00eds para  resolver el problema del costo de la energ\u00eda. Hay muchas, precis\u00f3, pero para  recurrir a cualquiera de ellas el pa\u00eds debe resolver el\u00a0 tema del cobro de  la energ\u00eda el\u00e9ctrica.<br \/>&#13;<br \/>\n<br \/>&#13;<br \/>\nDe hacerlo, los inversionistas se  sentir\u00e1n m\u00e1s c\u00f3modos y no tendr\u00e1n que solicitar garant\u00edas porque entender\u00e1n que  no existen tantos riesgos en la recaudaci\u00f3n de los ingresos.<br \/>&#13;<br \/>\n<br \/>&#13;<br \/>\nPor otra parte, Pineda se\u00f1al\u00f3 que con la  construcci\u00f3n de estas plantas de carb\u00f3n el gobierno lo que busca es bajar el  costo de la energ\u00eda, de manera que el sector el\u00e9ctrico se recupere, bajen las  tarifas y la gente vuelva a pagar.<br \/>&#13;<br \/>\n<br \/>&#13;<br \/>\nAfirm\u00f3 que con ello tambi\u00e9n se quiere  buscar que haya una renegociaci\u00f3n de los contratos. Adem\u00e1s evitar que en unos 8  \u00f3 9 a\u00f1os, ante una demanda creciente, el pa\u00eds no se quede sin capacidad  energ\u00e9tica.<br \/>&#13;<br \/>\n<br \/>&#13;<br \/>\nHoy<\/span><br \/>&#13;\n<\/p>\n<p>&#13;<\/p>\n<h6> 2007-07-10 16:28:23 <\/h6>\n<p><!--\n<link rel=\"stylesheet\" href=\"css\/bootstrap.min.css\">\n\n\n<ul class=\"pagination\">\n\t    \n\t\n\n<li >\n\t<a href='?page_no=28904'>Previous<\/a>\n\t<\/li>\n\n\n       \n    \n\n<li><a href='?page_no=1'>1<\/a><\/li>\n\n\n\n<li><a href='?page_no=2'>2<\/a><\/li>\n\n\n\n<li><a>...<\/a><\/li>\n\n\n\n<li><a href='?page_no=28903'>28903<\/a><\/li>\n\n\n\n<li><a href='?page_no=28904'>28904<\/a><\/li>\n\n\n\n<li class='active'><a>28905<\/a><\/li>\n\n\n\n<li><a href='?page_no=28906'>28906<\/a><\/li>\n\n\n\n<li><a href='?page_no=28907'>28907<\/a><\/li>\n\n\n\n<li><a>...<\/a><\/li>\n\n\n\n<li><a href='?page_no=30472'>30472<\/a><\/li>\n\n\n\n<li><a href='?page_no=30473'>30473<\/a><\/li>\n\n    \n\t\n\n<li >\n\t<a href='?page_no=28906'>Next<\/a>\n\t<\/li>\n\n\n    \n\n<li><a href='?page_no=30473'>Last &rsaquo;&rsaquo;<\/a><\/li>\n\n<\/ul>\n\n\n--><br \/>\n<\/body><\/p>\n","protected":false},"excerpt":{"rendered":"<p>Representante del BID estima la sociedad debe involucrarse en los contratos de la CDEEE &#13; SANTO DOMINGO.- El representante del Banco Interamericano de Desarrollo (BID) en la Rep\u00fablica Dominicana, Mois\u00e9s Pineda, advirti\u00f3 ayer que toda la sociedad debe involucrarse en la propuesta que ha hecho la Corporaci\u00f3n Dominicana de Empresas El\u00e9ctricas Estatales (CDEEE) en torno [&hellip;]<\/p>\n","protected":false},"author":3,"featured_media":0,"comment_status":"open","ping_status":"open","sticky":false,"template":"","format":"standard","meta":{"footnotes":""},"categories":[18],"tags":[],"class_list":["post-123025","post","type-post","status-publish","format-standard","hentry","category-economia"],"_links":{"self":[{"href":"https:\/\/diariodominicano.com\/index.php?rest_route=\/wp\/v2\/posts\/123025","targetHints":{"allow":["GET"]}}],"collection":[{"href":"https:\/\/diariodominicano.com\/index.php?rest_route=\/wp\/v2\/posts"}],"about":[{"href":"https:\/\/diariodominicano.com\/index.php?rest_route=\/wp\/v2\/types\/post"}],"author":[{"embeddable":true,"href":"https:\/\/diariodominicano.com\/index.php?rest_route=\/wp\/v2\/users\/3"}],"replies":[{"embeddable":true,"href":"https:\/\/diariodominicano.com\/index.php?rest_route=%2Fwp%2Fv2%2Fcomments&post=123025"}],"version-history":[{"count":0,"href":"https:\/\/diariodominicano.com\/index.php?rest_route=\/wp\/v2\/posts\/123025\/revisions"}],"wp:attachment":[{"href":"https:\/\/diariodominicano.com\/index.php?rest_route=%2Fwp%2Fv2%2Fmedia&parent=123025"}],"wp:term":[{"taxonomy":"category","embeddable":true,"href":"https:\/\/diariodominicano.com\/index.php?rest_route=%2Fwp%2Fv2%2Fcategories&post=123025"},{"taxonomy":"post_tag","embeddable":true,"href":"https:\/\/diariodominicano.com\/index.php?rest_route=%2Fwp%2Fv2%2Ftags&post=123025"}],"curies":[{"name":"wp","href":"https:\/\/api.w.org\/{rel}","templated":true}]}}