{"id":123024,"date":"2007-07-10T16:29:44","date_gmt":"2007-07-10T16:29:44","guid":{"rendered":"http:\/\/diariodominicano.ddns.net\/?p=123024"},"modified":"2007-07-10T16:29:44","modified_gmt":"2007-07-10T16:29:44","slug":"inicia-sesiones-la-primera-mision-comercial-cubana-en-dominicana","status":"publish","type":"post","link":"https:\/\/diariodominicano.com\/?p=123024","title":{"rendered":"Inicia sesiones la primera Misi\u00f3n Comercial Cubana en Dominicana"},"content":{"rendered":"<p><body><\/p>\n<p align=\"justify\"><span class=\"titulogrande1\">Inicia sesiones  la primera Misi\u00f3n Comercial Cubana en Dominicana <\/span><br \/>&#13;<br \/>\n    <br \/>&#13;<br \/>\n    <strong>Santo Domingo, 9 jul (PL) <\/strong><span class=\"text1noticias\">La primera Misi\u00f3n Comercial Cubana en Rep\u00fablica  Dominicana qued\u00f3 instalada hoy en el Centro de Convenciones del capitalino  hotel Dominican Fiesta, ante la presencia de funcionarios y empresarios de  ambos pa\u00edses. <br \/>&#13;<br \/>\n    <br \/>&#13;<br \/>\n    Berta Verdura, ministra consejera de la embajada cubana aqu\u00ed, inaugur\u00f3 la  actividad por parte de los visitantes y defini\u00f3 como su objetivo fundamental el  elevar el nivel del intercambio bilateral. <br \/>&#13;<br \/>\n    <br \/>&#13;<br \/>\n    El crecimiento comercial del 32 por ciento en el primer trimestre del actual  a\u00f1o, apunt\u00f3 Verdura, justifica la negociaci\u00f3n de un acuerdo bilateral enmarcado  dentro de la pr\u00e1ctica internacional y la Comisi\u00f3n Mixta de  Cooperaci\u00f3n. <br \/>&#13;<br \/>\n    <br \/>&#13;<br \/>\n    La diplom\u00e1tica invit\u00f3 a los empresarios dominicanos a participar en el II Foro  de Negocios de los Pa\u00edses No Alineados, a efectuarse el 2 y 3 de noviembre  pr\u00f3ximo en La Habana.<br \/>&#13;<br \/>\n    <br \/>&#13;<br \/>\n    Por la parte dominicana dio la bienvenida a los empresarios  el secretario de Estado Onofre Rojas, quien presidi\u00f3 el evento en  representaci\u00f3n de su gobierno, junto con el subsecretario de Industria y  Comercio, Octavio Ram\u00edrez. <br \/>&#13;<br \/>\n    <br \/>&#13;<br \/>\n    La ronda de negocios est\u00e1 encabezada por Carmen Rodr\u00edguez, directora de la C\u00e1mara de Comercio en la  regi\u00f3n oriental de su pa\u00eds, con sede en Santiago de Cuba, quien brind\u00f3 una  conferencia sobre las oportunidades de negocios en la isla y procedimientos  para hacerlos. <br \/>&#13;<br \/>\n    <br \/>&#13;<br \/>\n    Entre los bienes y servicios cubanos ofertados est\u00e1n hoteler\u00eda, servicios y  productos de la salud, metalmec\u00e1nica, industria ligera, producci\u00f3n de  artesan\u00eda, muebles, medicamentos de uso animal, transportaci\u00f3n mar\u00edtima y  tecnolog\u00eda de la informaci\u00f3n. <br \/>&#13;<br \/>\n    <br \/>&#13;<br \/>\nMirtha Rippes, directora de Relaciones Internacionales de la C\u00e1mara de Comercio de la Rep\u00fablica de Cuba y  Carlos de la Nuez,  consejero econ\u00f3mico y comercial de esa legaci\u00f3n diplom\u00e1tica, acompa\u00f1an a 49  representantes de 36 instituciones visitantes. <\/span><\/p>\n<p>&#13;<\/p>\n<h6> 2007-07-10 16:29:44 <\/h6>\n<p><!--\n<link rel=\"stylesheet\" href=\"css\/bootstrap.min.css\">\n\n\n<ul class=\"pagination\">\n\t    \n\t\n\n<li >\n\t<a href='?page_no=28903'>Previous<\/a>\n\t<\/li>\n\n\n       \n    \n\n<li><a href='?page_no=1'>1<\/a><\/li>\n\n\n\n<li><a href='?page_no=2'>2<\/a><\/li>\n\n\n\n<li><a>...<\/a><\/li>\n\n\n\n<li><a href='?page_no=28902'>28902<\/a><\/li>\n\n\n\n<li><a href='?page_no=28903'>28903<\/a><\/li>\n\n\n\n<li class='active'><a>28904<\/a><\/li>\n\n\n\n<li><a href='?page_no=28905'>28905<\/a><\/li>\n\n\n\n<li><a href='?page_no=28906'>28906<\/a><\/li>\n\n\n\n<li><a>...<\/a><\/li>\n\n\n\n<li><a href='?page_no=30472'>30472<\/a><\/li>\n\n\n\n<li><a href='?page_no=30473'>30473<\/a><\/li>\n\n    \n\t\n\n<li >\n\t<a href='?page_no=28905'>Next<\/a>\n\t<\/li>\n\n\n    \n\n<li><a href='?page_no=30473'>Last &rsaquo;&rsaquo;<\/a><\/li>\n\n<\/ul>\n\n\n--><br \/>\n<\/body><\/p>\n","protected":false},"excerpt":{"rendered":"<p>Inicia sesiones la primera Misi\u00f3n Comercial Cubana en Dominicana &#13; &#13; Santo Domingo, 9 jul (PL) La primera Misi\u00f3n Comercial Cubana en Rep\u00fablica Dominicana qued\u00f3 instalada hoy en el Centro de Convenciones del capitalino hotel Dominican Fiesta, ante la presencia de funcionarios y empresarios de ambos pa\u00edses. &#13; &#13; Berta Verdura, ministra consejera de la [&hellip;]<\/p>\n","protected":false},"author":3,"featured_media":0,"comment_status":"open","ping_status":"open","sticky":false,"template":"","format":"standard","meta":{"footnotes":""},"categories":[18],"tags":[],"class_list":["post-123024","post","type-post","status-publish","format-standard","hentry","category-economia"],"_links":{"self":[{"href":"https:\/\/diariodominicano.com\/index.php?rest_route=\/wp\/v2\/posts\/123024","targetHints":{"allow":["GET"]}}],"collection":[{"href":"https:\/\/diariodominicano.com\/index.php?rest_route=\/wp\/v2\/posts"}],"about":[{"href":"https:\/\/diariodominicano.com\/index.php?rest_route=\/wp\/v2\/types\/post"}],"author":[{"embeddable":true,"href":"https:\/\/diariodominicano.com\/index.php?rest_route=\/wp\/v2\/users\/3"}],"replies":[{"embeddable":true,"href":"https:\/\/diariodominicano.com\/index.php?rest_route=%2Fwp%2Fv2%2Fcomments&post=123024"}],"version-history":[{"count":0,"href":"https:\/\/diariodominicano.com\/index.php?rest_route=\/wp\/v2\/posts\/123024\/revisions"}],"wp:attachment":[{"href":"https:\/\/diariodominicano.com\/index.php?rest_route=%2Fwp%2Fv2%2Fmedia&parent=123024"}],"wp:term":[{"taxonomy":"category","embeddable":true,"href":"https:\/\/diariodominicano.com\/index.php?rest_route=%2Fwp%2Fv2%2Fcategories&post=123024"},{"taxonomy":"post_tag","embeddable":true,"href":"https:\/\/diariodominicano.com\/index.php?rest_route=%2Fwp%2Fv2%2Ftags&post=123024"}],"curies":[{"name":"wp","href":"https:\/\/api.w.org\/{rel}","templated":true}]}}