{"id":123023,"date":"2007-07-11T03:31:27","date_gmt":"2007-07-11T03:31:27","guid":{"rendered":"http:\/\/diariodominicano.ddns.net\/?p=123023"},"modified":"2007-07-11T03:31:27","modified_gmt":"2007-07-11T03:31:27","slug":"avanza-logistica-para-la-venta-directa-de-productos-del-agro-a-bajos-precios","status":"publish","type":"post","link":"https:\/\/diariodominicano.com\/?p=123023","title":{"rendered":"Avanza log\u00edstica para la venta directa  de productos del  agro a bajos precios"},"content":{"rendered":"<p><body><\/p>\n<p align=\"justify\" class=\"titulogrande1\"><strong>Avanza log\u00edstica para la venta directa<\/strong> <strong>de productos del\u00a0 agro a bajos precios\u00a0<\/strong><\/p>\n<p>&#13;<\/p>\n<p align=\"justify\" class=\"text1noticias\"><strong><img loading=\"lazy\" decoding=\"async\" src=\"http:\/\/localhost:8080\/economia\/pictures\/chio jimenez periodistas.jpg\" width=\"269\" height=\"329\" hspace=\"4\" align=\"left\" \/>SANTO DOMINGO<\/strong>.- La Secretar\u00eda de  Agricultura avanza en la log\u00edstica de traslado a las 23 plazas m\u00f3viles de los  productos agropecuarios que ser\u00e1n puestos a la venta a precios populares, los  cuales, en su mayor\u00eda, presentan una situaci\u00f3n de sobreproducci\u00f3n.<br \/>&#13;<br \/>\n  <br \/>&#13;<br \/>\n  El  secretario Salvador Chio Jim\u00e9nez inform\u00f3 que la instituci\u00f3n\u00a0 trabaja con 64 asociaciones de productores en  las diferentes regionales con el objetivo de favorecer a unas 180 mil familias  pobres, que representan unos 900 mil beneficiarios, como parte del programa  Comer es Primero, que auspicia el gobierno del presidente Leonel Fern\u00e1ndez.<br \/>&#13;<br \/>\n  <br \/>&#13;<br \/>\n  El equipo  responsable del montaje de las plazas m\u00f3viles est\u00e1 encabezado por Antonio  Manuel Camilo, Subsecretario de Producci\u00f3n, quien labora conjuntamente con Luis  Andujar y Radham\u00e9s Valenzuela, de los Departamentos de Agroindustria y  Producci\u00f3n, respectivamente, asistidos por Enio N\u00fa\u00f1ez, Asesor Hort\u00edcola del  Poder Ejecutivo.<br \/>&#13;<br \/>\n  <br \/>&#13;<br \/>\n  Se explic\u00f3 que el programa  incluye 8 rubros agr\u00edcolas de excelente calidad, de producci\u00f3n nacional y  cuentan tambi\u00e9n con 20 empresas que incluir\u00e1n productos terminados,  agroindustriales, c\u00e1rnicos, l\u00e1cteos, jugos y embustidos, que se vender\u00e1n al  p\u00fablico al precio de compra al productor.<br \/>&#13;<br \/>\n  <br \/>&#13;<br \/>\n  En las plazas se pondr\u00e1n a  disposici\u00f3n de la poblaci\u00f3n, a bajos precios, arroz, habichuelas, carne de\u00a0 cerdo y res, ajo, cebolla, pl\u00e1tano, guineo,  yuca, batata, \u00f1ame, huevos, pollo, man\u00ed, mango, lim\u00f3n persa y legumbres, entre  otros.<br \/>&#13;<br \/>\n  <br \/>&#13;<br \/>\n  El plan de  venta tiene como finalidad auxiliar a los productores agropecuarios de las  regiones donde las lluvias y otros fen\u00f3menos naturales causaron mayores da\u00f1os y  se trabaja en la instalaci\u00f3n de las plazas m\u00f3viles en lugares estrat\u00e9gicos de  la capital para que la poblaci\u00f3n tenga acceso directo a los productos  agropecuarios a bajos precios.<br \/>&#13;<br \/>\n  <br \/>&#13;<br \/>\n\u00a0Las plazas estar\u00e1n ubicadas en la explanada  frontal de la sede central de la   Secretar\u00eda de Agricultura, en el kil\u00f3metro 6 y medio de la Autopista Duarte,  en los Jardines del Norte, en Cristo Rey, Calle Nicol\u00e1s de Ovando con Ortega y  Gasset, en el Club Los Cachorros, en Villa Mella, Calle Hermanas Mirabal, antes  de la rotonda de la Charles  de Gaulle,\u00a0 en Villa Juana, en la Escuela Rep\u00fablica  Dominicana, calle Seibo a equina Pe\u00f1a Batlle y en el Abanico, de Herrera.<br \/>&#13;<br \/>\n<br \/>&#13;<br \/>\nEl Departamento de Informaci\u00f3n y  Relaciones P\u00fablicas de la cartera agr\u00edcola dijo que otros centros se instalan  en Capotillo, en la calle 6 esquina Diego Vel\u00e1squez, en el Liceo Capotillo, en  Los Alcarrizos, calle Duarte esquina 27, sector La Campi\u00f1a, Los Guaricanos,  calle Emma Balaguer, Los Mina, sector La Compa\u00f1\u00eda, en el Club de pelota de la Carrera Mella,,  Bario 24 de Abril, calle Central esquina 10, Sim\u00f3n Bol\u00edvar, calle Albert Thomas  equina Sim\u00f3n Bol\u00edvar, Invivienda, frente al parque principal, La Pared, en Haina, carretera  principal, Pedro Brand, frente al hospital siqui\u00e1trica y en Villa Duarte,  pr\u00f3ximo a Meteorolog\u00eda.<br \/>&#13;<br \/>\n<br \/>&#13;<br \/>\nA\u00f1ade que se instalar\u00e1n plazas en  las 8 direcciones regionales, la   Central, en Ban\u00ed, dirigida por Germ\u00e1n B\u00e1ez, Norcentral, en La Vega, que dirige Jacobo D\u00edaz,  la Nordeste,  en San Francisco de Macor\u00eds, bajo la direcci\u00f3n de Rafael Rosario, la Sur, en Barahona, dirigida por  Santos C\u00e9spedes, la Suroeste,  en San Juan de la Maguana,  encabezada por Antonio Ram\u00edrez, la   Este, en Higuey, dirigida por Luis Rafael Cede\u00f1o, la Norte, en\u00a0 Santiago, encabezada por Ram\u00f3n Cruz y la Noroeste, en Valverde,  Mao, a cargo de Nelson Cabrera.<br \/>&#13;<br \/>\n<br \/>&#13;<br \/>\nLa cartera agr\u00edcola explic\u00f3 que  las plazas m\u00f3viles dispondr\u00e1n de un personal t\u00e9cnico de la instituci\u00f3n, que  tendr\u00e1 a su cargo la supervisi\u00f3n del proceso de venta y habr\u00e1 tambi\u00e9n un  personal de apoyo que se encargar\u00e1 de suministrar los equipos y materiales que  ser\u00e1n utilizados en el per\u00edodo de comercializaci\u00f3n.<br \/>&#13;<br \/>\n<br \/>&#13;<br \/>\nIgualmente, se deja abierta la  posibilidad de instalar varias plazas agropecuarias permanentes para beneficiar  a los sectores de m\u00e1s bajos ingresos econ\u00f3micos.<\/p>\n<p>&#13;<\/p>\n<h6> 2007-07-11 03:31:27 <\/h6>\n<p><!--\n<link rel=\"stylesheet\" href=\"css\/bootstrap.min.css\">\n\n\n<ul class=\"pagination\">\n\t    \n\t\n\n<li >\n\t<a href='?page_no=28902'>Previous<\/a>\n\t<\/li>\n\n\n       \n    \n\n<li><a href='?page_no=1'>1<\/a><\/li>\n\n\n\n<li><a href='?page_no=2'>2<\/a><\/li>\n\n\n\n<li><a>...<\/a><\/li>\n\n\n\n<li><a href='?page_no=28901'>28901<\/a><\/li>\n\n\n\n<li><a href='?page_no=28902'>28902<\/a><\/li>\n\n\n\n<li class='active'><a>28903<\/a><\/li>\n\n\n\n<li><a href='?page_no=28904'>28904<\/a><\/li>\n\n\n\n<li><a href='?page_no=28905'>28905<\/a><\/li>\n\n\n\n<li><a>...<\/a><\/li>\n\n\n\n<li><a href='?page_no=30472'>30472<\/a><\/li>\n\n\n\n<li><a href='?page_no=30473'>30473<\/a><\/li>\n\n    \n\t\n\n<li >\n\t<a href='?page_no=28904'>Next<\/a>\n\t<\/li>\n\n\n    \n\n<li><a href='?page_no=30473'>Last &rsaquo;&rsaquo;<\/a><\/li>\n\n<\/ul>\n\n\n--><br \/>\n<\/body><\/p>\n","protected":false},"excerpt":{"rendered":"<p>Avanza log\u00edstica para la venta directa de productos del\u00a0 agro a bajos precios\u00a0 &#13; SANTO DOMINGO.- La Secretar\u00eda de Agricultura avanza en la log\u00edstica de traslado a las 23 plazas m\u00f3viles de los productos agropecuarios que ser\u00e1n puestos a la venta a precios populares, los cuales, en su mayor\u00eda, presentan una situaci\u00f3n de sobreproducci\u00f3n.&#13; &#13; [&hellip;]<\/p>\n","protected":false},"author":3,"featured_media":0,"comment_status":"open","ping_status":"open","sticky":false,"template":"","format":"standard","meta":{"footnotes":""},"categories":[18],"tags":[],"class_list":["post-123023","post","type-post","status-publish","format-standard","hentry","category-economia"],"_links":{"self":[{"href":"https:\/\/diariodominicano.com\/index.php?rest_route=\/wp\/v2\/posts\/123023","targetHints":{"allow":["GET"]}}],"collection":[{"href":"https:\/\/diariodominicano.com\/index.php?rest_route=\/wp\/v2\/posts"}],"about":[{"href":"https:\/\/diariodominicano.com\/index.php?rest_route=\/wp\/v2\/types\/post"}],"author":[{"embeddable":true,"href":"https:\/\/diariodominicano.com\/index.php?rest_route=\/wp\/v2\/users\/3"}],"replies":[{"embeddable":true,"href":"https:\/\/diariodominicano.com\/index.php?rest_route=%2Fwp%2Fv2%2Fcomments&post=123023"}],"version-history":[{"count":0,"href":"https:\/\/diariodominicano.com\/index.php?rest_route=\/wp\/v2\/posts\/123023\/revisions"}],"wp:attachment":[{"href":"https:\/\/diariodominicano.com\/index.php?rest_route=%2Fwp%2Fv2%2Fmedia&parent=123023"}],"wp:term":[{"taxonomy":"category","embeddable":true,"href":"https:\/\/diariodominicano.com\/index.php?rest_route=%2Fwp%2Fv2%2Fcategories&post=123023"},{"taxonomy":"post_tag","embeddable":true,"href":"https:\/\/diariodominicano.com\/index.php?rest_route=%2Fwp%2Fv2%2Ftags&post=123023"}],"curies":[{"name":"wp","href":"https:\/\/api.w.org\/{rel}","templated":true}]}}