{"id":123020,"date":"2007-07-11T11:03:22","date_gmt":"2007-07-11T11:03:22","guid":{"rendered":"http:\/\/diariodominicano.ddns.net\/?p=123020"},"modified":"2007-07-11T11:03:22","modified_gmt":"2007-07-11T11:03:22","slug":"senado-convierte-en-ley-el-proyecto-para-recapitalizar-el-banco-central","status":"publish","type":"post","link":"https:\/\/diariodominicano.com\/?p=123020","title":{"rendered":"Senado convierte en Ley el proyecto para recapitalizar el Banco Central"},"content":{"rendered":"<p><body><\/p>\n<p align=\"justify\" class=\"titulogrande1\"><strong>Senado  convierte en Ley el proyecto para recapitalizar el Banco Central<\/strong><\/p>\n<p>&#13;<\/p>\n<p align=\"justify\" class=\"text1noticias\"><strong><img loading=\"lazy\" decoding=\"async\" src=\"http:\/\/localhost:8080\/economia\/pictures\/reinaldo pared11.jpg\" width=\"269\" height=\"242\" hspace=\"4\" align=\"left\" \/>La defensa del proyecto de ley la  encabez\u00f3 el presidente del hemiciclo, Reinaldo Pared P\u00e9rez (PLD-Distrito  Nacional), quien advirti\u00f3 que si la iniciativa no era convertida en ley antes  del d\u00eda 15 de este mes se caer\u00eda el acuerdo con el\u00a0 Fondo Monetario  Internacional (FMI).<\/strong><\/p>\n<p>&#13;<\/p>\n<p align=\"justify\" class=\"text1noticias\">SANTO DOMINGO.- El Senado convirti\u00f3  anoche en ley el proyecto que autoriza a la secretar\u00eda de Hacienda\u00a0 emitir  bonos por RD$320 mil millones para la recapitalizaci\u00f3n del Banco Central.\u00a0  La pieza qued\u00f3 convertida en ley al ser aprobada, de urgencia, en dos sesiones  consecutivas y sin enmiendas, tal y como la hab\u00eda sancionado la C\u00e1mara de Diputados.<br \/>&#13;<br \/>\n  <br \/>&#13;<br \/>\n  En las dos sesiones la pieza fue  acogida por los 24 senadores presentes, pese a que las bancadas de los partidos  Revolucionario Dominicano (PRD) y Reformista Social Cristiano (PRSC)  advirtieron que no conoc\u00edan el proyecto, por lo que precisaban de tiempo para  estudiarlo.<br \/>&#13;<br \/>\n  <br \/>&#13;<br \/>\n  El rechazo inicial fue planteado por los  senadores del PRD Andr\u00e9s Bautista Garc\u00eda, de Espaillat; el vocero del bloque  perrede\u00edsta,\u00a0 Roberto Rodr\u00edguez, de El Seibo, as\u00ed como por los reformistas  No\u00e9 Sterling V\u00e1squez, de Barahona, vocero de\u00a0\u00a0 esa bancada, y el tambi\u00e9n\u00a0  reformista\u00a0 Adriano\u00a0 S\u00e1nchez Roa, de El\u00edas Pi\u00f1a.<br \/>&#13;<br \/>\n  <br \/>&#13;<br \/>\n  La defensa de la pieza la encabez\u00f3 el  presidente del hemiciclo, Reinaldo Pared P\u00e9rez (PLD-Distrito Nacional), quien  advirti\u00f3 que si la iniciativa no era convertida en ley antes del d\u00eda 15 de este  mes se caer\u00eda el acuerdo con el\u00a0 Fondo Monetario Internacional (FMI).<br \/>&#13;<br \/>\n\u00a0El art\u00edculo 2 del proyecto  reconoce como p\u00e9rdidas\u00a0 acumuladas del Banco Central, las registradas  desde el a\u00f1o 1947 al 31 de diciembre del 2005, ascendente a RD$\u00a0  202,140,583,818.<br \/>&#13;<br \/>\n<br \/>&#13;<br \/>\nEl art\u00edculo 4\u00a0 establece que  corresponde al Estado cubrir la totalidad de las p\u00e9rdidas del Banco  Central\u00a0 mediante la emisi\u00f3n de bonos de recapitalizaci\u00f3n de la entidad,  el traspaso directo de fondos, aportes provenientes de fondos obtenidos  mediante financiamientos internacionales, as\u00ed como de recursos como resultado  del desarrollo del mercado de otros t\u00edtulos o bonos de deuda p\u00fablica.<br \/>&#13;<br \/>\n<br \/>&#13;<br \/>\n\u00a0Mediante el art\u00edculo 5, la nueva  ley, s\u00f3lo pendiente de la promulgaci\u00f3n del Poder Ejecutivo, autoriza a la  secretar\u00eda\u00a0\u00a0 de Hacienda a emitir,\u00a0 del 2007 al 2016, bonos para  la recapitalizaci\u00f3n del Banco Central\u00a0 por un monto de RD$320 mil  millones.<br \/>&#13;<br \/>\n<br \/>&#13;<br \/>\nMediante el art\u00edculo 6 se  establece una escala del por ciento del Producto Interno Bruto (PIB)\u00a0 que  ser\u00e1 consignado en la Ley  de Gastos P\u00fablicos de cada a\u00f1o\u00a0 para el pago de los intereses del total de  los bonos para la recapitalizaci\u00f3n del Banco Central.<br \/>&#13;<br \/>\n<br \/>&#13;<br \/>\nEl art\u00edculo 8 dispone que durante la  vigencia de esta ley, el gobernador del Banco Central y el secretario de  Hacienda presentar\u00e1n ante el Congreso Nacional\u00a0 y el Poder Ejecutivo,  durante la primera legislatura ordinaria, un reporte sobre el manejo de los  recursos.<br \/>&#13;<br \/>\n<br \/>&#13;<br \/>\n\u00a0A trav\u00e9s del art\u00edculo 11, se crea  una Comisi\u00f3n Bicameral que tendr\u00e1 facultad de establecer los mecanismos  para\u00a0\u00a0 determinar la veracidad y justificaci\u00f3n de los informes\u00a0  citados y, de comprobar irregularidades, disponer la interpelaci\u00f3n\u00a0 de los  titulares del Banco Central y de Hacienda.<br \/>&#13;<br \/>\n<br \/>&#13;<br \/>\n\u00a0El art\u00edculo 13\u00a0 dispone que  el Estado deber\u00e1 realizar la primera emisi\u00f3n parcial de los bonos en base al  monto\u00a0\u00a0 consignado en la   Ley de Gastos P\u00fablicos del 2007, por la suma de RD$5,800  millones, que ser\u00e1n transferidos al Banco Central.<br \/>&#13;<br \/>\n<br \/>&#13;<br \/>\nEl art\u00edculo 14 establece que la falta de  cumplimiento de esta ley por parte de cualquier funcionario constituye una  infracci\u00f3n especial que se castigar\u00e1 con la pena de dos a cinco a\u00f1os y la  degradaci\u00f3n c\u00edvica.<\/p>\n<p>&#13;<\/p>\n<h6> 2007-07-11 11:03:22 <\/h6>\n<p><!--\n<link rel=\"stylesheet\" href=\"css\/bootstrap.min.css\">\n\n\n<ul class=\"pagination\">\n\t    \n\t\n\n<li >\n\t<a href='?page_no=28899'>Previous<\/a>\n\t<\/li>\n\n\n       \n    \n\n<li><a href='?page_no=1'>1<\/a><\/li>\n\n\n\n<li><a href='?page_no=2'>2<\/a><\/li>\n\n\n\n<li><a>...<\/a><\/li>\n\n\n\n<li><a href='?page_no=28898'>28898<\/a><\/li>\n\n\n\n<li><a href='?page_no=28899'>28899<\/a><\/li>\n\n\n\n<li class='active'><a>28900<\/a><\/li>\n\n\n\n<li><a href='?page_no=28901'>28901<\/a><\/li>\n\n\n\n<li><a href='?page_no=28902'>28902<\/a><\/li>\n\n\n\n<li><a>...<\/a><\/li>\n\n\n\n<li><a href='?page_no=30472'>30472<\/a><\/li>\n\n\n\n<li><a href='?page_no=30473'>30473<\/a><\/li>\n\n    \n\t\n\n<li >\n\t<a href='?page_no=28901'>Next<\/a>\n\t<\/li>\n\n\n    \n\n<li><a href='?page_no=30473'>Last &rsaquo;&rsaquo;<\/a><\/li>\n\n<\/ul>\n\n\n--><br \/>\n<\/body><\/p>\n","protected":false},"excerpt":{"rendered":"<p>Senado convierte en Ley el proyecto para recapitalizar el Banco Central &#13; La defensa del proyecto de ley la encabez\u00f3 el presidente del hemiciclo, Reinaldo Pared P\u00e9rez (PLD-Distrito Nacional), quien advirti\u00f3 que si la iniciativa no era convertida en ley antes del d\u00eda 15 de este mes se caer\u00eda el acuerdo con el\u00a0 Fondo Monetario [&hellip;]<\/p>\n","protected":false},"author":3,"featured_media":0,"comment_status":"open","ping_status":"open","sticky":false,"template":"","format":"standard","meta":{"footnotes":""},"categories":[18],"tags":[],"class_list":["post-123020","post","type-post","status-publish","format-standard","hentry","category-economia"],"_links":{"self":[{"href":"https:\/\/diariodominicano.com\/index.php?rest_route=\/wp\/v2\/posts\/123020","targetHints":{"allow":["GET"]}}],"collection":[{"href":"https:\/\/diariodominicano.com\/index.php?rest_route=\/wp\/v2\/posts"}],"about":[{"href":"https:\/\/diariodominicano.com\/index.php?rest_route=\/wp\/v2\/types\/post"}],"author":[{"embeddable":true,"href":"https:\/\/diariodominicano.com\/index.php?rest_route=\/wp\/v2\/users\/3"}],"replies":[{"embeddable":true,"href":"https:\/\/diariodominicano.com\/index.php?rest_route=%2Fwp%2Fv2%2Fcomments&post=123020"}],"version-history":[{"count":0,"href":"https:\/\/diariodominicano.com\/index.php?rest_route=\/wp\/v2\/posts\/123020\/revisions"}],"wp:attachment":[{"href":"https:\/\/diariodominicano.com\/index.php?rest_route=%2Fwp%2Fv2%2Fmedia&parent=123020"}],"wp:term":[{"taxonomy":"category","embeddable":true,"href":"https:\/\/diariodominicano.com\/index.php?rest_route=%2Fwp%2Fv2%2Fcategories&post=123020"},{"taxonomy":"post_tag","embeddable":true,"href":"https:\/\/diariodominicano.com\/index.php?rest_route=%2Fwp%2Fv2%2Ftags&post=123020"}],"curies":[{"name":"wp","href":"https:\/\/api.w.org\/{rel}","templated":true}]}}