{"id":123019,"date":"2007-07-11T11:19:29","date_gmt":"2007-07-11T11:19:29","guid":{"rendered":"http:\/\/diariodominicano.ddns.net\/?p=123019"},"modified":"2007-07-11T11:19:29","modified_gmt":"2007-07-11T11:19:29","slug":"recibira-a-empresarios-espanoles","status":"publish","type":"post","link":"https:\/\/diariodominicano.com\/?p=123019","title":{"rendered":"Recibir\u00e1 a empresarios espa\u00f1oles"},"content":{"rendered":"<p><body><\/p>\n<p align=\"justify\" class=\"titulogrande1\"><strong>Recibir\u00e1 a empresarios  espa\u00f1oles<\/strong><\/p>\n<p>&#13;<\/p>\n<p align=\"justify\" class=\"text1noticias\"><strong><img loading=\"lazy\" decoding=\"async\" src=\"http:\/\/localhost:8080\/economia\/pictures\/leonel1.jpg\" width=\"269\" height=\"298\" hspace=\"4\" align=\"left\" \/>Agotar\u00e1n una agenda que incluye visitas a las principales empresas de  zona franca fabricantes de calzados establecidos en Santo Domingo, Santiago y  Las Am\u00e9ricas.<\/strong><\/p>\n<p>&#13;<\/p>\n<p align=\"justify\" class=\"text1noticias\">SANTO DOMINGO.- El presidente \u00a0Leonel Fern\u00e1ndez, recibir\u00e1 en su despacho del  Palacio Nacional la visita de una delegaci\u00f3n de empresarios de zonas francas de  Espa\u00f1a, quienes sostendr\u00e1n encuentros con industriales del calzado de la Rep\u00fablica Dominicana.<\/p>\n<p>&#13;<\/p>\n<p align=\"justify\" class=\"text1noticias\">Los empresarios permanecer\u00e1n en el pa\u00eds del 11 al 15  del \u00a0mes en curso, con el objetivo de  constatar las posibilidades de inversi\u00f3n en el rengl\u00f3n de calzados, en especial  de los fabricados en las zonas francas industriales.<\/p>\n<p>&#13;<\/p>\n<p align=\"justify\" class=\"text1noticias\">La delegaci\u00f3n est\u00e1 encabezada por\u00a0 el Rafael Calvo, presidente de la Federaci\u00f3n de Industrias  del Calzado Espa\u00f1ol, Javier Garc\u00eda Lillo, director internacional de la  entidad,\u00a0\u00a0 Francisco L\u00f3pez Ruano,  presidente del Grupo Empresarial Igmapa, y Francisco Alcocer\u00a0 Tomas,\u00a0  presidente del grupo de empresas Michel, Alcocer y Fito y Descalzos  Trading.<br \/>&#13;<br \/>\n  La  informaci\u00f3n la ofreci\u00f3 la directora ejecutiva del Consejo Nacional de Zonas  Francas, \u00a0Luisa Fern\u00e1ndez, quien  manifest\u00f3 que la visita se concretiza por gestiones realizadas por el Embajador  dominicano en Espa\u00f1a, Alejandro Gonz\u00e1les Pons. <br \/>&#13;<br \/>\n  Destac\u00f3 que las gestiones del diplom\u00e1tico buscan  nuevas oportunidades de negocios\u00a0 y  dinamizar las actividades\u00a0 del sector  calzado dominicano, para lo cual se desarrollaron dos actividades previas en  Madrid.<\/p>\n<p>&#13;<\/p>\n<p align=\"justify\" class=\"text1noticias\">Los empresarios espa\u00f1oles agotar\u00e1n una agenda que  incluye visitas a las principales empresas de zona franca fabricantes de  calzados establecidos en Santo Domingo, Santiago y Las Am\u00e9ricas.<\/p>\n<p>&#13;<\/p>\n<p align=\"justify\" class=\"text1noticias\">Tambi\u00e9n se han confirmado reuniones \u00a0con los empresarios fabricantes de las firmas  Dclase Shoes, Margarita Internacional, Art\u00edculos de Piel Favoritos, Interbojos,  Notions Dominicana, Componente Footwear Dominicana, Tonga Footwear y Dominican  Wolverine, entre otras. <\/p>\n<p>&#13;<\/p>\n<h6> 2007-07-11 11:19:29 <\/h6>\n<p><!--\n<link rel=\"stylesheet\" href=\"css\/bootstrap.min.css\">\n\n\n<ul class=\"pagination\">\n\t    \n\t\n\n<li >\n\t<a href='?page_no=28898'>Previous<\/a>\n\t<\/li>\n\n\n       \n    \n\n<li><a href='?page_no=1'>1<\/a><\/li>\n\n\n\n<li><a href='?page_no=2'>2<\/a><\/li>\n\n\n\n<li><a>...<\/a><\/li>\n\n\n\n<li><a href='?page_no=28897'>28897<\/a><\/li>\n\n\n\n<li><a href='?page_no=28898'>28898<\/a><\/li>\n\n\n\n<li class='active'><a>28899<\/a><\/li>\n\n\n\n<li><a href='?page_no=28900'>28900<\/a><\/li>\n\n\n\n<li><a href='?page_no=28901'>28901<\/a><\/li>\n\n\n\n<li><a>...<\/a><\/li>\n\n\n\n<li><a href='?page_no=30472'>30472<\/a><\/li>\n\n\n\n<li><a href='?page_no=30473'>30473<\/a><\/li>\n\n    \n\t\n\n<li >\n\t<a href='?page_no=28900'>Next<\/a>\n\t<\/li>\n\n\n    \n\n<li><a href='?page_no=30473'>Last &rsaquo;&rsaquo;<\/a><\/li>\n\n<\/ul>\n\n\n--><br \/>\n<\/body><\/p>\n","protected":false},"excerpt":{"rendered":"<p>Recibir\u00e1 a empresarios espa\u00f1oles &#13; Agotar\u00e1n una agenda que incluye visitas a las principales empresas de zona franca fabricantes de calzados establecidos en Santo Domingo, Santiago y Las Am\u00e9ricas. &#13; SANTO DOMINGO.- El presidente \u00a0Leonel Fern\u00e1ndez, recibir\u00e1 en su despacho del Palacio Nacional la visita de una delegaci\u00f3n de empresarios de zonas francas de Espa\u00f1a, [&hellip;]<\/p>\n","protected":false},"author":3,"featured_media":0,"comment_status":"open","ping_status":"open","sticky":false,"template":"","format":"standard","meta":{"footnotes":""},"categories":[18],"tags":[],"class_list":["post-123019","post","type-post","status-publish","format-standard","hentry","category-economia"],"_links":{"self":[{"href":"https:\/\/diariodominicano.com\/index.php?rest_route=\/wp\/v2\/posts\/123019","targetHints":{"allow":["GET"]}}],"collection":[{"href":"https:\/\/diariodominicano.com\/index.php?rest_route=\/wp\/v2\/posts"}],"about":[{"href":"https:\/\/diariodominicano.com\/index.php?rest_route=\/wp\/v2\/types\/post"}],"author":[{"embeddable":true,"href":"https:\/\/diariodominicano.com\/index.php?rest_route=\/wp\/v2\/users\/3"}],"replies":[{"embeddable":true,"href":"https:\/\/diariodominicano.com\/index.php?rest_route=%2Fwp%2Fv2%2Fcomments&post=123019"}],"version-history":[{"count":0,"href":"https:\/\/diariodominicano.com\/index.php?rest_route=\/wp\/v2\/posts\/123019\/revisions"}],"wp:attachment":[{"href":"https:\/\/diariodominicano.com\/index.php?rest_route=%2Fwp%2Fv2%2Fmedia&parent=123019"}],"wp:term":[{"taxonomy":"category","embeddable":true,"href":"https:\/\/diariodominicano.com\/index.php?rest_route=%2Fwp%2Fv2%2Fcategories&post=123019"},{"taxonomy":"post_tag","embeddable":true,"href":"https:\/\/diariodominicano.com\/index.php?rest_route=%2Fwp%2Fv2%2Ftags&post=123019"}],"curies":[{"name":"wp","href":"https:\/\/api.w.org\/{rel}","templated":true}]}}