{"id":123018,"date":"2007-07-11T16:08:26","date_gmt":"2007-07-11T16:08:26","guid":{"rendered":"http:\/\/diariodominicano.ddns.net\/?p=123018"},"modified":"2007-07-11T16:08:26","modified_gmt":"2007-07-11T16:08:26","slug":"infotep-inaugura-aula-de-capacitacion-virtual","status":"publish","type":"post","link":"https:\/\/diariodominicano.com\/?p=123018","title":{"rendered":"Infotep inaugura aula de capacitaci\u00f3n virtual"},"content":{"rendered":"<p><body><\/p>\n<p class=\"titulogrande1\">Infotep  inaugura aula de capacitaci\u00f3n virtual<\/p>\n<p>&#13;<\/p>\n<p align=\"justify\"><strong>SANTO DOMINGO.-<\/strong><span class=\"text1noticias\"> El Instituto  Nacional de Formaci\u00f3n T\u00e9cnico Profesional (Infotep) dio apertura \u00a0a la primera aula de capacitaci\u00f3n virtual  ubicada en el centro tecnol\u00f3gico de esa instituci\u00f3n.<\/span><\/p>\n<p>&#13;<\/p>\n<p align=\"justify\" class=\"text1noticias\">El proyecto de formaci\u00f3n  abierta, aulas de referencia y plataforma virtual procura ofrecer la  posibilidad de realizar estudios t\u00e9cnicos profesionales, con toda la libertad  de horarios en los lugares m\u00e1s lejanos o apartados del pa\u00eds.<\/p>\n<p>&#13;<\/p>\n<p align=\"justify\" class=\"text1noticias\">En el acto, Melanio Paredes,  director del Infotep, explic\u00f3 a trav\u00e9s de un mensaje virtual que ese m\u00e9todo de  educaci\u00f3n est\u00e1 basado en la transferencia de metodolog\u00eda, el uso de las  tecnolog\u00edas aragonesa y procura establecer un modelo de educaci\u00f3n presencial y  a distancia, que permite extender la formaci\u00f3n profesional a todas las regiones  del pa\u00eds, con prioridad en los sectores m\u00e1s vulnerables.<\/p>\n<p>&#13;<\/p>\n<p align=\"justify\" class=\"text1noticias\">Mientras que Muling Sang Ben,  sub directora general de Infotep, quien estuvo en representaci\u00f3n de Paredes,  consider\u00f3 el programa como un paso de avance en el \u00e1rea de la capacitaci\u00f3n.<\/p>\n<p>&#13;<\/p>\n<p align=\"justify\" class=\"text1noticias\">Asegur\u00f3 que el proyecto  eliminar\u00e1 las barreras geogr\u00e1ficas y econ\u00f3micas que tradicionalmente impiden a  miles de personas acceder a una formaci\u00f3n de calidad. <\/p>\n<p>&#13;<\/p>\n<h6> 2007-07-11 16:08:26 <\/h6>\n<p><!--\n<link rel=\"stylesheet\" href=\"css\/bootstrap.min.css\">\n\n\n<ul class=\"pagination\">\n\t    \n\t\n\n<li >\n\t<a href='?page_no=28897'>Previous<\/a>\n\t<\/li>\n\n\n       \n    \n\n<li><a href='?page_no=1'>1<\/a><\/li>\n\n\n\n<li><a href='?page_no=2'>2<\/a><\/li>\n\n\n\n<li><a>...<\/a><\/li>\n\n\n\n<li><a href='?page_no=28896'>28896<\/a><\/li>\n\n\n\n<li><a href='?page_no=28897'>28897<\/a><\/li>\n\n\n\n<li class='active'><a>28898<\/a><\/li>\n\n\n\n<li><a href='?page_no=28899'>28899<\/a><\/li>\n\n\n\n<li><a href='?page_no=28900'>28900<\/a><\/li>\n\n\n\n<li><a>...<\/a><\/li>\n\n\n\n<li><a href='?page_no=30472'>30472<\/a><\/li>\n\n\n\n<li><a href='?page_no=30473'>30473<\/a><\/li>\n\n    \n\t\n\n<li >\n\t<a href='?page_no=28899'>Next<\/a>\n\t<\/li>\n\n\n    \n\n<li><a href='?page_no=30473'>Last &rsaquo;&rsaquo;<\/a><\/li>\n\n<\/ul>\n\n\n--><br \/>\n<\/body><\/p>\n","protected":false},"excerpt":{"rendered":"<p>Infotep inaugura aula de capacitaci\u00f3n virtual &#13; SANTO DOMINGO.- El Instituto Nacional de Formaci\u00f3n T\u00e9cnico Profesional (Infotep) dio apertura \u00a0a la primera aula de capacitaci\u00f3n virtual ubicada en el centro tecnol\u00f3gico de esa instituci\u00f3n. &#13; El proyecto de formaci\u00f3n abierta, aulas de referencia y plataforma virtual procura ofrecer la posibilidad de realizar estudios t\u00e9cnicos profesionales, [&hellip;]<\/p>\n","protected":false},"author":3,"featured_media":0,"comment_status":"open","ping_status":"open","sticky":false,"template":"","format":"standard","meta":{"footnotes":""},"categories":[18],"tags":[],"class_list":["post-123018","post","type-post","status-publish","format-standard","hentry","category-economia"],"_links":{"self":[{"href":"https:\/\/diariodominicano.com\/index.php?rest_route=\/wp\/v2\/posts\/123018","targetHints":{"allow":["GET"]}}],"collection":[{"href":"https:\/\/diariodominicano.com\/index.php?rest_route=\/wp\/v2\/posts"}],"about":[{"href":"https:\/\/diariodominicano.com\/index.php?rest_route=\/wp\/v2\/types\/post"}],"author":[{"embeddable":true,"href":"https:\/\/diariodominicano.com\/index.php?rest_route=\/wp\/v2\/users\/3"}],"replies":[{"embeddable":true,"href":"https:\/\/diariodominicano.com\/index.php?rest_route=%2Fwp%2Fv2%2Fcomments&post=123018"}],"version-history":[{"count":0,"href":"https:\/\/diariodominicano.com\/index.php?rest_route=\/wp\/v2\/posts\/123018\/revisions"}],"wp:attachment":[{"href":"https:\/\/diariodominicano.com\/index.php?rest_route=%2Fwp%2Fv2%2Fmedia&parent=123018"}],"wp:term":[{"taxonomy":"category","embeddable":true,"href":"https:\/\/diariodominicano.com\/index.php?rest_route=%2Fwp%2Fv2%2Fcategories&post=123018"},{"taxonomy":"post_tag","embeddable":true,"href":"https:\/\/diariodominicano.com\/index.php?rest_route=%2Fwp%2Fv2%2Ftags&post=123018"}],"curies":[{"name":"wp","href":"https:\/\/api.w.org\/{rel}","templated":true}]}}