{"id":123016,"date":"2007-07-11T16:12:21","date_gmt":"2007-07-11T16:12:21","guid":{"rendered":"http:\/\/diariodominicano.ddns.net\/?p=123016"},"modified":"2007-07-11T16:12:21","modified_gmt":"2007-07-11T16:12:21","slug":"rd-tendra-capacidad-de-conectividad-de-4800-megabitios-en-2008-vargas-dice-instalacion-de-cables-alienta-competencia-y-abaratamiento-de-costos-y-tarifas-a-usuarios","status":"publish","type":"post","link":"https:\/\/diariodominicano.com\/?p=123016","title":{"rendered":"RD tendr\u00e1 capacidad de conectividad de 4,800 Megabitios en 2008; Vargas dice instalaci\u00f3n de cables alienta competencia y abaratamiento de costos y tarifas a usuarios"},"content":{"rendered":"<p><body><\/p>\n<p align=\"justify\" class=\"titulogrande1\"><strong>RD tendr\u00e1 capacidad de conectividad de 4,800  Megabitios en 2008; Vargas dice instalaci\u00f3n de cables alienta competencia y  abaratamiento de costos y tarifas a usuarios<\/strong><\/p>\n<p>&#13;<\/p>\n<p align=\"justify\"><strong>SANTO  DOMINGO<\/strong>.- <span class=\"text1noticias\">La   Rep\u00fablica Dominicana contar\u00e1 a partir de\u00a0 los primeros meses del 2008 de un sistema de  cables submarinos de fibras \u00f3pticas con capacidades del orden de los 4,800  Megabitios (medida de interconexi\u00f3n) por segundos, que implica una amplia y  r\u00e1pida base de conectividad del pa\u00eds con el mundo, afirm\u00f3 el presidente de la Comisi\u00f3n Nacional  para la Sociedad  de la Informaci\u00f3n  y el Conocimiento (CNSIC).<\/span><\/p>\n<p>&#13;<\/p>\n<p align=\"justify\" class=\"text1noticias\">Jos\u00e9 Rafael Vargas, secretario  de Estado y presidente del Instituto Dominicano de las Telecomunicaciones  (Indotel), dijo que en la actualidad, desde el punto de vista internacional, el  pa\u00eds se encuentra interconectado a trav\u00e9s de tres (3) sistemas de cable  submarinos de fibra \u00f3ptica, con una gran capacidad.<\/p>\n<p>&#13;<\/p>\n<p align=\"justify\" class=\"text1noticias\">Refiri\u00f3 que al pa\u00eds llegan los  cables Antillas 1, con una capacidad de 2.5 Megabitios por segundo; Arcos, con  una capacidad de 35 Megabitios por segundos y FibraLink, que fue\u00a0 autorizado en el a\u00f1o 2005, con una capacidad  de 40 Megabitios por segundos, los cuales, los dos primeros, permiten  conectividad con otros sistemas globales, mientras que el tercero y m\u00e1s  reciente solo permite conectividad con Jamaica. <\/p>\n<p>&#13;<\/p>\n<p align=\"justify\" class=\"text1noticias\">Agreg\u00f3 que \u201calgunas de estas  iniciativas podr\u00edan estar operando para los primeros meses del a\u00f1o pr\u00f3ximo y se  espera que estar\u00e1n facilitando a los operadores dominicanos, con capacidades  del orden de los 4,800 Megabitios por segundos. Eso representar\u00eda para el pa\u00eds  un punto de apoyo fundamental en este momento\u201d. <\/p>\n<p>&#13;<\/p>\n<p align=\"justify\" class=\"text1noticias\">Manifest\u00f3 que cuando se inicio  la modalidad de los cables submarinos de fibra \u00f3ptica, el pa\u00eds, en t\u00e9rminos de  sus necesidades de ancho de banda, era muy peque\u00f1o.\u00a0 \u201c<\/p>\n<p>&#13;<\/p>\n<p align=\"justify\" class=\"text1noticias\">Explic\u00f3 que la geograf\u00eda de  los puntos de acceso no eran muy relevantes y obedec\u00edan m\u00e1s bien a  conveniencias log\u00edsticas del recorrido del cable,\u00a0 hoy d\u00eda, sin embargo, \u201ccon los grandes  requerimientos del pa\u00eds, se necesita m\u00e1s ancho de banda y una diversificaci\u00f3n  de sus puntos de entrada al pa\u00eds, de manera que se facilite y se haga m\u00e1s  barato su uso\u201d.<\/p>\n<p>&#13;<\/p>\n<p align=\"justify\" class=\"text1noticias\">\u201cPor eso quiero decir hoy  aqu\u00ed, que estamos muy cerca de otros cables internacionales, incluso uno podr\u00eda  hacer su aterrizaje en la costa sur del pa\u00eds. Me refiero a los intentos que en  este sentido ha emprendido el sistema de cable Emergia de la empresa Telef\u00f3nica  y el otro es una extensi\u00f3n del Sistema de Fibra \u00d3ptica del Caribe Oriental, que  se ha planeado hasta la vecina Rep\u00fablica de Hait\u00ed, con una extensi\u00f3n hasta Santo  Domingo\u201d, enfatiz\u00f3 \u00a0Vargas, y agreg\u00f3:<\/p>\n<p>&#13;<\/p>\n<p align=\"justify\" class=\"text1noticias\">\u201cAlgunas de estas iniciativas  podr\u00edan estar operando para los primeros meses del a\u00f1o pr\u00f3ximo y se espera que  estar\u00e1n facilitando a los operadores dominicanos, con capacidades del orden de  los 4,800 Megabitios por segundos. Eso representar\u00eda para el pa\u00eds un punto de  apoyo fundamental en este momento\u201d. <\/p>\n<p>&#13;<\/p>\n<p align=\"justify\" class=\"text1noticias\"><strong>El  transporte digital<\/strong><\/p>\n<p>&#13;<\/p>\n<p align=\"justify\" class=\"text1noticias\">Vargas hizo notar, sin  embargo, que lo importante, adem\u00e1s de la instalaci\u00f3n de estos cables, es  \u201clograr que los beneficios lleguen hacia sus usuarios finales, que son los  ciudadanos comunes\u201d.<\/p>\n<p>&#13;<\/p>\n<p align=\"justify\" class=\"text1noticias\">Seg\u00fan expres\u00f3, \u201cde nada sirve  tener capacidades del orden de la que hablamos, si esta no puede ser  transportada hasta quienes ser\u00e1n sus usuarios finales, sean estos simples  ciudadanos o ciudadanas o los m\u00e1s complejos negocios basados en la alta  tecnolog\u00eda y el uso del conocimiento\u201d.<\/p>\n<p>&#13;<\/p>\n<p align=\"justify\" class=\"text1noticias\">En tal sentido, el presidente  del Indotel favoreci\u00f3 que conjuntamente con la instalaci\u00f3n de estos cables, se  de \u201ccapilaridad al ancho de banda\u201d, promoviendo y apoyando iniciativas  tendentes a mejorar la red nacional de distribuci\u00f3n de informaci\u00f3n del pa\u00eds.<\/p>\n<p>&#13;<\/p>\n<p align=\"justify\" class=\"text1noticias\">Dijo que saludaba con  benepl\u00e1cito la reciente construcci\u00f3n por parte de Orange Dominicana, de una red de fibra \u00f3ptica soterrada que se  extiende desde Santo Domingo hasta Puerto Plata,  pasando por las principales ciudades de su recorrido.<\/p>\n<p>&#13;<\/p>\n<p align=\"justify\" class=\"text1noticias\">\u201cEs nuestra esperanza  \u2013subray\u00f3- que esta nueva supercarretera de informaci\u00f3n se constituya en una  alternativa a las ya existente y que con su participaci\u00f3n se haga mas barato y  eficiente el transporte de informaci\u00f3n entre el norte y el sur del pa\u00eds\u201d. <\/p>\n<p>&#13;<\/p>\n<p align=\"justify\" class=\"text1noticias\">Indic\u00f3 que Orange ha  comunicado que tambi\u00e9n extender\u00e1 otro cable desde Santo Domingo hasta el Parque  Cibern\u00e9tico de Santo Domingo,  contemplando ampliarlo hasta todo el Este pr\u00f3ximamente. \u201cEso alienta la  competencia, y esperamos que se  constituya en un instrumento vital de abaratamiento de los costos y de las  tarifas a favor de los usuarios\u201d, enfatiz\u00f3 el doctor Vargas. <\/p>\n<p>&#13;<\/p>\n<p align=\"justify\" class=\"text1noticias\">Se\u00f1al\u00f3 que de igual modo  saluda los esfuerzos que vienen realizando algunas prestadoras emergentes como  lo son Wind Telecom y OneMax quienes est\u00e1n prontos a lanzar sistemas  inal\u00e1mbricos de banda ancha con una amplia cobertura. <\/p>\n<p>&#13;<\/p>\n<p align=\"justify\" class=\"text1noticias\">Precis\u00f3 que \u201cla empresa Wind  Telecom est\u00e1 en el proceso de construir un backbone de radio de muy alta capacidad  que tambi\u00e9n enlazar\u00e1 las provincias del Norte con las del Sur, dando  redundancia a los sistemas ya existentes\u201d.<\/p>\n<p>&#13;<\/p>\n<p align=\"justify\" class=\"text1noticias\"><strong>La   Capilaridad Digital y  CDEEE<\/strong><\/p>\n<p>&#13;<\/p>\n<p align=\"justify\" class=\"text1noticias\">Por otra parte, el doctor  Vargas inform\u00f3 que el Indotel, desde su rol como propulsor de las telecomunicaciones  por mandato de ley, ha querido promover en conjunto con otra instituci\u00f3n del  Estado, la CDEEE,  una red nacional de fibra \u00f3ptica sobre las l\u00edneas de alto voltaje de esa  entidad estatal. <\/p>\n<p>&#13;<\/p>\n<p align=\"justify\" class=\"text1noticias\">\u201cEsta es una tecnolog\u00eda que se  ha utilizado de manera exitosa en otros pa\u00edses y que creemos que puede ser un  veh\u00edculo muy poderoso para llevar la banda ancha hasta donde quiera que lleguen  las l\u00edneas el\u00e9ctricas\u201d, precis\u00f3. <\/p>\n<p>&#13;<\/p>\n<p align=\"justify\" class=\"text1noticias\">Consider\u00f3 que este podr\u00eda ser  un interesante modelo, pues la idea que tenemos es lograr armonizar los  intereses de una entidad estatal como la CDEEE y los del sector privado, a trav\u00e9s de las  empresas prestadoras de servicios de telecomunicaciones. <\/p>\n<p>&#13;<\/p>\n<p align=\"justify\" class=\"text1noticias\">\u201cDe manera que la inversi\u00f3n  del Estado ser\u00edan las redes, mientras que las empresas interesadas aportar\u00edan  el capital, y dependiendo de su participaci\u00f3n, tendr\u00edan un margen de uso de esa  fibra\u201d, resalt\u00f3. <\/p>\n<p>&#13;<\/p>\n<p align=\"justify\" class=\"text1noticias\">Precis\u00f3 que \u201cesta iniciativa  nos resolver\u00eda r\u00e1pidamente el problema de conectividad del pa\u00eds, garantizando  banda ancha a todas las comunidades construcci\u00f3n, dotado de la m\u00e1s avanzada  tecnolog\u00eda a nivel global en lo que a sistemas de interconexi\u00f3n de Internet y  seguridad se refiere\u201d. <\/p>\n<p>&#13;<\/p>\n<p align=\"justify\" class=\"text1noticias\">\u201cComo un caso similar al  anterior, queremos saludar tambi\u00e9n una iniciativa de la empresa generadora de  electricidad, Consorcio El\u00e9ctrico Puntacana-Macao, (CEPM), quienes construyen  un sistema de l\u00edneas de alto voltaje para enlazar sus plantas localizadas en  Punta Cana, La Romana  y San Pedro de Macor\u00eds y sobre las cuales colocar\u00e1n un cable de fibra \u00f3ptica  sobre el cable guarda de tierra\u201d, signific\u00f3.<\/p>\n<p>&#13;<\/p>\n<p align=\"justify\" class=\"text1noticias\">Sostuvo que el Consorcio  El\u00e9ctrico Punta Cana-Macao en la actualidad ofrece su servicio de transporte de  informaci\u00f3n a empresas de telecomunicaciones y empresas privadas en la zona  Este del pa\u00eds.<\/p>\n<p>&#13;<\/p>\n<p align=\"justify\" class=\"text1noticias\"><strong>El  NAP del Caribe y distribuci\u00f3n del Internet<\/strong><\/p>\n<p>&#13;<\/p>\n<p align=\"justify\" class=\"text1noticias\">Por otra parte, el doctor  Vargas se\u00f1al\u00f3 que \u201cOtro punto importante en este proceso que vive el sector en  los \u00faltimos a\u00f1os, es la instalaci\u00f3n en el pa\u00eds del Nap del Caribe, que abre la  posibilidad de centralizar todos los accesos en un solo punto, en donde se  puedan hacer presentes a una distancia cero los proveedores y usuarios de ancho  de banda, bajo condiciones de alta seguridad f\u00edsica, el\u00e9ctrica y ambiental. <\/p>\n<p>&#13;<\/p>\n<p align=\"justify\" class=\"text1noticias\">Dijo que desde hace ya unos  meses, se ha iniciado el proceso de coordinaci\u00f3n y construcci\u00f3n del NAP del  Caribe, que estar\u00e1 localizado en el Parque Cibern\u00e9tico de Santo Domingo.  \u201cConstar\u00e1 de un edificio de unos 6,700 metros cuadrados,  y ha contado con el apoyo del gobierno dominicano por entenderlo como una de  las piedras angulares de su pol\u00edtica de crear un nuevo paradigma de desarrollo  basado en el uso de la tecnolog\u00eda y el conocimiento. Se espera que el NAP del  Caribe est\u00e9 listo para operar en los primeros meses del 2008\u201d,<\/p>\n<p>&#13;<\/p>\n<h6> 2007-07-11 16:12:21 <\/h6>\n<p><!--\n<link rel=\"stylesheet\" href=\"css\/bootstrap.min.css\">\n\n\n<ul class=\"pagination\">\n\t    \n\t\n\n<li >\n\t<a href='?page_no=28895'>Previous<\/a>\n\t<\/li>\n\n\n       \n    \n\n<li><a href='?page_no=1'>1<\/a><\/li>\n\n\n\n<li><a href='?page_no=2'>2<\/a><\/li>\n\n\n\n<li><a>...<\/a><\/li>\n\n\n\n<li><a href='?page_no=28894'>28894<\/a><\/li>\n\n\n\n<li><a href='?page_no=28895'>28895<\/a><\/li>\n\n\n\n<li class='active'><a>28896<\/a><\/li>\n\n\n\n<li><a href='?page_no=28897'>28897<\/a><\/li>\n\n\n\n<li><a href='?page_no=28898'>28898<\/a><\/li>\n\n\n\n<li><a>...<\/a><\/li>\n\n\n\n<li><a href='?page_no=30472'>30472<\/a><\/li>\n\n\n\n<li><a href='?page_no=30473'>30473<\/a><\/li>\n\n    \n\t\n\n<li >\n\t<a href='?page_no=28897'>Next<\/a>\n\t<\/li>\n\n\n    \n\n<li><a href='?page_no=30473'>Last &rsaquo;&rsaquo;<\/a><\/li>\n\n<\/ul>\n\n\n--><br \/>\n<\/body><\/p>\n","protected":false},"excerpt":{"rendered":"<p>RD tendr\u00e1 capacidad de conectividad de 4,800 Megabitios en 2008; Vargas dice instalaci\u00f3n de cables alienta competencia y abaratamiento de costos y tarifas a usuarios &#13; SANTO DOMINGO.- La Rep\u00fablica Dominicana contar\u00e1 a partir de\u00a0 los primeros meses del 2008 de un sistema de cables submarinos de fibras \u00f3pticas con capacidades del orden de los [&hellip;]<\/p>\n","protected":false},"author":3,"featured_media":0,"comment_status":"open","ping_status":"open","sticky":false,"template":"","format":"standard","meta":{"footnotes":""},"categories":[18],"tags":[],"class_list":["post-123016","post","type-post","status-publish","format-standard","hentry","category-economia"],"_links":{"self":[{"href":"https:\/\/diariodominicano.com\/index.php?rest_route=\/wp\/v2\/posts\/123016","targetHints":{"allow":["GET"]}}],"collection":[{"href":"https:\/\/diariodominicano.com\/index.php?rest_route=\/wp\/v2\/posts"}],"about":[{"href":"https:\/\/diariodominicano.com\/index.php?rest_route=\/wp\/v2\/types\/post"}],"author":[{"embeddable":true,"href":"https:\/\/diariodominicano.com\/index.php?rest_route=\/wp\/v2\/users\/3"}],"replies":[{"embeddable":true,"href":"https:\/\/diariodominicano.com\/index.php?rest_route=%2Fwp%2Fv2%2Fcomments&post=123016"}],"version-history":[{"count":0,"href":"https:\/\/diariodominicano.com\/index.php?rest_route=\/wp\/v2\/posts\/123016\/revisions"}],"wp:attachment":[{"href":"https:\/\/diariodominicano.com\/index.php?rest_route=%2Fwp%2Fv2%2Fmedia&parent=123016"}],"wp:term":[{"taxonomy":"category","embeddable":true,"href":"https:\/\/diariodominicano.com\/index.php?rest_route=%2Fwp%2Fv2%2Fcategories&post=123016"},{"taxonomy":"post_tag","embeddable":true,"href":"https:\/\/diariodominicano.com\/index.php?rest_route=%2Fwp%2Fv2%2Ftags&post=123016"}],"curies":[{"name":"wp","href":"https:\/\/api.w.org\/{rel}","templated":true}]}}