{"id":123011,"date":"2007-07-12T13:29:20","date_gmt":"2007-07-12T13:29:20","guid":{"rendered":"http:\/\/diariodominicano.ddns.net\/?p=123011"},"modified":"2007-07-12T13:29:20","modified_gmt":"2007-07-12T13:29:20","slug":"administracion-bagricola-introduce-cambios-en-el-personal-para-reforma","status":"publish","type":"post","link":"https:\/\/diariodominicano.com\/?p=123011","title":{"rendered":"Administraci\u00f3n Bagr\u00edcola introduce cambios en el personal para reforma"},"content":{"rendered":"<p><body><\/p>\n<p align=\"justify\"><span class=\"titulogrande1\">Administraci\u00f3n  Bagr\u00edcola introduce cambios  en el personal para reforma<\/span><br \/>&#13;<br \/>\n  \u00a0<br \/>&#13;<br \/>\n  <strong>Santo Domingo.-<\/strong><span class=\"text1noticias\"> La Administraci\u00f3n General  del Banco Agr\u00edcola dispuso varios cambios en el equipo ejecutivo y en gerencias  de sucursales, dirigidos hacia el fortalecimiento de la transformaci\u00f3n de la  instituci\u00f3n y a dinamizar las actividades operacionales.<br \/>&#13;<br \/>\n  \u00a0<br \/>&#13;<br \/>\n  Pa\u00edno Abreu Collado,  administrador general del Bagr\u00edcola, est\u00e1 concentrado en lograr optimar los  recursos humanos,\u00a0 pol\u00edtica que va  dirigida a convertir la instituci\u00f3n en un Banco de Desarrollo Rural de Ahorro y  Cr\u00e9dito, para que pueda responder a los  requerimientos financieros crediticios y que demanda la sociedad rural de estos  tiempos.<br \/>&#13;<br \/>\n  \u00a0<br \/>&#13;<br \/>\n  La Administraci\u00f3n General design\u00f3 a Joaqu\u00edn Matos F\u00e9liz como contralor. En  tanto, que \u00a0Weng Peng Le\u00f3n P\u00e9rez, quien  ocupaba la gerencia de la sucursal de Santiago fue  llevado al frente de la   Direcci\u00f3n de Planeaci\u00f3n Estrat\u00e9gica.<br \/>&#13;<br \/>\n  \u00a0<br \/>&#13;<br \/>\n  Rafael Cruz Robles fue  designado gerente de la sucursal de Santiago, mientras que \u00a0Esteban Bonifacio Ferm\u00edn pas\u00f3 al frente de  la\u00a0 sucursal de Barahona. <br \/>&#13;<br \/>\n  \u00a0<br \/>&#13;<br \/>\n  Adem\u00e1s, \u00a0Julio C\u00e9sar Garc\u00eda, quien se desempa\u00f1aba como  subgerente de Negocios en la sucursal de La Vega, pas\u00f3 a ocupar la gerencia de Salcedo en  lugar de Octavio Guzm\u00e1n P\u00e9rez, quien pas\u00f3 a desempe\u00f1ar la misma funci\u00f3n en Cotu\u00ed.<br \/>&#13;<br \/>\n  \u00a0<br \/>&#13;<br \/>\n  Al posesionar al nuevo  gerente de la sucursal de Salcedo, el administrador del Banco Agr\u00edcola dijo que  los cambios en el personal vendr\u00e1n a dinamizar la pol\u00edtica crediticia hacia los  productores agropecuarios y a profundizar los estudios para la reforma de la instituci\u00f3n,  que se encamina a convertirse en un banco de desarrollo rural de primer y  segundo piso.<br \/>&#13;<br \/>\n  \u00a0<br \/>&#13;<br \/>\n  Juan Tom\u00e1s G\u00f3mez Williams,  quien ocupaba la gerencia de Cotu\u00ed, pas\u00f3 con la misma funci\u00f3n a Monte Plata.  Mientras que el gerente Miguel de los Santos Madera Jim\u00e9nez fue enviado de  R\u00edo San Juan a la sucursal de Moncristi y Jorge Luis Henriquez de Arenoso fue  llevado a R\u00edo San Juan. Tambi\u00e9n, Bruno Blanco Rodr\u00edguez fue trasladado desde  Montecristi a Arenoso.<\/span><\/p>\n<p>&#13;<\/p>\n<h6> 2007-07-12 13:29:20 <\/h6>\n<p><!--\n<link rel=\"stylesheet\" href=\"css\/bootstrap.min.css\">\n\n\n<ul class=\"pagination\">\n\t    \n\t\n\n<li >\n\t<a href='?page_no=28890'>Previous<\/a>\n\t<\/li>\n\n\n       \n    \n\n<li><a href='?page_no=1'>1<\/a><\/li>\n\n\n\n<li><a href='?page_no=2'>2<\/a><\/li>\n\n\n\n<li><a>...<\/a><\/li>\n\n\n\n<li><a href='?page_no=28889'>28889<\/a><\/li>\n\n\n\n<li><a href='?page_no=28890'>28890<\/a><\/li>\n\n\n\n<li class='active'><a>28891<\/a><\/li>\n\n\n\n<li><a href='?page_no=28892'>28892<\/a><\/li>\n\n\n\n<li><a href='?page_no=28893'>28893<\/a><\/li>\n\n\n\n<li><a>...<\/a><\/li>\n\n\n\n<li><a href='?page_no=30472'>30472<\/a><\/li>\n\n\n\n<li><a href='?page_no=30473'>30473<\/a><\/li>\n\n    \n\t\n\n<li >\n\t<a href='?page_no=28892'>Next<\/a>\n\t<\/li>\n\n\n    \n\n<li><a href='?page_no=30473'>Last &rsaquo;&rsaquo;<\/a><\/li>\n\n<\/ul>\n\n\n--><br \/>\n<\/body><\/p>\n","protected":false},"excerpt":{"rendered":"<p>Administraci\u00f3n Bagr\u00edcola introduce cambios en el personal para reforma&#13; \u00a0&#13; Santo Domingo.- La Administraci\u00f3n General del Banco Agr\u00edcola dispuso varios cambios en el equipo ejecutivo y en gerencias de sucursales, dirigidos hacia el fortalecimiento de la transformaci\u00f3n de la instituci\u00f3n y a dinamizar las actividades operacionales.&#13; \u00a0&#13; Pa\u00edno Abreu Collado, administrador general del Bagr\u00edcola, est\u00e1 [&hellip;]<\/p>\n","protected":false},"author":3,"featured_media":0,"comment_status":"open","ping_status":"open","sticky":false,"template":"","format":"standard","meta":{"footnotes":""},"categories":[18],"tags":[],"class_list":["post-123011","post","type-post","status-publish","format-standard","hentry","category-economia"],"_links":{"self":[{"href":"https:\/\/diariodominicano.com\/index.php?rest_route=\/wp\/v2\/posts\/123011","targetHints":{"allow":["GET"]}}],"collection":[{"href":"https:\/\/diariodominicano.com\/index.php?rest_route=\/wp\/v2\/posts"}],"about":[{"href":"https:\/\/diariodominicano.com\/index.php?rest_route=\/wp\/v2\/types\/post"}],"author":[{"embeddable":true,"href":"https:\/\/diariodominicano.com\/index.php?rest_route=\/wp\/v2\/users\/3"}],"replies":[{"embeddable":true,"href":"https:\/\/diariodominicano.com\/index.php?rest_route=%2Fwp%2Fv2%2Fcomments&post=123011"}],"version-history":[{"count":0,"href":"https:\/\/diariodominicano.com\/index.php?rest_route=\/wp\/v2\/posts\/123011\/revisions"}],"wp:attachment":[{"href":"https:\/\/diariodominicano.com\/index.php?rest_route=%2Fwp%2Fv2%2Fmedia&parent=123011"}],"wp:term":[{"taxonomy":"category","embeddable":true,"href":"https:\/\/diariodominicano.com\/index.php?rest_route=%2Fwp%2Fv2%2Fcategories&post=123011"},{"taxonomy":"post_tag","embeddable":true,"href":"https:\/\/diariodominicano.com\/index.php?rest_route=%2Fwp%2Fv2%2Ftags&post=123011"}],"curies":[{"name":"wp","href":"https:\/\/api.w.org\/{rel}","templated":true}]}}