{"id":123009,"date":"2007-07-12T13:50:07","date_gmt":"2007-07-12T13:50:07","guid":{"rendered":"http:\/\/diariodominicano.ddns.net\/?p=123009"},"modified":"2007-07-12T13:50:07","modified_gmt":"2007-07-12T13:50:07","slug":"metaleros-acogen-decreto-regula-exportacion","status":"publish","type":"post","link":"https:\/\/diariodominicano.com\/?p=123009","title":{"rendered":"Metaleros acogen decreto regula exportaci\u00f3n"},"content":{"rendered":"<p><body><\/p>\n<p align=\"justify\"><span class=\"titulogrande1\">Metaleros  acogen decreto regula exportaci\u00f3n<\/span><br \/>&#13;<br \/>\n  \u00a0:<br \/>&#13;<br \/>\n  <strong>SANTO DOMINGO._<\/strong> <span class=\"text1noticias\">La Asociaci\u00f3n de Metaleros  del Distrito Nacional y la   Provincia de Santo Domingo (ASOMEDPROSA), acogi\u00f3 \u00a0como bueno y valido el decreto 334-07 emitido  por el Poder Ejecutivo para regularizaci\u00f3n de la exportaci\u00f3n de chatarras y  desperdicios met\u00e1licos.<\/span><\/p>\n<p>&#13;<\/p>\n<p align=\"justify\" class=\"text1noticias\">Febian Reyes, presidente de  la entidad, dijo que el decreto que regula la exportaci\u00f3n de chatarras va a  solucionar el problema del robo de cables el\u00e9ctricos y telecomunicaciones, al  igual que de otros metales de propiedad Estatal y privada.<\/p>\n<p>&#13;<\/p>\n<p align=\"justify\" class=\"text1noticias\">Dijo que\u00a0 \u201cnos acogemos a la disposici\u00f3n emanada por el  Poder Ejecutivo, por ser saludable a nuestro sector organizado regido por las  leyes nacionales y al pa\u00eds, el cual busca transparentar el comercio de la exportaci\u00f3n  de chatarras y elimina la ilegalidad\u201d.<\/p>\n<p>&#13;<\/p>\n<p align=\"justify\" class=\"text1noticias\">Indic\u00f3 que como una forma de  garantizar el cumplimiento del decreto, se ha encargado al Centro de  Exportaci\u00f3n e Inversi\u00f3n de la Republica Dominicana CEI-RD y el Consejo Nacional  de Zonas Francas CNZFE, los que exigir\u00e1n a los interesados formalizar su  registro.<\/p>\n<p>&#13;<\/p>\n<p align=\"justify\" class=\"text1noticias\">Apunt\u00f3 que \u201chemos denunciado  en diferentes ocasiones que la ra\u00edz del mal esta en el mercado informal, en  compa\u00f1\u00edas y personas f\u00edsicas que ingresan al pa\u00eds en busca de oportunidades y  que no son supervisados y sus embarques no son revisados por ser supuestamente  inversionistas extranjeros \u201d.<\/p>\n<p>&#13;<\/p>\n<p align=\"justify\" class=\"text1noticias\">Dijo esperar que en lo adelante las  autoridades gubernamentales den fiel cumplimiento al decreto 334-07, que regula  la exportaci\u00f3n de chatarras, para poner fin al robo de cables el\u00e9ctricos, de  telecomunicaciones, tarjas y tapas de alcantarillado.<br \/>&#13;<br \/>\n  \u00a0<br \/>&#13;<br \/>\n  En otro orden, el Presidente  de la Asociaci\u00f3n  de Metaleros del Distrito Nacional y la Provincia Santo  Domingo, expres\u00f3 su oposici\u00f3n al proyecto de ley que cursa en la C\u00e1mara de Diputados, que  busca prohibir la exportaci\u00f3n de cobre.<\/p>\n<p>&#13;<\/p>\n<p align=\"justify\" class=\"text1noticias\">Se\u00f1al\u00f3 que una ley de esa  naturaleza perjudicar\u00eda la exportaci\u00f3n de materiales de cobre reciclables, por  cambio de redes por parte de las empresas el\u00e9ctricas, embobinados, l\u00e1minas de  calentamientos y radiadores, entre otros.\u00a0\u00a0 <\/p>\n<p>&#13;<\/p>\n<p align=\"justify\" class=\"text1noticias\">A\u00f1adi\u00f3 que el cobre en  referencia para la exportaci\u00f3n esta sujeto a\u00a0  contratos de licitaci\u00f3n para la recolecci\u00f3n y limpieza de desechos que  hemos ganado en la empresa EDESUR y EDENORTE.<\/p>\n<p>&#13;<\/p>\n<p align=\"justify\" class=\"text1noticias\">Insisti\u00f3 que ese cobre que se  exporta se hace bajo contrato con las empresas extranjeras y que cumplen con  todas las regulaciones legales, por lo que esto debe tomarse en cuenta al  momento de estudiar el proyecto de ley.<\/p>\n<p>&#13;<\/p>\n<p align=\"justify\" class=\"text1noticias\">\u201cEstamos haciendo un  vehemente llamado al presidente de la   C\u00e1mara de Diputados, licenciado Julio C\u00e9sar Valent\u00edn  Jiminian, para que tome en consideraci\u00f3n la posici\u00f3n de ASOMEDPROSA, la que han  planteado a los diputados Pelegrin Castillo, Reynaldo Pared P\u00e9rez y Francisco  Dom\u00ednguez Brito, quienes la han comprendido y aportado nuevas ideas al  respecto\u201d, signific\u00f3 Reyes.<\/p>\n<p>&#13;<\/p>\n<h6> 2007-07-12 13:50:07 <\/h6>\n<p><!--\n<link rel=\"stylesheet\" href=\"css\/bootstrap.min.css\">\n\n\n<ul class=\"pagination\">\n\t    \n\t\n\n<li >\n\t<a href='?page_no=28888'>Previous<\/a>\n\t<\/li>\n\n\n       \n    \n\n<li><a href='?page_no=1'>1<\/a><\/li>\n\n\n\n<li><a href='?page_no=2'>2<\/a><\/li>\n\n\n\n<li><a>...<\/a><\/li>\n\n\n\n<li><a href='?page_no=28887'>28887<\/a><\/li>\n\n\n\n<li><a href='?page_no=28888'>28888<\/a><\/li>\n\n\n\n<li class='active'><a>28889<\/a><\/li>\n\n\n\n<li><a href='?page_no=28890'>28890<\/a><\/li>\n\n\n\n<li><a href='?page_no=28891'>28891<\/a><\/li>\n\n\n\n<li><a>...<\/a><\/li>\n\n\n\n<li><a href='?page_no=30472'>30472<\/a><\/li>\n\n\n\n<li><a href='?page_no=30473'>30473<\/a><\/li>\n\n    \n\t\n\n<li >\n\t<a href='?page_no=28890'>Next<\/a>\n\t<\/li>\n\n\n    \n\n<li><a href='?page_no=30473'>Last &rsaquo;&rsaquo;<\/a><\/li>\n\n<\/ul>\n\n\n--><br \/>\n<\/body><\/p>\n","protected":false},"excerpt":{"rendered":"<p>Metaleros acogen decreto regula exportaci\u00f3n&#13; \u00a0:&#13; SANTO DOMINGO._ La Asociaci\u00f3n de Metaleros del Distrito Nacional y la Provincia de Santo Domingo (ASOMEDPROSA), acogi\u00f3 \u00a0como bueno y valido el decreto 334-07 emitido por el Poder Ejecutivo para regularizaci\u00f3n de la exportaci\u00f3n de chatarras y desperdicios met\u00e1licos. &#13; Febian Reyes, presidente de la entidad, dijo que el [&hellip;]<\/p>\n","protected":false},"author":3,"featured_media":0,"comment_status":"open","ping_status":"open","sticky":false,"template":"","format":"standard","meta":{"footnotes":""},"categories":[18],"tags":[],"class_list":["post-123009","post","type-post","status-publish","format-standard","hentry","category-economia"],"_links":{"self":[{"href":"https:\/\/diariodominicano.com\/index.php?rest_route=\/wp\/v2\/posts\/123009","targetHints":{"allow":["GET"]}}],"collection":[{"href":"https:\/\/diariodominicano.com\/index.php?rest_route=\/wp\/v2\/posts"}],"about":[{"href":"https:\/\/diariodominicano.com\/index.php?rest_route=\/wp\/v2\/types\/post"}],"author":[{"embeddable":true,"href":"https:\/\/diariodominicano.com\/index.php?rest_route=\/wp\/v2\/users\/3"}],"replies":[{"embeddable":true,"href":"https:\/\/diariodominicano.com\/index.php?rest_route=%2Fwp%2Fv2%2Fcomments&post=123009"}],"version-history":[{"count":0,"href":"https:\/\/diariodominicano.com\/index.php?rest_route=\/wp\/v2\/posts\/123009\/revisions"}],"wp:attachment":[{"href":"https:\/\/diariodominicano.com\/index.php?rest_route=%2Fwp%2Fv2%2Fmedia&parent=123009"}],"wp:term":[{"taxonomy":"category","embeddable":true,"href":"https:\/\/diariodominicano.com\/index.php?rest_route=%2Fwp%2Fv2%2Fcategories&post=123009"},{"taxonomy":"post_tag","embeddable":true,"href":"https:\/\/diariodominicano.com\/index.php?rest_route=%2Fwp%2Fv2%2Ftags&post=123009"}],"curies":[{"name":"wp","href":"https:\/\/api.w.org\/{rel}","templated":true}]}}