{"id":123008,"date":"2007-07-12T17:23:32","date_gmt":"2007-07-12T17:23:32","guid":{"rendered":"http:\/\/diariodominicano.ddns.net\/?p=123008"},"modified":"2007-07-12T17:23:32","modified_gmt":"2007-07-12T17:23:32","slug":"edesur-incluye-a-gala-v-alameda-y-almendra-en-el-conjunto-de-los-circuitos-24-horas","status":"publish","type":"post","link":"https:\/\/diariodominicano.com\/?p=123008","title":{"rendered":"Edesur incluye a Gal\u00e1 V,  Alameda y  Almendr\u00e1 en el conjunto de los circuitos 24 horas"},"content":{"rendered":"<p><body><\/p>\n<p class=\"titulogrande1\">Edesur incluye a Gal\u00e1 V, \u00a0Alameda y Almendr\u00e1 en el conjunto de los circuitos 24  horas<\/p>\n<p>&#13;<\/p>\n<p align=\"justify\" class=\"text1noticias\">Edesur Dominicana (EDESUR)  inform\u00f3 hoy que a partir del pr\u00f3ximo lunes\u00a0  16 de julio \u00a0las comunidades de  Alameda, Almendra\u00a0 y \u00a0Gal\u00e1 V, quedar\u00e1n incluidas en el conjunto de  los sectores que reciben energ\u00eda las 24 horas del d\u00eda.\u00a0 <\/p>\n<p>&#13;<\/p>\n<p align=\"justify\" class=\"text1noticias\">La Gerencia de Comunicaciones  de Edesur inform\u00f3 que la medida tambi\u00e9n beneficia a las empresas\u00a0 Helados Nestl\u00e9, Ethical Farmaceutica,  Bacardi, Grupo Rizet, Mercaven \u00a0e Induveca,  entre otras Empresas que \u00a0desarrollan sus  actividades en la zona. \u00a0<\/p>\n<p>&#13;<\/p>\n<p align=\"justify\" class=\"text1noticias\">El director Comercial de  Edesur, licenciado Lorenzo Ventura explic\u00f3 que el nuevo circuito 24 horas  ofrecer\u00e1 servicio a 2,500 familias que componen estas comunidades.<\/p>\n<p>&#13;<\/p>\n<p align=\"justify\" class=\"text1noticias\">Destac\u00f3 que adem\u00e1s de las  residencias, en la zona\u00a0 hay \u00a0seis \u00a0Industrias, Colmados, \u00a0Bancas, dos\u00a0\u00a0  Clubes, Iglesia y Salones de Belleza, por lo que estima el nuevo  circuito 24 horas mejorar\u00e1 directamente la calidad de vida de por lo menos 15  mil personas que residen o desarrollan actividades en el\u00a0 per\u00edmetro incluido entre\u00a0 la Autopista Duarte, kil\u00f3metro 13, \u00a0y la  carretera de Manoguayabo,\u00a0 Prolongaci\u00f3n  27 de Febrero, en Santo Domingo  Oeste. <\/p>\n<p>&#13;<\/p>\n<p align=\"justify\" class=\"text1noticias\">Con las urbanizaciones  incluidas\u00a0 aumenta a 78 el n\u00famero de los  circuitos Edesur que reciben energ\u00eda las 24 del d\u00eda, de un total de 156 que  tiene el \u00e1rea de concesi\u00f3n de la compa\u00f1\u00eda. <\/p>\n<p>&#13;<\/p>\n<p align=\"justify\" class=\"text1noticias\">Pr\u00f3ximamente tambi\u00e9n estar\u00e1n  con circuitos 24 horas\u00a0 las ciudades San  Crist\u00f3bal y Ban\u00ed. El director de Distribuci\u00f3n de Edesur, ingeniero Quircio  Valdez inform\u00f3 que en San Crist\u00f3bal los trabajos del nuevo circuito est\u00e1n  concluidos y en Ban\u00ed en la etapa final.<\/p>\n<p>&#13;<\/p>\n<p align=\"justify\" class=\"text1noticias\">Explic\u00f3 que ahora las nuevas  instalaciones se someten a pruebas. Esto se ejecuta de manera rigurosa para  evitar fallas que se pueden prevenir para evitarlas\u00a0 luego que un circuito sea declarado 24 horas.<\/p>\n<p>&#13;<\/p>\n<p align=\"justify\" class=\"text1noticias\">La Gerencia de Comunicaciones  de Edesur exhort\u00f3 a \u00a0clientes de la  empresa a mantener el cumplimiento del compromiso de pago de su factura mensual,  y los que no est\u00e1n al d\u00eda que regularicen su situaci\u00f3n, lo cual permitir\u00e1  mantener la continuidad del servicio.<\/p>\n<p>&#13;<\/p>\n<p align=\"justify\" class=\"text1noticias\">La empresa distribuidora de  energ\u00eda llam\u00f3\u00a0 a los usuarios que no han  regularizado su situaci\u00f3n a ponerse en contacto con la compa\u00f1\u00eda en la oficina  comercial m\u00e1s cercana, o llamar a la Oficina Telef\u00f3nica 24 Horas (OT 24 horas)  al tel\u00e9fono 809-683-9393.<\/p>\n<p>&#13;<\/p>\n<p align=\"justify\" class=\"text1noticias\">Edesur\u00a0 tambi\u00e9n avanza en la ejecuci\u00f3n del\u00a0 cronograma de trabajo con el respaldo de la  comunidad para integrar 14 residenciales que est\u00e1n situados alrededor de las  avenidas Rep\u00fablica de Colombia y Monumental, al programa 24 horas de servicio.<\/p>\n<p>&#13;<\/p>\n<h6> 2007-07-12 17:23:32 <\/h6>\n<p><!--\n<link rel=\"stylesheet\" href=\"css\/bootstrap.min.css\">\n\n\n<ul class=\"pagination\">\n\t    \n\t\n\n<li >\n\t<a href='?page_no=28887'>Previous<\/a>\n\t<\/li>\n\n\n       \n    \n\n<li><a href='?page_no=1'>1<\/a><\/li>\n\n\n\n<li><a href='?page_no=2'>2<\/a><\/li>\n\n\n\n<li><a>...<\/a><\/li>\n\n\n\n<li><a href='?page_no=28886'>28886<\/a><\/li>\n\n\n\n<li><a href='?page_no=28887'>28887<\/a><\/li>\n\n\n\n<li class='active'><a>28888<\/a><\/li>\n\n\n\n<li><a href='?page_no=28889'>28889<\/a><\/li>\n\n\n\n<li><a href='?page_no=28890'>28890<\/a><\/li>\n\n\n\n<li><a>...<\/a><\/li>\n\n\n\n<li><a href='?page_no=30472'>30472<\/a><\/li>\n\n\n\n<li><a href='?page_no=30473'>30473<\/a><\/li>\n\n    \n\t\n\n<li >\n\t<a href='?page_no=28889'>Next<\/a>\n\t<\/li>\n\n\n    \n\n<li><a href='?page_no=30473'>Last &rsaquo;&rsaquo;<\/a><\/li>\n\n<\/ul>\n\n\n--><br \/>\n<\/body><\/p>\n","protected":false},"excerpt":{"rendered":"<p>Edesur incluye a Gal\u00e1 V, \u00a0Alameda y Almendr\u00e1 en el conjunto de los circuitos 24 horas &#13; Edesur Dominicana (EDESUR) inform\u00f3 hoy que a partir del pr\u00f3ximo lunes\u00a0 16 de julio \u00a0las comunidades de Alameda, Almendra\u00a0 y \u00a0Gal\u00e1 V, quedar\u00e1n incluidas en el conjunto de los sectores que reciben energ\u00eda las 24 horas del d\u00eda.\u00a0 [&hellip;]<\/p>\n","protected":false},"author":3,"featured_media":0,"comment_status":"open","ping_status":"open","sticky":false,"template":"","format":"standard","meta":{"footnotes":""},"categories":[18],"tags":[],"class_list":["post-123008","post","type-post","status-publish","format-standard","hentry","category-economia"],"_links":{"self":[{"href":"https:\/\/diariodominicano.com\/index.php?rest_route=\/wp\/v2\/posts\/123008","targetHints":{"allow":["GET"]}}],"collection":[{"href":"https:\/\/diariodominicano.com\/index.php?rest_route=\/wp\/v2\/posts"}],"about":[{"href":"https:\/\/diariodominicano.com\/index.php?rest_route=\/wp\/v2\/types\/post"}],"author":[{"embeddable":true,"href":"https:\/\/diariodominicano.com\/index.php?rest_route=\/wp\/v2\/users\/3"}],"replies":[{"embeddable":true,"href":"https:\/\/diariodominicano.com\/index.php?rest_route=%2Fwp%2Fv2%2Fcomments&post=123008"}],"version-history":[{"count":0,"href":"https:\/\/diariodominicano.com\/index.php?rest_route=\/wp\/v2\/posts\/123008\/revisions"}],"wp:attachment":[{"href":"https:\/\/diariodominicano.com\/index.php?rest_route=%2Fwp%2Fv2%2Fmedia&parent=123008"}],"wp:term":[{"taxonomy":"category","embeddable":true,"href":"https:\/\/diariodominicano.com\/index.php?rest_route=%2Fwp%2Fv2%2Fcategories&post=123008"},{"taxonomy":"post_tag","embeddable":true,"href":"https:\/\/diariodominicano.com\/index.php?rest_route=%2Fwp%2Fv2%2Ftags&post=123008"}],"curies":[{"name":"wp","href":"https:\/\/api.w.org\/{rel}","templated":true}]}}