{"id":123001,"date":"2007-07-15T22:31:35","date_gmt":"2007-07-15T22:31:35","guid":{"rendered":"http:\/\/diariodominicano.ddns.net\/?p=123001"},"modified":"2007-07-15T22:31:35","modified_gmt":"2007-07-15T22:31:35","slug":"consejo-de-competitividad-reconoce-aportes-de-antonio-isa-conde","status":"publish","type":"post","link":"https:\/\/diariodominicano.com\/?p=123001","title":{"rendered":"Consejo de Competitividad reconoce aportes de Antonio Isa Conde"},"content":{"rendered":"<p><body><\/p>\n<p align=\"justify\" class=\"titulogrande1\">Consejo  de Competitividad reconoce aportes de Antonio Isa Conde<\/p>\n<p>&#13;<\/p>\n<p align=\"justify\" class=\"text1noticias\"><img loading=\"lazy\" decoding=\"async\" src=\"http:\/\/localhost:8080\/economia\/pictures\/antonio isa conde.jpg\" width=\"269\" height=\"193\" hspace=\"4\" align=\"left\" \/>Santo Domingo.-El Consejo  Nacional de Competitividad decidi\u00f3 nombrar su sal\u00f3n de reuniones con el nombre  de Antonio Isa Conde en reconocimiento a los aportes a la competitividad y al  fortalecimiento de las instituciones p\u00fablicas y privadas que ha llevado a cabo  el se\u00f1or Isa Conde.<\/p>\n<p>&#13;<\/p>\n<p align=\"justify\" class=\"text1noticias\">En un acto en el local que  aloja al CNC empresarios, industriales y funcionarios del gobierno compartieron  en un c\u00f3ctel para celebrar esta decisi\u00f3n.<\/p>\n<p>&#13;<\/p>\n<p align=\"justify\" class=\"text1noticias\">Andr\u00e9s van der Horst \u00c1lvarez,  director ejecutivo del Consejo Nacional de Competitividad, asegur\u00f3 que Antonio  Isa Conde \u201ces sin\u00f3nimo de un hombre trabajador, que sabe escuchar y sabe  aconsejar, fiel a sus principios y valores, apegado a la integridad y la moral.  Un ejemplo que debe seguirse en el pa\u00eds y por los dem\u00e1s miembros del CNC.  Cuando faltemos, este sal\u00f3n ser\u00e1 testigo de la historia y su referencia ser\u00e1  fiel a nuestro principio como instituci\u00f3n\u201d. <\/p>\n<p>&#13;<\/p>\n<p align=\"justify\" class=\"text1noticias\">Van der Horst destac\u00f3 que \u00a0Isa Conde ha trabajado desde el sector privado  y la sociedad civil en el fortalecimiento de las instituciones nacionales y  sobre todo para legitimar el importante papel que tiene el sector industrial  nacional de cara a la din\u00e1mica internacional de la apertura y la globalizaci\u00f3n  de los mercados. <\/p>\n<p>&#13;<\/p>\n<p align=\"justify\" class=\"text1noticias\">Destac\u00f3 que en el momento en  que el Presidente Leonel Fern\u00e1ndez dispusiera que \u00a0Isa Conde fuera su asesor industrial y adem\u00e1s  lo designara miembro del CNC, \u201ca partir de ah\u00ed \u00e9l se convirti\u00f3 en el padrino de  los esfuerzos por hacer a este pa\u00eds una naci\u00f3n competitiva. Con su liderazgo  logr\u00f3 aglutinar una clase de j\u00f3venes t\u00e9cnicos del gobierno, as\u00ed como de los  j\u00f3venes l\u00edderes empresariales para consensuar una pol\u00edtica industrial coherente  con la modernidad\u201d.<\/p>\n<p>&#13;<\/p>\n<p align=\"justify\" class=\"text1noticias\">Antonio Isa Conde es conocido  cari\u00f1osamente como Don Tony Isa Conde. En la actualidad es Asesor Industrial  del Poder Ejecutivo con rango de Secretario de Estado. Es miembro del Consejo  Nacional de Competitividad. Adem\u00e1s es Coordinador del Grupo de Trabajo sobre  Industria y Comercio de la   FUNGLODE.<\/p>\n<p>&#13;<\/p>\n<p align=\"justify\" class=\"text1noticias\">En el pasado gobierno del  Presidente Leonel Fern\u00e1ndez \u00a0dirigi\u00f3 el  proceso de capitalizaci\u00f3n de las empresas p\u00fablicas, aplicando una ley aprobada  por todos los partidos pol\u00edticos para hacer m\u00e1s eficientes a las empresas  estatales con participaci\u00f3n del sector privado y gobierno en las nuevas  compa\u00f1\u00edas capitalizadas.<\/p>\n<p>&#13;<\/p>\n<p align=\"justify\" class=\"text1noticias\">En su juventud Tony Isa Conde  fue un dirigente estudiantil que luch\u00f3 por las causas m\u00e1s justas. A nivel  empresarial ha trabajado acompa\u00f1ando al Grupo Najri en empresas como Fers\u00e1n y la Delta Comercial.<\/p>\n<h6> 2007-07-15 22:31:35 <\/h6>\n<p><!--\n<link rel=\"stylesheet\" href=\"css\/bootstrap.min.css\">\n\n\n<ul class=\"pagination\">\n\t    \n\t\n\n<li >\n\t<a href='?page_no=28880'>Previous<\/a>\n\t<\/li>\n\n\n       \n    \n\n<li><a href='?page_no=1'>1<\/a><\/li>\n\n\n\n<li><a href='?page_no=2'>2<\/a><\/li>\n\n\n\n<li><a>...<\/a><\/li>\n\n\n\n<li><a href='?page_no=28879'>28879<\/a><\/li>\n\n\n\n<li><a href='?page_no=28880'>28880<\/a><\/li>\n\n\n\n<li class='active'><a>28881<\/a><\/li>\n\n\n\n<li><a href='?page_no=28882'>28882<\/a><\/li>\n\n\n\n<li><a href='?page_no=28883'>28883<\/a><\/li>\n\n\n\n<li><a>...<\/a><\/li>\n\n\n\n<li><a href='?page_no=30472'>30472<\/a><\/li>\n\n\n\n<li><a href='?page_no=30473'>30473<\/a><\/li>\n\n    \n\t\n\n<li >\n\t<a href='?page_no=28882'>Next<\/a>\n\t<\/li>\n\n\n    \n\n<li><a href='?page_no=30473'>Last &rsaquo;&rsaquo;<\/a><\/li>\n\n<\/ul>\n\n\n--><br \/>\n<\/body><\/p>\n","protected":false},"excerpt":{"rendered":"<p>Consejo de Competitividad reconoce aportes de Antonio Isa Conde &#13; Santo Domingo.-El Consejo Nacional de Competitividad decidi\u00f3 nombrar su sal\u00f3n de reuniones con el nombre de Antonio Isa Conde en reconocimiento a los aportes a la competitividad y al fortalecimiento de las instituciones p\u00fablicas y privadas que ha llevado a cabo el se\u00f1or Isa Conde. [&hellip;]<\/p>\n","protected":false},"author":3,"featured_media":0,"comment_status":"open","ping_status":"open","sticky":false,"template":"","format":"standard","meta":{"footnotes":""},"categories":[18],"tags":[],"class_list":["post-123001","post","type-post","status-publish","format-standard","hentry","category-economia"],"_links":{"self":[{"href":"https:\/\/diariodominicano.com\/index.php?rest_route=\/wp\/v2\/posts\/123001","targetHints":{"allow":["GET"]}}],"collection":[{"href":"https:\/\/diariodominicano.com\/index.php?rest_route=\/wp\/v2\/posts"}],"about":[{"href":"https:\/\/diariodominicano.com\/index.php?rest_route=\/wp\/v2\/types\/post"}],"author":[{"embeddable":true,"href":"https:\/\/diariodominicano.com\/index.php?rest_route=\/wp\/v2\/users\/3"}],"replies":[{"embeddable":true,"href":"https:\/\/diariodominicano.com\/index.php?rest_route=%2Fwp%2Fv2%2Fcomments&post=123001"}],"version-history":[{"count":0,"href":"https:\/\/diariodominicano.com\/index.php?rest_route=\/wp\/v2\/posts\/123001\/revisions"}],"wp:attachment":[{"href":"https:\/\/diariodominicano.com\/index.php?rest_route=%2Fwp%2Fv2%2Fmedia&parent=123001"}],"wp:term":[{"taxonomy":"category","embeddable":true,"href":"https:\/\/diariodominicano.com\/index.php?rest_route=%2Fwp%2Fv2%2Fcategories&post=123001"},{"taxonomy":"post_tag","embeddable":true,"href":"https:\/\/diariodominicano.com\/index.php?rest_route=%2Fwp%2Fv2%2Ftags&post=123001"}],"curies":[{"name":"wp","href":"https:\/\/api.w.org\/{rel}","templated":true}]}}