{"id":123000,"date":"2007-07-15T23:55:48","date_gmt":"2007-07-15T23:55:48","guid":{"rendered":"http:\/\/diariodominicano.ddns.net\/?p=123000"},"modified":"2007-07-15T23:55:48","modified_gmt":"2007-07-15T23:55:48","slug":"superintendente-de-electricidad-afirma-por-el-calor-el-consumo-de-energia-aumenta-a-niveles-record-defiende-contratos-para-instalar-plantas-a-carbon-2","status":"publish","type":"post","link":"https:\/\/diariodominicano.com\/?p=123000","title":{"rendered":"Superintendente de Electricidad afirma por el calor  el consumo de energ\u00eda aumenta a niveles record; defiende contratos para instalar plantas a carb\u00f3n"},"content":{"rendered":"<p><body><\/p>\n<p align=\"justify\" class=\"titulogrande1\"><strong>Superintendente de Electricidad  afirma por el calor\u00a0 el consumo de  energ\u00eda aumenta a niveles record; defiende contratos para instalar plantas a  carb\u00f3n<\/strong><\/p>\n<p>&#13;<\/p>\n<p align=\"justify\" class=\"text1noticias\"><img loading=\"lazy\" decoding=\"async\" src=\"http:\/\/localhost:8080\/economia\/pictures\/energia.jpg\" width=\"269\" height=\"225\" hspace=\"4\" align=\"left\" \/>SANTO DOMINGO.- El  superintendente de Electricidad revel\u00f3 que debido al per\u00edodo \u00a0de \u00a0calor  que afecta al pa\u00eds, la demanda de energ\u00eda el\u00e9ctrica se ha disparado a niveles  record que sobrepasan los dos mil kilovatios. Tambi\u00e9n sostuvo \u00a0que el \u00a0Partido  Revolucionario Dominicano no tiene calidad moral para objetar la \u00a0contrataci\u00f3n de dos plantas a carb\u00f3n que  aportar\u00e1n mil 200 kilovatios al sistema.<\/p>\n<p>&#13;<\/p>\n<p align=\"justify\" class=\"text1noticias\">Francisco M\u00e9ndez explic\u00f3 que por  causa de\u00a0 las altas \u00a0temperaturas que se est\u00e1n sintiendo los  dominicanos han incrementado su \u00a0nivel de  consumo de electricidad entre un 15 y un 20 por ciento.<\/p>\n<p>&#13;<\/p>\n<p align=\"justify\" class=\"text1noticias\">Indic\u00f3 \u00a0que en sentido general la poblaci\u00f3n est\u00e1  recibiendo un 85 por ciento del fluido el\u00e9ctrico en tanto un 46 por \u00a0ciento de los circuitos est\u00e1n ofreciendo 24  horas de luz.<\/p>\n<p>&#13;<\/p>\n<p align=\"justify\" class=\"text1noticias\">Entrevistado por H\u00e9ctor Herrera  Cabral en el programa D`AGENDA\u00a0 que \u00a0cada domingo se transmite por Telesistema  Canal 11, M\u00e9ndez explic\u00f3 que para hacerle frente a la demanda de energ\u00eda, la Superintendencia  le ha pedido a las Distribuidoras que pospongan los trabajos de mantenimiento,  o por lo menos que lo acorten, a fin de reducir los apagones por esa causa.<\/p>\n<p>&#13;<\/p>\n<p align=\"justify\" class=\"text1noticias\">Dijo que la poblaci\u00f3n est\u00e1  creando conciencia sobre la necesidad \u00a0de  ahorrar energ\u00eda y de pagar su factura el\u00e9ctrica.<\/p>\n<p>&#13;<\/p>\n<p align=\"justify\" class=\"text1noticias\">\u00a0\u201cA\u00fan en medio del incremento de la demanda,  nuevos sectores ser\u00e1n conectados pr\u00f3ximamente al programa de 24 horas de  suministro debido al \u00a0\u00e9xito que ha  alcanzado dicha iniciativa\u201d, sostuvo el superintendente de \u00a0Electricidad.<\/p>\n<p>&#13;<\/p>\n<p align=\"justify\" class=\"text1noticias\">Inform\u00f3 que ya se dan los toques  finales para que \u00a0el sector de Alameda  sea integrado a dicho programa, lo mismo\u00a0  que Invivienda en el municipio de Santo Domingo Este.<\/p>\n<p>&#13;<\/p>\n<p align=\"justify\" class=\"text1noticias\">Tambi\u00e9n recibir\u00e1n luz permanente  los municipios de San Pedro de <br \/>&#13;<br \/>\n  Macor\u00eds, La Romana, San Crist\u00f3bal y  Ban\u00ed.<\/p>\n<p>&#13;<\/p>\n<p align=\"justify\" class=\"text1noticias\">Francisco M\u00e9ndez dijo que las  Distribuidoras siguen incrementado \u00a0sus  niveles de recaudaci\u00f3n y en tal sentido explic\u00f3 que la recuperaci\u00f3n de \u00a0Edenorte ha sido espectacular.<\/p>\n<p>&#13;<\/p>\n<p align=\"justify\" class=\"text1noticias\">En otro orden, el Superintendente  de Electricidad \u00a0dijo que como  consecuencia de los altos precios del barril de petr\u00f3leo en el mercado  Internacional, el Gobierno tuvo que disponer 158 millones de pesos el pasado  mes para asumir el alza del carburante.<\/p>\n<p>&#13;<\/p>\n<p align=\"justify\" class=\"text1noticias\">Dijo \u00a0que esos recursos todav\u00eda est\u00e1n dentro del  presupuesto de \u00a0400 millones de d\u00f3lares  estipulados para cubrir el d\u00e9ficit operacional de las \u00a0Distribuidoras.<br \/>&#13;<br \/>\n  <br \/>&#13;<br \/>\n  Garantiz\u00f3 que no obstante la  brusca subida de los precios del \u00a0petr\u00f3leo  no se tiene contemplado una alza de la tarifa a los consumidores \u00a0debido a que las autoridades est\u00e1n concientes  de que el la energ\u00eda \u00a0el\u00e9ctrica en el  pa\u00eds es muy cara.<\/p>\n<p>&#13;<\/p>\n<p align=\"justify\" class=\"text1noticias\"><strong>Defiende contrato<\/strong><\/p>\n<p>&#13;<\/p>\n<p align=\"justify\" class=\"text1noticias\">El Superintendente de  Electricidad Francisco M\u00e9ndez dijo que el \u00a0Partido Revolucionario Dominicano no tiene  calidad moral para objetar la \u00a0contrataci\u00f3n  de dos plantas a carb\u00f3n que aportar\u00e1n mil 200 kilovatios al \u00a0sistema.<\/p>\n<p>&#13;<\/p>\n<p align=\"justify\" class=\"text1noticias\">M\u00e9ndez consider\u00f3 que quienes se  oponen a la operaci\u00f3n son Andy \u00a0Dahuajre,  Jaime Aristy Escuder y C\u00e9sar S\u00e1nchez, los mismos que metieron al \u00a0pa\u00eds en la recompra de Edenorte y Edesur con  Uni\u00f3n FENOSA y los acuerdos de Madrid.<\/p>\n<p>&#13;<\/p>\n<p align=\"justify\" class=\"text1noticias\">Explic\u00f3 que esos se\u00f1ores fueron  los art\u00edfices de la contrarreforma del sector el\u00e9ctrico, e ide\u00f3logos de  operaciones lesivas a \u00a0los intereses del  pa\u00eds.<\/p>\n<p>&#13;<\/p>\n<p align=\"justify\" class=\"text1noticias\">Sostuvo \u00a0que contrario a lo que hicieron Dahuajre,  Escuder y \u00a0S\u00e1nchez que compraron las Edes  por valor de libros, no a valor de mercado, y que prologaron los contratos y el  precio de la tarifa a los consumidores, \u00a0con  la instalaci\u00f3n de las plantas Sichuan y Emirates Power, el costo del\u00a0 kilovatio hora ser\u00e1 de\u00a0 cinco centavos.<\/p>\n<p>&#13;<\/p>\n<h6> 2007-07-15 23:55:48 <\/h6>\n<p><!--\n<link rel=\"stylesheet\" href=\"css\/bootstrap.min.css\">\n\n\n<ul class=\"pagination\">\n\t    \n\t\n\n<li >\n\t<a href='?page_no=28879'>Previous<\/a>\n\t<\/li>\n\n\n       \n    \n\n<li><a href='?page_no=1'>1<\/a><\/li>\n\n\n\n<li><a href='?page_no=2'>2<\/a><\/li>\n\n\n\n<li><a>...<\/a><\/li>\n\n\n\n<li><a href='?page_no=28878'>28878<\/a><\/li>\n\n\n\n<li><a href='?page_no=28879'>28879<\/a><\/li>\n\n\n\n<li class='active'><a>28880<\/a><\/li>\n\n\n\n<li><a href='?page_no=28881'>28881<\/a><\/li>\n\n\n\n<li><a href='?page_no=28882'>28882<\/a><\/li>\n\n\n\n<li><a>...<\/a><\/li>\n\n\n\n<li><a href='?page_no=30472'>30472<\/a><\/li>\n\n\n\n<li><a href='?page_no=30473'>30473<\/a><\/li>\n\n    \n\t\n\n<li >\n\t<a href='?page_no=28881'>Next<\/a>\n\t<\/li>\n\n\n    \n\n<li><a href='?page_no=30473'>Last &rsaquo;&rsaquo;<\/a><\/li>\n\n<\/ul>\n\n\n--><br \/>\n<\/body><\/p>\n","protected":false},"excerpt":{"rendered":"<p>Superintendente de Electricidad afirma por el calor\u00a0 el consumo de energ\u00eda aumenta a niveles record; defiende contratos para instalar plantas a carb\u00f3n &#13; SANTO DOMINGO.- El superintendente de Electricidad revel\u00f3 que debido al per\u00edodo \u00a0de \u00a0calor que afecta al pa\u00eds, la demanda de energ\u00eda el\u00e9ctrica se ha disparado a niveles record que sobrepasan los dos [&hellip;]<\/p>\n","protected":false},"author":3,"featured_media":0,"comment_status":"open","ping_status":"open","sticky":false,"template":"","format":"standard","meta":{"footnotes":""},"categories":[18],"tags":[],"class_list":["post-123000","post","type-post","status-publish","format-standard","hentry","category-economia"],"_links":{"self":[{"href":"https:\/\/diariodominicano.com\/index.php?rest_route=\/wp\/v2\/posts\/123000","targetHints":{"allow":["GET"]}}],"collection":[{"href":"https:\/\/diariodominicano.com\/index.php?rest_route=\/wp\/v2\/posts"}],"about":[{"href":"https:\/\/diariodominicano.com\/index.php?rest_route=\/wp\/v2\/types\/post"}],"author":[{"embeddable":true,"href":"https:\/\/diariodominicano.com\/index.php?rest_route=\/wp\/v2\/users\/3"}],"replies":[{"embeddable":true,"href":"https:\/\/diariodominicano.com\/index.php?rest_route=%2Fwp%2Fv2%2Fcomments&post=123000"}],"version-history":[{"count":0,"href":"https:\/\/diariodominicano.com\/index.php?rest_route=\/wp\/v2\/posts\/123000\/revisions"}],"wp:attachment":[{"href":"https:\/\/diariodominicano.com\/index.php?rest_route=%2Fwp%2Fv2%2Fmedia&parent=123000"}],"wp:term":[{"taxonomy":"category","embeddable":true,"href":"https:\/\/diariodominicano.com\/index.php?rest_route=%2Fwp%2Fv2%2Fcategories&post=123000"},{"taxonomy":"post_tag","embeddable":true,"href":"https:\/\/diariodominicano.com\/index.php?rest_route=%2Fwp%2Fv2%2Ftags&post=123000"}],"curies":[{"name":"wp","href":"https:\/\/api.w.org\/{rel}","templated":true}]}}