{"id":122996,"date":"2007-07-16T11:14:49","date_gmt":"2007-07-16T11:14:49","guid":{"rendered":"http:\/\/diariodominicano.ddns.net\/?p=122996"},"modified":"2007-07-16T11:14:49","modified_gmt":"2007-07-16T11:14:49","slug":"programa-pecuario-del-feda-beneficia-a-familias-de-mella","status":"publish","type":"post","link":"https:\/\/diariodominicano.com\/?p=122996","title":{"rendered":"Programa pecuario del FEDA beneficia a familias de Mella"},"content":{"rendered":"<p><body><\/p>\n<p align=\"justify\" class=\"titulogrande1\">Programa pecuario del FEDA beneficia  a familias de Mella<br \/>&#13;<br \/>\n  <br \/>&#13;<br \/>\n    <span class=\"text1noticias\"><img loading=\"lazy\" decoding=\"async\" src=\"http:\/\/localhost:8080\/economia\/pictures\/feda 1.jpg\" width=\"269\" height=\"535\" hspace=\"4\" align=\"left\" \/>MELLA, provincia \u00a0Independencia.- El Fondo para el Desarrollo  Agropecuario (FEDA) entreg\u00f3 80 m\u00f3dulos pecuarios a igual n\u00famero de familias, en  el marco del programa Unidad Pecuaria Familiar, que se ejecuta en diferentes  regiones del pa\u00eds y que en este a\u00f1o ha beneficiado a mil 200 familias rurales  de escasos recursos econ\u00f3micos.<br \/>&#13;<br \/>\n  \u00a0<br \/>&#13;<br \/>\n  El acto de entrega tuvo efecto en  el centro comunitario de Mella con la presencia de Lorenzo Fern\u00e1ndez, director  ejecutivo del FEDA y \u00a0Manuel Salvador  Matos, s\u00edndico municipal.<br \/>&#13;<br \/>\n  \u00a0<br \/>&#13;<br \/>\n\u00a0Fern\u00e1ndez dijo que con esta actividad el FEDA  participa en los esfuerzos por la reducci\u00f3n de la pobreza y la seguridad  alimentaria, los cuales son aspectos prioritarios del gobierno del doctor  Leonel Fern\u00e1ndez.<br \/>&#13;<br \/>\n  \u00a0<br \/>&#13;<br \/>\n  Explic\u00f3 que estas unidades  pecuarias no s\u00f3lo permiten ingresos y alimentaci\u00f3n sino, adem\u00e1s, que introducen  animales de valor gen\u00e9tico que contribuir\u00e1n a mejorar la poblaci\u00f3n ya existente  en la zona.<br \/>&#13;<br \/>\n  \u00a0<br \/>&#13;<br \/>\n  En el caso de las cerdas, indic\u00f3  que estas se entregan con seis meses de edad, lo que significa un per\u00edodo  relativamente corto para que las familias obtengan resultados productivos.<br \/>&#13;<br \/>\n  \u00a0<br \/>&#13;<br \/>\n  En cuanto a las pollitas ponedoras,  indic\u00f3 que las condiciones de existencia para la producci\u00f3n de huevos y carnes,  lo cual constituye una fuente eficaz de prote\u00edna animal.<br \/>&#13;<br \/>\n  \u00a0<br \/>&#13;<br \/>\n  Asegur\u00f3 que las unidades  pecuarias son capitales semillas y que a partir de ellas, las familias pueden  constituir microempresas que les permitir\u00e1n obtener ingresos adicionales para  su sustento.<br \/>&#13;<br \/>\n  \u00a0<br \/>&#13;<br \/>\n  El director ejecutivo del FEDA  inform\u00f3 que el programa contempla el seguimiento sanitario por parte de un  veterinario y asesor\u00eda en producci\u00f3n animal, a trav\u00e9s del programa de  entrenamiento, desarrollado por el equipo t\u00e9cnico de la instituci\u00f3n.<br \/>&#13;<br \/>\n  \u00a0<br \/>&#13;<br \/>\n  Dijo que el \u00a0proyecto se enmarca dentro de la pol\u00edtica del  Gobierno, del presidente \u00a0Leonel  Fern\u00e1ndez,\u00a0 de mejorar las condiciones de  alimentaci\u00f3n de zonas deprimidas del pa\u00eds, y que se ejecuta conjuntamente con  las organizaciones comunitarias, las iglesias, los gobiernos locales y  entidades representativas de las localidades beneficiadas.<br \/>&#13;<br \/>\n  \u00a0<br \/>&#13;<br \/>\n  Indic\u00f3 \u00a0que este programa se inici\u00f3 en 2004 y que se  ha llevado a cabo en Santiago Rodr\u00edguez, Puerto Plata, El Seybo, Hig\u00fcey, Monte  Plata y San Juan de la   Maguana.<br \/>&#13;<br \/>\n\u00a0<\/span><\/p>\n<p>&#13;<\/p>\n<h6> 2007-07-16 11:14:49 <\/h6>\n<p><!--\n<link rel=\"stylesheet\" href=\"css\/bootstrap.min.css\">\n\n\n<ul class=\"pagination\">\n\t    \n\t\n\n<li >\n\t<a href='?page_no=28875'>Previous<\/a>\n\t<\/li>\n\n\n       \n    \n\n<li><a href='?page_no=1'>1<\/a><\/li>\n\n\n\n<li><a href='?page_no=2'>2<\/a><\/li>\n\n\n\n<li><a>...<\/a><\/li>\n\n\n\n<li><a href='?page_no=28874'>28874<\/a><\/li>\n\n\n\n<li><a href='?page_no=28875'>28875<\/a><\/li>\n\n\n\n<li class='active'><a>28876<\/a><\/li>\n\n\n\n<li><a href='?page_no=28877'>28877<\/a><\/li>\n\n\n\n<li><a href='?page_no=28878'>28878<\/a><\/li>\n\n\n\n<li><a>...<\/a><\/li>\n\n\n\n<li><a href='?page_no=30472'>30472<\/a><\/li>\n\n\n\n<li><a href='?page_no=30473'>30473<\/a><\/li>\n\n    \n\t\n\n<li >\n\t<a href='?page_no=28877'>Next<\/a>\n\t<\/li>\n\n\n    \n\n<li><a href='?page_no=30473'>Last &rsaquo;&rsaquo;<\/a><\/li>\n\n<\/ul>\n\n\n--><br \/>\n<\/body><\/p>\n","protected":false},"excerpt":{"rendered":"<p>Programa pecuario del FEDA beneficia a familias de Mella&#13; &#13; MELLA, provincia \u00a0Independencia.- El Fondo para el Desarrollo Agropecuario (FEDA) entreg\u00f3 80 m\u00f3dulos pecuarios a igual n\u00famero de familias, en el marco del programa Unidad Pecuaria Familiar, que se ejecuta en diferentes regiones del pa\u00eds y que en este a\u00f1o ha beneficiado a mil 200 [&hellip;]<\/p>\n","protected":false},"author":3,"featured_media":0,"comment_status":"open","ping_status":"open","sticky":false,"template":"","format":"standard","meta":{"footnotes":""},"categories":[18],"tags":[],"class_list":["post-122996","post","type-post","status-publish","format-standard","hentry","category-economia"],"_links":{"self":[{"href":"https:\/\/diariodominicano.com\/index.php?rest_route=\/wp\/v2\/posts\/122996","targetHints":{"allow":["GET"]}}],"collection":[{"href":"https:\/\/diariodominicano.com\/index.php?rest_route=\/wp\/v2\/posts"}],"about":[{"href":"https:\/\/diariodominicano.com\/index.php?rest_route=\/wp\/v2\/types\/post"}],"author":[{"embeddable":true,"href":"https:\/\/diariodominicano.com\/index.php?rest_route=\/wp\/v2\/users\/3"}],"replies":[{"embeddable":true,"href":"https:\/\/diariodominicano.com\/index.php?rest_route=%2Fwp%2Fv2%2Fcomments&post=122996"}],"version-history":[{"count":0,"href":"https:\/\/diariodominicano.com\/index.php?rest_route=\/wp\/v2\/posts\/122996\/revisions"}],"wp:attachment":[{"href":"https:\/\/diariodominicano.com\/index.php?rest_route=%2Fwp%2Fv2%2Fmedia&parent=122996"}],"wp:term":[{"taxonomy":"category","embeddable":true,"href":"https:\/\/diariodominicano.com\/index.php?rest_route=%2Fwp%2Fv2%2Fcategories&post=122996"},{"taxonomy":"post_tag","embeddable":true,"href":"https:\/\/diariodominicano.com\/index.php?rest_route=%2Fwp%2Fv2%2Ftags&post=122996"}],"curies":[{"name":"wp","href":"https:\/\/api.w.org\/{rel}","templated":true}]}}