{"id":122995,"date":"2007-07-16T14:27:20","date_gmt":"2007-07-16T14:27:20","guid":{"rendered":"http:\/\/diariodominicano.ddns.net\/?p=122995"},"modified":"2007-07-16T14:27:20","modified_gmt":"2007-07-16T14:27:20","slug":"cierran-negocios-por-evasion-fiscal","status":"publish","type":"post","link":"https:\/\/diariodominicano.com\/?p=122995","title":{"rendered":"Cierran negocios por evasi\u00f3n fiscal"},"content":{"rendered":"<p><body><\/p>\n<p class=\"titulogrande1\">Cierran negocios por evasi\u00f3n fiscal<\/p>\n<p>&#13;<\/p>\n<p align=\"justify\"><strong>SANTO DOMINGO.- <\/strong><span class=\"text1noticias\">El director de la Direcci\u00f3n General  de Impuestos Internos (DGII), Juan Hern\u00e1ndez, declar\u00f3 ayer que semanalmente son  cerrados entre cinco y seis negocios por evasi\u00f3n fiscal.<br \/>&#13;<br \/>\n  <br \/>&#13;<br \/>\n  Tambi\u00e9n dijo que muchas personas han  sido\u00a0 sometidas a la justicia\u00a0\u00a0 por esta inconducta, es decir,  por dejar de cumplir con sus responsabilidades fiscales.<br \/>&#13;<br \/>\n  <br \/>&#13;<br \/>\n  Este a\u00f1o la DGII ha superado sus  estimaciones de recaudaci\u00f3n.<br \/>&#13;<br \/>\n  <br \/>&#13;<br \/>\n\u201cNosotros incorporamos parte del  proyecto de criminalizaci\u00f3n a la \u00faltima reforma\u00a0 como un mecanismo de  tener una sustentaci\u00f3n desde el punto de vista legal para las acciones que hay  que aplicar para poder complementar los planes antievasi\u00f3n\u201d, precis\u00f3.<br \/>&#13;<br \/>\n<br \/>&#13;<br \/>\nDurante su participaci\u00f3n en el programa  semanal de la   Fundaci\u00f3n Institucionalidad y Justicia, conducido por Servio  Tulio Casta\u00f1os, el funcionario expres\u00f3 su preocupaci\u00f3n respecto a la mala  percepci\u00f3n que existe\u00a0\u00a0 de la   Ley 226-06, que otorga autonom\u00eda a la DGII, en el sentido de  que\u00a0 las autonom\u00edas otorgadas a las instituciones estatales son sin\u00f3nimos  de no rendici\u00f3n de cuentas, despilfarro y libertad de gastos. <br \/>&#13;<br \/>\n<br \/>&#13;<br \/>\nIndic\u00f3 que para el caso de la  administraci\u00f3n tributaria hace a\u00f1os que en Am\u00e9rica Latina se tiene esta  pr\u00e1ctica, ya que la burocracia en la asignaci\u00f3n de los gastos obstaculizaba las  acciones del \u00f3rgano recaudador tendentes al control del cumplimiento tributario  o su evasi\u00f3n por parte del contribuyente. <br \/>&#13;<br \/>\n<br \/>&#13;<br \/>\n\u201cLo que se ha planteado en la Ley 226-06\u00a0 es que exista  cierta continuidad en la labor de recaudaci\u00f3n, siendo los puestos de direcci\u00f3n  de libre remoci\u00f3n pero los puestos t\u00e9cnicos\u00a0 de carrera\u201d, manifest\u00f3. <br \/>&#13;<br \/>\n<br \/>&#13;<br \/>\nPor otro lado, el director de la DGII inform\u00f3 que en estos  primeros seis meses del a\u00f1o se han compensado autom\u00e1ticamente m\u00e1s de 4,500  millones de pesos a los contribuyentes.<br \/>&#13;<br \/>\n<br \/>&#13;<br \/>\nDe igual manera, resalt\u00f3 la importancia  de los comprobantes fiscales, tras indicar que han\u00a0\u00a0\u00a0  transparentado las operaciones de los contribuyentes. <br \/>&#13;<br \/>\n<br \/>&#13;<br \/>\n\u201cEsta medida cre\u00f3 cierta inestabilidad,  lo que llev\u00f3 a muchas organizaciones comerciales, empresariales e industriales  a solicitar esta amnist\u00eda para que estos cambios radicales de conducta por  parte del Estado no sean una acci\u00f3n confiscatoria\u201d, precis\u00f3. <br \/>&#13;<br \/>\n<br \/>&#13;<br \/>\nHoy<\/span><\/p>\n<p>&#13;<\/p>\n<h6> 2007-07-16 14:27:20 <\/h6>\n<p><!--\n<link rel=\"stylesheet\" href=\"css\/bootstrap.min.css\">\n\n\n<ul class=\"pagination\">\n\t    \n\t\n\n<li >\n\t<a href='?page_no=28874'>Previous<\/a>\n\t<\/li>\n\n\n       \n    \n\n<li><a href='?page_no=1'>1<\/a><\/li>\n\n\n\n<li><a href='?page_no=2'>2<\/a><\/li>\n\n\n\n<li><a>...<\/a><\/li>\n\n\n\n<li><a href='?page_no=28873'>28873<\/a><\/li>\n\n\n\n<li><a href='?page_no=28874'>28874<\/a><\/li>\n\n\n\n<li class='active'><a>28875<\/a><\/li>\n\n\n\n<li><a href='?page_no=28876'>28876<\/a><\/li>\n\n\n\n<li><a href='?page_no=28877'>28877<\/a><\/li>\n\n\n\n<li><a>...<\/a><\/li>\n\n\n\n<li><a href='?page_no=30472'>30472<\/a><\/li>\n\n\n\n<li><a href='?page_no=30473'>30473<\/a><\/li>\n\n    \n\t\n\n<li >\n\t<a href='?page_no=28876'>Next<\/a>\n\t<\/li>\n\n\n    \n\n<li><a href='?page_no=30473'>Last &rsaquo;&rsaquo;<\/a><\/li>\n\n<\/ul>\n\n\n--><br \/>\n<\/body><\/p>\n","protected":false},"excerpt":{"rendered":"<p>Cierran negocios por evasi\u00f3n fiscal &#13; SANTO DOMINGO.- El director de la Direcci\u00f3n General de Impuestos Internos (DGII), Juan Hern\u00e1ndez, declar\u00f3 ayer que semanalmente son cerrados entre cinco y seis negocios por evasi\u00f3n fiscal.&#13; &#13; Tambi\u00e9n dijo que muchas personas han sido\u00a0 sometidas a la justicia\u00a0\u00a0 por esta inconducta, es decir, por dejar de cumplir [&hellip;]<\/p>\n","protected":false},"author":3,"featured_media":0,"comment_status":"open","ping_status":"open","sticky":false,"template":"","format":"standard","meta":{"footnotes":""},"categories":[18],"tags":[],"class_list":["post-122995","post","type-post","status-publish","format-standard","hentry","category-economia"],"_links":{"self":[{"href":"https:\/\/diariodominicano.com\/index.php?rest_route=\/wp\/v2\/posts\/122995","targetHints":{"allow":["GET"]}}],"collection":[{"href":"https:\/\/diariodominicano.com\/index.php?rest_route=\/wp\/v2\/posts"}],"about":[{"href":"https:\/\/diariodominicano.com\/index.php?rest_route=\/wp\/v2\/types\/post"}],"author":[{"embeddable":true,"href":"https:\/\/diariodominicano.com\/index.php?rest_route=\/wp\/v2\/users\/3"}],"replies":[{"embeddable":true,"href":"https:\/\/diariodominicano.com\/index.php?rest_route=%2Fwp%2Fv2%2Fcomments&post=122995"}],"version-history":[{"count":0,"href":"https:\/\/diariodominicano.com\/index.php?rest_route=\/wp\/v2\/posts\/122995\/revisions"}],"wp:attachment":[{"href":"https:\/\/diariodominicano.com\/index.php?rest_route=%2Fwp%2Fv2%2Fmedia&parent=122995"}],"wp:term":[{"taxonomy":"category","embeddable":true,"href":"https:\/\/diariodominicano.com\/index.php?rest_route=%2Fwp%2Fv2%2Fcategories&post=122995"},{"taxonomy":"post_tag","embeddable":true,"href":"https:\/\/diariodominicano.com\/index.php?rest_route=%2Fwp%2Fv2%2Ftags&post=122995"}],"curies":[{"name":"wp","href":"https:\/\/api.w.org\/{rel}","templated":true}]}}