{"id":122993,"date":"2007-07-17T02:53:24","date_gmt":"2007-07-17T02:53:24","guid":{"rendered":"http:\/\/diariodominicano.ddns.net\/?p=122993"},"modified":"2007-07-17T02:53:24","modified_gmt":"2007-07-17T02:53:24","slug":"presidente-leonel-fernandez-deja-iniciados-los-trabajos-de-construccion-del-proyecto-hidroelectrico-las-placetas","status":"publish","type":"post","link":"https:\/\/diariodominicano.com\/?p=122993","title":{"rendered":"Presidente Leonel Fern\u00e1ndez deja iniciados  los trabajos de construcci\u00f3n del proyecto hidroel\u00e9ctrico Las Placetas"},"content":{"rendered":"<p><body><\/p>\n<p align=\"justify\" class=\"titulogrande1\"><strong>Presidente Leonel  Fern\u00e1ndez deja iniciados \u00a0los trabajos de construcci\u00f3n del proyecto  hidroel\u00e9ctrico Las Placetas<\/strong><\/p>\n<p>&#13;<\/p>\n<p align=\"justify\" class=\"text1noticias\"><strong><img loading=\"lazy\" decoding=\"async\" src=\"http:\/\/localhost:8080\/economia\/pictures\/leonel hidroelectrica.jpg\" width=\"269\" height=\"356\" hspace=\"4\" align=\"left\" \/>SAN JOSE DE LAS  MATAS, Santiago.-<\/strong> Con una detonaci\u00f3n de explosivos el presidente Leonel Fern\u00e1ndez dej\u00f3  iniciados aqu\u00ed\u00a0los trabajos de construcci\u00f3n del proyecto hidroel\u00e9ctrico  Las Placetas,\u00a0obra que ser\u00e1 edificada por el consorcio brasile\u00f1o Andrade  Guti\u00e9rrez con una inversi\u00f3n de 258 millones de d\u00f3lares.<br \/>&#13;<br \/>\n  <br \/>&#13;<br \/>\n  El proyecto  hidroel\u00e9ctrico,\u00a0\u00a0que aportar\u00e1 al sistema energ\u00e9tico nacional 87  megavatios, estar\u00e1 localizado en la vertiente septentrional de la Cordillera Central  y consiste en la construcci\u00f3n de dos presas, una localizada en el r\u00edo Bao, en  la comunidad de Sabaneta, y otra en el r\u00edo Jagua, en la comunidad Los Limones.<br \/>&#13;<br \/>\n  <br \/>&#13;<br \/>\n  Las palabras centrales  del acto estuvieron a cargo del vicepresidente de la Corporaci\u00f3n Dominicana  de Empresas El\u00e9ctricas (CDEEE), \u00a0Radham\u00e9s  Segura, quien destac\u00f3 que el proyecto se enmarca dentro del Plan Integral que  ejecuta el presidente Fern\u00e1ndez con miras a solucionar definitivamente el  problema de energ\u00eda el\u00e9ctrica del pa\u00eds.<br \/>&#13;<br \/>\n  <br \/>&#13;<br \/>\n  Agreg\u00f3 que\u00a0dicho  programa consta de cuatro pilares, entre los que cit\u00f3 la mejor\u00eda en las \u00e1reas  de generaci\u00f3n y distribuci\u00f3n de electricidad, precisando que los mismos han  surtido efectos positivos para la poblaci\u00f3n.<br \/>&#13;<br \/>\n  <br \/>&#13;<br \/>\n  El funcionario argument\u00f3  que el Plan Integral tambi\u00e9n contempla el incremento de la generaci\u00f3n, para lo  construyen dos plantas a carb\u00f3n, as\u00ed como la instalaci\u00f3n de parques de  producci\u00f3n de energ\u00eda e\u00f3lica.<br \/>&#13;<br \/>\n  <br \/>&#13;<br \/>\n  Precis\u00f3 que el sistema  el\u00e9ctrico nacional va en franca mejor\u00eda, gracias a las acciones de un estadista  con una gran visi\u00f3n de Estado como lo es el presidente Leonel Fern\u00e1ndez, quien  ha sabido revertir la crisis econ\u00f3mica heredada por las pasadas autoridades  gubernamentales.<br \/>&#13;<br \/>\n  <br \/>&#13;<br \/>\n  Al hablar en el acto, el  representante de la constructora Andrade Guti\u00e9rrez, Jos\u00e9 Carlos M\u00e1rques, dijo  que la obra es una gran oportunidad para el pa\u00eds de afrontar el problema  el\u00e9ctrico, aprovechando los recursos naturales.<br \/>&#13;<br \/>\n  <br \/>&#13;<br \/>\n  Sostuvo que la  hidroel\u00e9ctrica permitir\u00e1 la generaci\u00f3n de mil 400 nuevas plazas de empleos  fijos y cinco mil indirectos, mientras se ahorrar\u00e1 cuarenta millones de d\u00f3lares  al a\u00f1o y disminuir\u00e1 la dependencia hacia los hidrocarburos.<br \/>&#13;<br \/>\n  <br \/>&#13;<br \/>\nA la actividad,  realizada en la comunidad de Las Placetas, se dieron cita funcionarios  nacionales y del gobierno de Brasil, legisladores, autoridades provinciales y  esclesi\u00e1sticas.<\/p>\n<p>&#13;<\/p>\n<h6> 2007-07-17 02:53:24 <\/h6>\n<p><!--\n<link rel=\"stylesheet\" href=\"css\/bootstrap.min.css\">\n\n\n<ul class=\"pagination\">\n\t    \n\t\n\n<li >\n\t<a href='?page_no=28872'>Previous<\/a>\n\t<\/li>\n\n\n       \n    \n\n<li><a href='?page_no=1'>1<\/a><\/li>\n\n\n\n<li><a href='?page_no=2'>2<\/a><\/li>\n\n\n\n<li><a>...<\/a><\/li>\n\n\n\n<li><a href='?page_no=28871'>28871<\/a><\/li>\n\n\n\n<li><a href='?page_no=28872'>28872<\/a><\/li>\n\n\n\n<li class='active'><a>28873<\/a><\/li>\n\n\n\n<li><a href='?page_no=28874'>28874<\/a><\/li>\n\n\n\n<li><a href='?page_no=28875'>28875<\/a><\/li>\n\n\n\n<li><a>...<\/a><\/li>\n\n\n\n<li><a href='?page_no=30472'>30472<\/a><\/li>\n\n\n\n<li><a href='?page_no=30473'>30473<\/a><\/li>\n\n    \n\t\n\n<li >\n\t<a href='?page_no=28874'>Next<\/a>\n\t<\/li>\n\n\n    \n\n<li><a href='?page_no=30473'>Last &rsaquo;&rsaquo;<\/a><\/li>\n\n<\/ul>\n\n\n--><br \/>\n<\/body><\/p>\n","protected":false},"excerpt":{"rendered":"<p>Presidente Leonel Fern\u00e1ndez deja iniciados \u00a0los trabajos de construcci\u00f3n del proyecto hidroel\u00e9ctrico Las Placetas &#13; SAN JOSE DE LAS MATAS, Santiago.- Con una detonaci\u00f3n de explosivos el presidente Leonel Fern\u00e1ndez dej\u00f3 iniciados aqu\u00ed\u00a0los trabajos de construcci\u00f3n del proyecto hidroel\u00e9ctrico Las Placetas,\u00a0obra que ser\u00e1 edificada por el consorcio brasile\u00f1o Andrade Guti\u00e9rrez con una inversi\u00f3n de 258 [&hellip;]<\/p>\n","protected":false},"author":3,"featured_media":0,"comment_status":"open","ping_status":"open","sticky":false,"template":"","format":"standard","meta":{"footnotes":""},"categories":[18],"tags":[],"class_list":["post-122993","post","type-post","status-publish","format-standard","hentry","category-economia"],"_links":{"self":[{"href":"https:\/\/diariodominicano.com\/index.php?rest_route=\/wp\/v2\/posts\/122993","targetHints":{"allow":["GET"]}}],"collection":[{"href":"https:\/\/diariodominicano.com\/index.php?rest_route=\/wp\/v2\/posts"}],"about":[{"href":"https:\/\/diariodominicano.com\/index.php?rest_route=\/wp\/v2\/types\/post"}],"author":[{"embeddable":true,"href":"https:\/\/diariodominicano.com\/index.php?rest_route=\/wp\/v2\/users\/3"}],"replies":[{"embeddable":true,"href":"https:\/\/diariodominicano.com\/index.php?rest_route=%2Fwp%2Fv2%2Fcomments&post=122993"}],"version-history":[{"count":0,"href":"https:\/\/diariodominicano.com\/index.php?rest_route=\/wp\/v2\/posts\/122993\/revisions"}],"wp:attachment":[{"href":"https:\/\/diariodominicano.com\/index.php?rest_route=%2Fwp%2Fv2%2Fmedia&parent=122993"}],"wp:term":[{"taxonomy":"category","embeddable":true,"href":"https:\/\/diariodominicano.com\/index.php?rest_route=%2Fwp%2Fv2%2Fcategories&post=122993"},{"taxonomy":"post_tag","embeddable":true,"href":"https:\/\/diariodominicano.com\/index.php?rest_route=%2Fwp%2Fv2%2Ftags&post=122993"}],"curies":[{"name":"wp","href":"https:\/\/api.w.org\/{rel}","templated":true}]}}