{"id":122989,"date":"2007-07-17T15:48:36","date_gmt":"2007-07-17T15:48:36","guid":{"rendered":"http:\/\/diariodominicano.ddns.net\/?p=122989"},"modified":"2007-07-17T15:48:36","modified_gmt":"2007-07-17T15:48:36","slug":"leonel-fernandez-inaugurara-acueducto-linea-noroeste","status":"publish","type":"post","link":"https:\/\/diariodominicano.com\/?p=122989","title":{"rendered":"Leonel Fern\u00e1ndez  inaugurar\u00e1 Acueducto L\u00ednea Noroeste"},"content":{"rendered":"<p><body><\/p>\n<p><span class=\"titulogrande1\">Leonel  Fern\u00e1ndez \u00a0inaugurar\u00e1 Acueducto L\u00ednea  Noroeste <\/span>\u00a0<\/p>\n<p>&#13;<\/p>\n<p align=\"justify\"><strong>SANTO  DOMINGO.- <\/strong><span class=\"text1noticias\">El presidente Leonel Fern\u00e1ndez inaugurar\u00e1 hoy martes el acueducto de la L\u00ednea Noroeste,  construido a un costo de RD$8,305,683,543.00. <\/span><\/p>\n<p>&#13;<\/p>\n<p align=\"justify\" class=\"text1noticias\">La obra, que estuvo a cargo del consorcio brasile\u00f1o  Norberto Odebrecht y Andrade Guti\u00e9rrez, beneficiar\u00e1 a unas 160 comunidades que  pertenecen a las provincias\u00a0 de Santiago,  Santiago Rodr\u00edguez, Valverde, Montecristi y Dajab\u00f3n.<\/p>\n<p>&#13;<\/p>\n<p align=\"justify\" class=\"text1noticias\">El acueducto de la L\u00ednea Noroeste  tendr\u00e1 como fuente de abastecimiento la Presa de Monci\u00f3n y una capacidad de  almacenamiento para 10 millones 600 mil galones de agua potable.<\/p>\n<p>&#13;<\/p>\n<p align=\"justify\" class=\"text1noticias\">El acueducto cuenta con una  planta de tratamiento con capacidad para potabilizar 3 mil litros por segundo,  los cuales se distribuyen por gravedad, permitiendo el ahorro de energ\u00eda y la  reducci\u00f3n en los costos operacionales, con un manejo de tecnolog\u00eda de punta.<\/p>\n<p>&#13;<\/p>\n<p align=\"justify\" class=\"text1noticias\">Como parte del sistema se  instalaron 32 mil acometidas dominiciliarias para abastecer a una poblaci\u00f3n de  m\u00e1s de 950 mil habitantes, sustituyendo en la mayor\u00eda de estos pueblos las  redes de distribuci\u00f3n de agua potable.<\/p>\n<p>&#13;<\/p>\n<p align=\"justify\" class=\"text1noticias\">El acto inaugural de la obra,  que ser\u00e1 encabezado por el presidente Fern\u00e1ndez, est\u00e1 pautado para las 11:00 de  la ma\u00f1ana en la provincia Valverde, Mao.<\/p>\n<p>&#13;<\/p>\n<p align=\"justify\" class=\"text1noticias\">Entre las comunidades que  ser\u00e1n beneficiadas se encuentran Mao, Hato Viejo, El Puente, Boca de Mao, Cruce  de Guayacanes, Cruce de Esperanza, Batey Libertad, Maizal, Bejucal, Entrada de  Mao, Hig\u00fcerito, Esperanza, Guatapanal, Jimanagao, Pe\u00f1uela, Villa Tabacalera,  Pont\u00f3n, Navarrete, Mart\u00edn Garc\u00eda, Guayubin y Juan G\u00f3mez.<\/p>\n<p>&#13;<\/p>\n<p align=\"justify\" class=\"text1noticias\">Tambi\u00e9n Hatillo Palma,  Jaib\u00f3n, Laguna Salada, El Carril, La   Caya, Villa Elisa, La Guajaca, Villa Sinda, Los Limones, Hato al Medio,  Botoncillo, Sabana Cruz, El Manantial, Estero Hondo, El Papayo, Puerto Juanita,  Punta Rucia, Los Pilones, Villa V\u00e1squez, Villa Garc\u00eda, Vigiador, Laguna Verde,  Batey Juliana, Palo Verde, Montecristi y Cana Chapet\u00f3n, entre otras.<\/p>\n<p>&#13;<\/p>\n<p align=\"justify\" class=\"text1noticias\">Por otro lado, el presidente  Leonel Fern\u00e1ndez, dejar\u00e1 igualmente inaugurado el centro educativo Tierra Seca,  en Valverde, Mao, con inversi\u00f3n de siete millones 167 mil, 490 pesos. <\/p>\n<p>&#13;<\/p>\n<p align=\"justify\" class=\"text1noticias\">La obra, consta de un m\u00f3dulo  de cinco aulas de educaci\u00f3n b\u00e1sica; bilioteca, m\u00f3dulo de educaci\u00f3n inicial,  \u00e1rea de cocina, instalaciones sanitarias, verja perimetral, instalaciones  el\u00e9ctricas y acondicionamiento de \u00e1rea exterior del plantel, entre otras  facilidades.\u00a0 <\/p>\n<p>&#13;<\/p>\n<h6> 2007-07-17 15:48:36 <\/h6>\n<p><!--\n<link rel=\"stylesheet\" href=\"css\/bootstrap.min.css\">\n\n\n<ul class=\"pagination\">\n\t    \n\t\n\n<li >\n\t<a href='?page_no=28868'>Previous<\/a>\n\t<\/li>\n\n\n       \n    \n\n<li><a href='?page_no=1'>1<\/a><\/li>\n\n\n\n<li><a href='?page_no=2'>2<\/a><\/li>\n\n\n\n<li><a>...<\/a><\/li>\n\n\n\n<li><a href='?page_no=28867'>28867<\/a><\/li>\n\n\n\n<li><a href='?page_no=28868'>28868<\/a><\/li>\n\n\n\n<li class='active'><a>28869<\/a><\/li>\n\n\n\n<li><a href='?page_no=28870'>28870<\/a><\/li>\n\n\n\n<li><a href='?page_no=28871'>28871<\/a><\/li>\n\n\n\n<li><a>...<\/a><\/li>\n\n\n\n<li><a href='?page_no=30472'>30472<\/a><\/li>\n\n\n\n<li><a href='?page_no=30473'>30473<\/a><\/li>\n\n    \n\t\n\n<li >\n\t<a href='?page_no=28870'>Next<\/a>\n\t<\/li>\n\n\n    \n\n<li><a href='?page_no=30473'>Last &rsaquo;&rsaquo;<\/a><\/li>\n\n<\/ul>\n\n\n--><br \/>\n<\/body><\/p>\n","protected":false},"excerpt":{"rendered":"<p>Leonel Fern\u00e1ndez \u00a0inaugurar\u00e1 Acueducto L\u00ednea Noroeste \u00a0 &#13; SANTO DOMINGO.- El presidente Leonel Fern\u00e1ndez inaugurar\u00e1 hoy martes el acueducto de la L\u00ednea Noroeste, construido a un costo de RD$8,305,683,543.00. &#13; La obra, que estuvo a cargo del consorcio brasile\u00f1o Norberto Odebrecht y Andrade Guti\u00e9rrez, beneficiar\u00e1 a unas 160 comunidades que pertenecen a las provincias\u00a0 de [&hellip;]<\/p>\n","protected":false},"author":3,"featured_media":0,"comment_status":"open","ping_status":"open","sticky":false,"template":"","format":"standard","meta":{"footnotes":""},"categories":[18],"tags":[],"class_list":["post-122989","post","type-post","status-publish","format-standard","hentry","category-economia"],"_links":{"self":[{"href":"https:\/\/diariodominicano.com\/index.php?rest_route=\/wp\/v2\/posts\/122989","targetHints":{"allow":["GET"]}}],"collection":[{"href":"https:\/\/diariodominicano.com\/index.php?rest_route=\/wp\/v2\/posts"}],"about":[{"href":"https:\/\/diariodominicano.com\/index.php?rest_route=\/wp\/v2\/types\/post"}],"author":[{"embeddable":true,"href":"https:\/\/diariodominicano.com\/index.php?rest_route=\/wp\/v2\/users\/3"}],"replies":[{"embeddable":true,"href":"https:\/\/diariodominicano.com\/index.php?rest_route=%2Fwp%2Fv2%2Fcomments&post=122989"}],"version-history":[{"count":0,"href":"https:\/\/diariodominicano.com\/index.php?rest_route=\/wp\/v2\/posts\/122989\/revisions"}],"wp:attachment":[{"href":"https:\/\/diariodominicano.com\/index.php?rest_route=%2Fwp%2Fv2%2Fmedia&parent=122989"}],"wp:term":[{"taxonomy":"category","embeddable":true,"href":"https:\/\/diariodominicano.com\/index.php?rest_route=%2Fwp%2Fv2%2Fcategories&post=122989"},{"taxonomy":"post_tag","embeddable":true,"href":"https:\/\/diariodominicano.com\/index.php?rest_route=%2Fwp%2Fv2%2Ftags&post=122989"}],"curies":[{"name":"wp","href":"https:\/\/api.w.org\/{rel}","templated":true}]}}