{"id":122986,"date":"2007-07-18T11:06:44","date_gmt":"2007-07-18T11:06:44","guid":{"rendered":"http:\/\/diariodominicano.ddns.net\/?p=122986"},"modified":"2007-07-18T11:06:44","modified_gmt":"2007-07-18T11:06:44","slug":"diputados-aprueban-interpelar-al-ministro-de-turismo","status":"publish","type":"post","link":"https:\/\/diariodominicano.com\/?p=122986","title":{"rendered":"Diputados aprueban interpelar al Ministro de Turismo"},"content":{"rendered":"<p><body><\/p>\n<p align=\"justify\" class=\"titulogrande1\"><strong>Diputados aprueban interpelar al Ministro  de Turismo<\/strong><\/p>\n<p>&#13;<\/p>\n<p align=\"justify\" class=\"text1noticias\"><strong><img loading=\"lazy\" decoding=\"async\" src=\"http:\/\/localhost:8080\/economia\/pictures\/felix jimenez.jpg\" width=\"269\" height=\"208\" hspace=\"4\" align=\"left\" \/>SANTO DOMINGO.- <\/strong>La C\u00e1mara de Diputados aprob\u00f3 interpelar al secretario de  Turismo, F\u00e9lix Jim\u00e9nez, para que explique su vinculaci\u00f3n con el proyecto  hotelero Vista Mare y en torno a la extracci\u00f3n de arena de la playa del  municipio de R\u00edo San Juan. La resoluci\u00f3n, presentada por los diputados del PRD  Demetrio Vicente y Wagner Jos\u00e9, fue aprobada con 86 votos a favor y 11 en  contra. <br \/>&#13;<br \/>\n  <br \/>&#13;<br \/>\n  Los diputados acogieron el informe favorable  presentado por la comisi\u00f3n de Medio Ambiente y Recursos Naturales, que preside  Mario Fern\u00e1ndez Savi\u00f1\u00f3n, quien recibi\u00f3 una carta del secretario de Turismo en  la que se negaba a acudir a una invitaci\u00f3n al Congreso \u201cporque estaba muy  ocupado\u201d.<br \/>&#13;<br \/>\n  <br \/>&#13;<br \/>\n\u201cLamento declinar la invitaci\u00f3n cursada,  porque como ustedes comprender\u00e1n tenemos compromisos previos producto de una  extensa y apretada agenda de trabajo que incluye hasta d\u00edas feriados. En  nuestro caso se nos hace dif\u00edcil\u00a0 distraer la atenci\u00f3n de los asuntos  propios de este Ministerio para atender convocatorias cuyo razonamiento y  objeto no acabamos de entender, si bien respetamos el derecho que les asiste a  recabar las informaciones que estimen de inter\u00e9s para sus funciones como  congresistas\u201d, se explica en la carta de respuesta a la invitaci\u00f3n.<br \/>&#13;<br \/>\n<br \/>&#13;<br \/>\nLos proponentes de la necesidad de la\u00a0  interpelaci\u00f3n al secretario de Turismo son los diputados Demetrio Antonio  Vicente Ure\u00f1a, del PRD, y Wagner Manuel Jos\u00e9 Mosquea, tambi\u00e9n del mismo partido  opositor.<br \/>&#13;<br \/>\n<br \/>&#13;<br \/>\n<span class=\"textopq0\">Listin Diario<\/span><\/p>\n<p>&#13;<\/p>\n<h6> 2007-07-18 11:06:44 <\/h6>\n<p><!--\n<link rel=\"stylesheet\" href=\"css\/bootstrap.min.css\">\n\n\n<ul class=\"pagination\">\n\t    \n\t\n\n<li >\n\t<a href='?page_no=28865'>Previous<\/a>\n\t<\/li>\n\n\n       \n    \n\n<li><a href='?page_no=1'>1<\/a><\/li>\n\n\n\n<li><a href='?page_no=2'>2<\/a><\/li>\n\n\n\n<li><a>...<\/a><\/li>\n\n\n\n<li><a href='?page_no=28864'>28864<\/a><\/li>\n\n\n\n<li><a href='?page_no=28865'>28865<\/a><\/li>\n\n\n\n<li class='active'><a>28866<\/a><\/li>\n\n\n\n<li><a href='?page_no=28867'>28867<\/a><\/li>\n\n\n\n<li><a href='?page_no=28868'>28868<\/a><\/li>\n\n\n\n<li><a>...<\/a><\/li>\n\n\n\n<li><a href='?page_no=30472'>30472<\/a><\/li>\n\n\n\n<li><a href='?page_no=30473'>30473<\/a><\/li>\n\n    \n\t\n\n<li >\n\t<a href='?page_no=28867'>Next<\/a>\n\t<\/li>\n\n\n    \n\n<li><a href='?page_no=30473'>Last &rsaquo;&rsaquo;<\/a><\/li>\n\n<\/ul>\n\n\n--><br \/>\n<\/body><\/p>\n","protected":false},"excerpt":{"rendered":"<p>Diputados aprueban interpelar al Ministro de Turismo &#13; SANTO DOMINGO.- La C\u00e1mara de Diputados aprob\u00f3 interpelar al secretario de Turismo, F\u00e9lix Jim\u00e9nez, para que explique su vinculaci\u00f3n con el proyecto hotelero Vista Mare y en torno a la extracci\u00f3n de arena de la playa del municipio de R\u00edo San Juan. La resoluci\u00f3n, presentada por los [&hellip;]<\/p>\n","protected":false},"author":3,"featured_media":0,"comment_status":"open","ping_status":"open","sticky":false,"template":"","format":"standard","meta":{"footnotes":""},"categories":[18],"tags":[],"class_list":["post-122986","post","type-post","status-publish","format-standard","hentry","category-economia"],"_links":{"self":[{"href":"https:\/\/diariodominicano.com\/index.php?rest_route=\/wp\/v2\/posts\/122986","targetHints":{"allow":["GET"]}}],"collection":[{"href":"https:\/\/diariodominicano.com\/index.php?rest_route=\/wp\/v2\/posts"}],"about":[{"href":"https:\/\/diariodominicano.com\/index.php?rest_route=\/wp\/v2\/types\/post"}],"author":[{"embeddable":true,"href":"https:\/\/diariodominicano.com\/index.php?rest_route=\/wp\/v2\/users\/3"}],"replies":[{"embeddable":true,"href":"https:\/\/diariodominicano.com\/index.php?rest_route=%2Fwp%2Fv2%2Fcomments&post=122986"}],"version-history":[{"count":0,"href":"https:\/\/diariodominicano.com\/index.php?rest_route=\/wp\/v2\/posts\/122986\/revisions"}],"wp:attachment":[{"href":"https:\/\/diariodominicano.com\/index.php?rest_route=%2Fwp%2Fv2%2Fmedia&parent=122986"}],"wp:term":[{"taxonomy":"category","embeddable":true,"href":"https:\/\/diariodominicano.com\/index.php?rest_route=%2Fwp%2Fv2%2Fcategories&post=122986"},{"taxonomy":"post_tag","embeddable":true,"href":"https:\/\/diariodominicano.com\/index.php?rest_route=%2Fwp%2Fv2%2Ftags&post=122986"}],"curies":[{"name":"wp","href":"https:\/\/api.w.org\/{rel}","templated":true}]}}