{"id":122984,"date":"2007-07-18T17:43:26","date_gmt":"2007-07-18T17:43:26","guid":{"rendered":"http:\/\/diariodominicano.ddns.net\/?p=122984"},"modified":"2007-07-18T17:43:26","modified_gmt":"2007-07-18T17:43:26","slug":"conep-pide-cautela-con-modificaciones-a-la-ley-general-de-electricidad","status":"publish","type":"post","link":"https:\/\/diariodominicano.com\/?p=122984","title":{"rendered":"CONEP pide cautela con modificaciones a la Ley General de Electricidad"},"content":{"rendered":"<p><body><\/p>\n<p class=\"titulogrande1\">CONEP  pide cautela con modificaciones a la Ley   General de Electricidad<\/p>\n<p>&#13;<\/p>\n<p align=\"justify\"><strong>SANTO DOMINGO.- <\/strong><span class=\"text1noticias\">El pleno de  organizaciones empresariales agrupadas en el Consejo Nacional de la Empresa Privada  (CONEP) pidi\u00f3 cautela ante el proyecto de modificaci\u00f3n de la Ley General de  Electricidad que se discute en el Congreso Nacional y plante\u00f3 que la \u00fanica  enmienda que se debe hacer es \u201ccriminalizar\u201d el fraude el\u00e9ctrico.<\/span><\/p>\n<p>&#13;<\/p>\n<p align=\"justify\" class=\"text1noticias\">Lisandro Macarrulla,  presidente del CONEP,\u00a0 dijo que los  empresarios no han sido tomados en cuenta para la modificaci\u00f3n de esa ley\u00a0 y acus\u00f3 a sectores \u201clocales\u201d, los cuales no  identific\u00f3, de pretender aprovechar la coyuntura para enmendar otros aspectos  de la legislaci\u00f3n.<\/p>\n<p>&#13;<\/p>\n<p align=\"justify\" class=\"text1noticias\">Agreg\u00f3 que \u201cnosotros somos  partidarios de que se criminalice todo el hurto de energ\u00eda el\u00e9ctrica y que no  se excluya a nadie\u201d. <\/p>\n<p>&#13;<\/p>\n<p align=\"justify\" class=\"text1noticias\">Dijo que no se debe festinar  una ley que signific\u00f3 muchos a\u00f1os de estudios y de consenso, aunque  \u201clamentablemente no ha rendido los frutos esperados porque no ha sido  cumplida\u201d.<\/p>\n<p>&#13;<\/p>\n<p align=\"justify\" class=\"text1noticias\">Expres\u00f3 preocupaci\u00f3n porque  seg\u00fan dijo los empresarios fueron excluidos y no han sido llamados a vistas  p\u00fablicas, ni se han reunido con la comisi\u00f3n que estudia el proyecto y que s\u00f3lo  participaron en una sola reuni\u00f3n a iniciativa de los empresarios. <\/p>\n<p>&#13;<\/p>\n<p align=\"justify\" class=\"text1noticias\">Insisti\u00f3 en que si se  modifica esa ley llevar\u00eda una gran preocupaci\u00f3n al sector productivo nacional.<\/p>\n<p>&#13;<\/p>\n<p align=\"justify\" class=\"text1noticias\">Hizo un llamado para que se  cree una alianza entre el sector p\u00fablico y privado con la finalidad de dise\u00f1ar  e implementar un plan de acci\u00f3n inmediato y de aplicaci\u00f3n sostenible dentro de  un clima de seguridad y estabilidad jur\u00eddica cuyo cumplimiento no est\u00e9  supeditado a ninguna agenda pol\u00edtica.<\/p>\n<p>&#13;<\/p>\n<p align=\"justify\" class=\"text1noticias\">El Conep rechaza que en esa  modificaci\u00f3n se derogue la Ley  415 Org\u00e1nica de la CDE,  \u201cinsertando en la ley general de electricidad la mayor parte de su articulado  para retomar la misma como entidad aut\u00f3noma inembargable y dotada de amplios  poderes as\u00ed como establecer en provecho de las distribuidoras la cuestionada  arma que tuvo la CDE  del concepto deuda a domicilio que har\u00eda al propietario de un inmuble deudor responsable  de deudas contra\u00eddas por otras personas, lo cual no es equitativo ni justo\u201d.<\/p>\n<p>&#13;<\/p>\n<p align=\"justify\" class=\"text1noticias\">Los empresarios entienden que  de modificarse la legislaci\u00f3n debe completarse la ejecuci\u00f3n de algunas acciones  como: focalizar los subsidios en el sector, acordando una estrategia para  eliminarlos y un plan nacional de cobro de energ\u00eda, para lo cual se establezcan  como metas de desmonte del subsidio a las distribuidoras en plazos razonables,  oblig\u00e1ndolas a ser eficientes en su gesti\u00f3n de cobro.<\/p>\n<p>&#13;<\/p>\n<p align=\"justify\" class=\"text1noticias\">Tambi\u00e9n plantea la implementaci\u00f3n  de los susidios en la tarifa a los barrios m\u00e1s deprimidos econ\u00f3micamente y  eliminar la cuota fija independientemente del consumo que se realice, lo que  seg\u00fan plantean los empresarios incentivar\u00eda el consumo prudente y evitar\u00eda el  derroche de energ\u00eda.<\/p>\n<p>&#13;<\/p>\n<p align=\"justify\" class=\"text1noticias\">Igualmente\u00a0 se\u00f1ala \u00a0que se implemente la tarifa t\u00e9cnica de  electricidad, que permita transparentar los costos reales del sistema y  encamine a una tarifa m\u00e1s entendible para el consumidor.<\/p>\n<p>&#13;<\/p>\n<h6> 2007-07-18 17:43:26 <\/h6>\n<p><!--\n<link rel=\"stylesheet\" href=\"css\/bootstrap.min.css\">\n\n\n<ul class=\"pagination\">\n\t    \n\t\n\n<li >\n\t<a href='?page_no=28863'>Previous<\/a>\n\t<\/li>\n\n\n       \n    \n\n<li><a href='?page_no=1'>1<\/a><\/li>\n\n\n\n<li><a href='?page_no=2'>2<\/a><\/li>\n\n\n\n<li><a>...<\/a><\/li>\n\n\n\n<li><a href='?page_no=28862'>28862<\/a><\/li>\n\n\n\n<li><a href='?page_no=28863'>28863<\/a><\/li>\n\n\n\n<li class='active'><a>28864<\/a><\/li>\n\n\n\n<li><a href='?page_no=28865'>28865<\/a><\/li>\n\n\n\n<li><a href='?page_no=28866'>28866<\/a><\/li>\n\n\n\n<li><a>...<\/a><\/li>\n\n\n\n<li><a href='?page_no=30472'>30472<\/a><\/li>\n\n\n\n<li><a href='?page_no=30473'>30473<\/a><\/li>\n\n    \n\t\n\n<li >\n\t<a href='?page_no=28865'>Next<\/a>\n\t<\/li>\n\n\n    \n\n<li><a href='?page_no=30473'>Last &rsaquo;&rsaquo;<\/a><\/li>\n\n<\/ul>\n\n\n--><br \/>\n<\/body><\/p>\n","protected":false},"excerpt":{"rendered":"<p>CONEP pide cautela con modificaciones a la Ley General de Electricidad &#13; SANTO DOMINGO.- El pleno de organizaciones empresariales agrupadas en el Consejo Nacional de la Empresa Privada (CONEP) pidi\u00f3 cautela ante el proyecto de modificaci\u00f3n de la Ley General de Electricidad que se discute en el Congreso Nacional y plante\u00f3 que la \u00fanica enmienda [&hellip;]<\/p>\n","protected":false},"author":3,"featured_media":0,"comment_status":"open","ping_status":"open","sticky":false,"template":"","format":"standard","meta":{"footnotes":""},"categories":[18],"tags":[],"class_list":["post-122984","post","type-post","status-publish","format-standard","hentry","category-economia"],"_links":{"self":[{"href":"https:\/\/diariodominicano.com\/index.php?rest_route=\/wp\/v2\/posts\/122984","targetHints":{"allow":["GET"]}}],"collection":[{"href":"https:\/\/diariodominicano.com\/index.php?rest_route=\/wp\/v2\/posts"}],"about":[{"href":"https:\/\/diariodominicano.com\/index.php?rest_route=\/wp\/v2\/types\/post"}],"author":[{"embeddable":true,"href":"https:\/\/diariodominicano.com\/index.php?rest_route=\/wp\/v2\/users\/3"}],"replies":[{"embeddable":true,"href":"https:\/\/diariodominicano.com\/index.php?rest_route=%2Fwp%2Fv2%2Fcomments&post=122984"}],"version-history":[{"count":0,"href":"https:\/\/diariodominicano.com\/index.php?rest_route=\/wp\/v2\/posts\/122984\/revisions"}],"wp:attachment":[{"href":"https:\/\/diariodominicano.com\/index.php?rest_route=%2Fwp%2Fv2%2Fmedia&parent=122984"}],"wp:term":[{"taxonomy":"category","embeddable":true,"href":"https:\/\/diariodominicano.com\/index.php?rest_route=%2Fwp%2Fv2%2Fcategories&post=122984"},{"taxonomy":"post_tag","embeddable":true,"href":"https:\/\/diariodominicano.com\/index.php?rest_route=%2Fwp%2Fv2%2Ftags&post=122984"}],"curies":[{"name":"wp","href":"https:\/\/api.w.org\/{rel}","templated":true}]}}