{"id":122983,"date":"2007-07-18T17:44:55","date_gmt":"2007-07-18T17:44:55","guid":{"rendered":"http:\/\/diariodominicano.ddns.net\/?p=122983"},"modified":"2007-07-18T17:44:55","modified_gmt":"2007-07-18T17:44:55","slug":"dictaran-manana-conferencia-la-comunicacion-como-instrumento-de-cohesion-social","status":"publish","type":"post","link":"https:\/\/diariodominicano.com\/?p=122983","title":{"rendered":"Dictar\u00e1n ma\u00f1ana  conferencia \u201cLa Comunicaci\u00f3n como Instrumento de Cohesi\u00f3n Social\u201d"},"content":{"rendered":"<p><body><\/p>\n<p align=\"justify\" class=\"titulogrande1\">Dictar\u00e1n  ma\u00f1ana conferencia \u201cLa Comunicaci\u00f3n como  Instrumento de Cohesi\u00f3n Social\u201d<\/p>\n<p>&#13;<\/p>\n<p align=\"justify\" class=\"text1noticias\"><strong>Santo Domingo,.- <\/strong>La Secretar\u00eda de Econom\u00eda,  Planificaci\u00f3n y Desarrollo anunci\u00f3 para ma\u00f1ana jueves la celebraci\u00f3n de una  conferencia sobre \u201cLa   Comunicaci\u00f3n como Instrumento de Cohesi\u00f3n Social\u201d a cargo de  un experto de la   Comisi\u00f3n Econ\u00f3mica para Am\u00e9rica Latina (CEPAL).<\/p>\n<p>&#13;<\/p>\n<p align=\"justify\" class=\"text1noticias\">Carlos Vergara disertar\u00e1  sobre el tema en el Sal\u00f3n Bohech\u00edo, del Hotel Santo Domingo, de esta capital,  en horario de 10:00 A.M a 12:00 M., anunci\u00f3 la dependencia estatal.<\/p>\n<p>&#13;<\/p>\n<p align=\"justify\" class=\"text1noticias\">La conferencia estar\u00e1  especialmente dirigida a directores de medios de comunicaci\u00f3n, editores  econ\u00f3micos y periodistas que normalmente tienen a su cargo los temas econ\u00f3micos  y sociales, aunque la invitaci\u00f3n es extensiva igualmente a otros comunicadores,  productores de espacios de radio o televisi\u00f3n, asi como para los que producen  diarios digitales.<\/p>\n<p>&#13;<\/p>\n<p align=\"justify\" class=\"text1noticias\">La Secretaria de Econom\u00eda, Planificaci\u00f3n y Desarrollo record\u00f3 que  \u201cCohesi\u00f3n Social\u201d ser\u00e1 el tema central de la pr\u00f3xima cumbre de Jefe de Estado y  de Gobierno de iberoamerica a celebrarse en Chile en noviembre pr\u00f3ximo. Vergara  es un experto en temas sociales y econ\u00f3micos de la CEPAL y tiene amplia  experiencia en el \u00e1rea, agreg\u00f3 una nota del organismo estatal.<\/p>\n<p>&#13;<\/p>\n<p align=\"justify\" class=\"text1noticias\">En la apertura de la  conferencia estar\u00e1 presente el Secretario de Econom\u00eda, Planificaci\u00f3n y  Desarrollo, Juan Temistocles Montas; as\u00ed como el Subsecretario de  Planificaci\u00f3n, Guarocuya Feliz.<\/p>\n<p>&#13;<\/p>\n<h6> 2007-07-18 17:44:55 <\/h6>\n<p><!--\n<link rel=\"stylesheet\" href=\"css\/bootstrap.min.css\">\n\n\n<ul class=\"pagination\">\n\t    \n\t\n\n<li >\n\t<a href='?page_no=28862'>Previous<\/a>\n\t<\/li>\n\n\n       \n    \n\n<li><a href='?page_no=1'>1<\/a><\/li>\n\n\n\n<li><a href='?page_no=2'>2<\/a><\/li>\n\n\n\n<li><a>...<\/a><\/li>\n\n\n\n<li><a href='?page_no=28861'>28861<\/a><\/li>\n\n\n\n<li><a href='?page_no=28862'>28862<\/a><\/li>\n\n\n\n<li class='active'><a>28863<\/a><\/li>\n\n\n\n<li><a href='?page_no=28864'>28864<\/a><\/li>\n\n\n\n<li><a href='?page_no=28865'>28865<\/a><\/li>\n\n\n\n<li><a>...<\/a><\/li>\n\n\n\n<li><a href='?page_no=30472'>30472<\/a><\/li>\n\n\n\n<li><a href='?page_no=30473'>30473<\/a><\/li>\n\n    \n\t\n\n<li >\n\t<a href='?page_no=28864'>Next<\/a>\n\t<\/li>\n\n\n    \n\n<li><a href='?page_no=30473'>Last &rsaquo;&rsaquo;<\/a><\/li>\n\n<\/ul>\n\n\n--><br \/>\n<\/body><\/p>\n","protected":false},"excerpt":{"rendered":"<p>Dictar\u00e1n ma\u00f1ana conferencia \u201cLa Comunicaci\u00f3n como Instrumento de Cohesi\u00f3n Social\u201d &#13; Santo Domingo,.- La Secretar\u00eda de Econom\u00eda, Planificaci\u00f3n y Desarrollo anunci\u00f3 para ma\u00f1ana jueves la celebraci\u00f3n de una conferencia sobre \u201cLa Comunicaci\u00f3n como Instrumento de Cohesi\u00f3n Social\u201d a cargo de un experto de la Comisi\u00f3n Econ\u00f3mica para Am\u00e9rica Latina (CEPAL). &#13; Carlos Vergara disertar\u00e1 sobre [&hellip;]<\/p>\n","protected":false},"author":3,"featured_media":0,"comment_status":"open","ping_status":"open","sticky":false,"template":"","format":"standard","meta":{"footnotes":""},"categories":[18],"tags":[],"class_list":["post-122983","post","type-post","status-publish","format-standard","hentry","category-economia"],"_links":{"self":[{"href":"https:\/\/diariodominicano.com\/index.php?rest_route=\/wp\/v2\/posts\/122983","targetHints":{"allow":["GET"]}}],"collection":[{"href":"https:\/\/diariodominicano.com\/index.php?rest_route=\/wp\/v2\/posts"}],"about":[{"href":"https:\/\/diariodominicano.com\/index.php?rest_route=\/wp\/v2\/types\/post"}],"author":[{"embeddable":true,"href":"https:\/\/diariodominicano.com\/index.php?rest_route=\/wp\/v2\/users\/3"}],"replies":[{"embeddable":true,"href":"https:\/\/diariodominicano.com\/index.php?rest_route=%2Fwp%2Fv2%2Fcomments&post=122983"}],"version-history":[{"count":0,"href":"https:\/\/diariodominicano.com\/index.php?rest_route=\/wp\/v2\/posts\/122983\/revisions"}],"wp:attachment":[{"href":"https:\/\/diariodominicano.com\/index.php?rest_route=%2Fwp%2Fv2%2Fmedia&parent=122983"}],"wp:term":[{"taxonomy":"category","embeddable":true,"href":"https:\/\/diariodominicano.com\/index.php?rest_route=%2Fwp%2Fv2%2Fcategories&post=122983"},{"taxonomy":"post_tag","embeddable":true,"href":"https:\/\/diariodominicano.com\/index.php?rest_route=%2Fwp%2Fv2%2Ftags&post=122983"}],"curies":[{"name":"wp","href":"https:\/\/api.w.org\/{rel}","templated":true}]}}