{"id":122981,"date":"2007-07-19T10:56:06","date_gmt":"2007-07-19T10:56:06","guid":{"rendered":"http:\/\/diariodominicano.ddns.net\/?p=122981"},"modified":"2007-07-19T10:56:06","modified_gmt":"2007-07-19T10:56:06","slug":"camara-de-diputados-convierte-en-ley-el-proyecto-del-poder-ejecutivo-declara-amnistia-fiscal","status":"publish","type":"post","link":"https:\/\/diariodominicano.com\/?p=122981","title":{"rendered":"C\u00e1mara de Diputados convierte en ley el proyecto del Poder Ejecutivo declara Amnist\u00eda Fiscal"},"content":{"rendered":"<p><body><\/p>\n<p align=\"justify\" class=\"titulogrande1\"><strong>C\u00e1mara  de Diputados convierte en ley el proyecto del Poder Ejecutivo declara Amnist\u00eda  Fiscal<\/strong><\/p>\n<p>&#13;<\/p>\n<p align=\"justify\" class=\"text1noticias\"><strong><img loading=\"lazy\" decoding=\"async\" src=\"http:\/\/localhost:8080\/economia\/pictures\/balanza.jpg\" width=\"269\" height=\"261\" hspace=\"4\" align=\"left\" \/>El proyecto fue convertido en ley\u00a0  luego de\u00a0 casi dos horas de debates durante los cuales, legisladores de la  oposici\u00f3n, incluyendo\u00a0 los voceros de los partidos Revolucionario  Dominicano (PRD), Cristhian Paredes, y de la Fuerza Nacional  Progresista (FNP), Jos\u00e9 Ricardo Taveras, se pronunciaron en contra de la  iniciativa del Poder Ejecutivo.<\/strong><\/p>\n<p>&#13;<\/p>\n<p align=\"justify\" class=\"text1noticias\">SANTO DOMINGO.- La C\u00e1mara de Diputados  convirti\u00f3 anoche en ley el proyecto sometido por el Poder Ejecutivo que concede  una Amnist\u00eda Fiscal a favor de las personas f\u00edsicas, los negocios de \u00fanico  due\u00f1o y\u00a0 las personas jur\u00eddicas, en el pago del Impuesto sobre la Renta (ISR), del Impuesto a la Transferencia de  Bienes Industrializados y\u00a0 Servicios (ITBIS), y en el Impuesto a la Propiedad Inmobiliaria  (IPI).<br \/>&#13;<br \/>\n  <br \/>&#13;<br \/>\n  La   Ley de  Amnist\u00eda Fiscal fue aprobada\u00a0 de urgencia en dos lecturas consecutivas con  el voto favorable de 84 diputados de una matr\u00edcula de 113 que hab\u00edan presentes  en el hemiciclo. <br \/>&#13;<br \/>\n  <br \/>&#13;<br \/>\n\u00a0La nueva ley de flexibilizaci\u00f3n  tributaria\u00a0 incluye la eliminaci\u00f3n de la gradualidad en la eliminaci\u00f3n de  la tasa del 30% del ISR y la retorna al 25% como era antes de la Reforma Tributaria  del 2005.<br \/>&#13;<br \/>\n<br \/>&#13;<br \/>\n\u00a0Las personas f\u00edsicas, los negocios  de \u00fanico due\u00f1o y las personas jur\u00eddicas podr\u00e1n optar por la Amnist\u00eda Fiscal  para el ISR, incluyendo las retenciones de este impuesto, para el ITBIS, y para  el IPI, siempre que efectuaren el pago correspondiente, calculado de acuerdo a  los criterios que la presente ley dispone.<br \/>&#13;<br \/>\n<br \/>&#13;<br \/>\nAdem\u00e1s, los contribuyentes que tienen  deudas pendientes de cualquier impuesto en cualquiera de las instancias  tributarias, siempre que realicen el pago como est\u00e1 dispuesto en la presente  ley para cada caso.<br \/>&#13;<br \/>\n<br \/>&#13;<br \/>\n\u00a0Aquellos contribuyentes que no han  presentado declaraci\u00f3n jurada del ISR, el ITBIS y el IPI, en los per\u00edodos no  prescritos (omisos) siempre que cumplan con los requisitos dispuestos en la  presente ley para este tipo de contribuyentes, tambi\u00e9n podr\u00e1n optar por la Amnist\u00eda. Igual  las personas f\u00edsicas que son propietarias de inmuebles.<br \/>&#13;<br \/>\n<br \/>&#13;<br \/>\n\u00a0Los contribuyentes que deseen  acogerse a la Amnist\u00eda  para el ISR y el ITBIS, deber\u00e1n formalizar su solicitud ante la Direcci\u00f3n General  de Impuestos Internos (DGII) a m\u00e1s tardar 45 d\u00edas despu\u00e9s de la entrada en  vigencia de la presente ley, indicando en la misma la actividad econ\u00f3mica que  de hecho realiza, as\u00ed como la ubicaci\u00f3n exacta de su empresa.<br \/>&#13;<br \/>\n<br \/>&#13;<br \/>\n\u00a0Para considerar auditados o  amnistiados los per\u00edodos no prescritos hasta el 2006 (inclusive) y los  impuestos a que se refiere el art\u00edculo anterior, el contribuyente deber\u00e1  efectuar un pago \u00fanico, que debe ser igual a la diferencia entre el impuesto  que liquid\u00f3 en su declaraci\u00f3n jurada del ISR del a\u00f1o fiscal 2006, y aquel que  se genere al aplicar al total del ingreso declarado en dicho a\u00f1o, la Tasa Efectiva de  Tributaci\u00f3n Promedio de su sector o actividad econ\u00f3mica, en su rango de ingreso  declarados de acuerdo a una tabla establecida en la ley.<br \/>&#13;<br \/>\n<br \/>&#13;<br \/>\n\u00a0Establece que los contribuyentes  que hayan omitido las declaraciones de ITBIS y\/o del ISR de los a\u00f1os no  prescritos hasta el 2006 (inclusive), podr\u00e1n acogerse a la Amnist\u00eda presentando la  declaraci\u00f3n jurada del ISR del a\u00f1o fiscal 2006 y las declaraciones juradas de  ITBIS correspondientes a los per\u00edodos del 2006, y pagando \u00fanicamente los impuestos  derivados de dichas presentaciones, dentro de un plazo de 20 d\u00edas.<br \/>&#13;<br \/>\n<br \/>&#13;<br \/>\nLa nueva ley fue aprobada\u00a0 luego  de\u00a0 casi dos horas de debates durante los cuales, legisladores de la  oposici\u00f3n, incluyendo\u00a0 los voceros de los partidos Revolucionario  Dominicano (PRD), Cristhian Paredes, y de la Fuerza Nacional  Progresista (FNP), Jos\u00e9 Ricardo Taveras, se pronunciaron en contra de la  iniciativa del Poder Ejecutivo.<br \/>&#13;<br \/>\n<br \/>&#13;<br \/>\nHoy<\/p>\n<h6> 2007-07-19 10:56:06 <\/h6>\n<p><!--\n<link rel=\"stylesheet\" href=\"css\/bootstrap.min.css\">\n\n\n<ul class=\"pagination\">\n\t    \n\t\n\n<li >\n\t<a href='?page_no=28860'>Previous<\/a>\n\t<\/li>\n\n\n       \n    \n\n<li><a href='?page_no=1'>1<\/a><\/li>\n\n\n\n<li><a href='?page_no=2'>2<\/a><\/li>\n\n\n\n<li><a>...<\/a><\/li>\n\n\n\n<li><a href='?page_no=28859'>28859<\/a><\/li>\n\n\n\n<li><a href='?page_no=28860'>28860<\/a><\/li>\n\n\n\n<li class='active'><a>28861<\/a><\/li>\n\n\n\n<li><a href='?page_no=28862'>28862<\/a><\/li>\n\n\n\n<li><a href='?page_no=28863'>28863<\/a><\/li>\n\n\n\n<li><a>...<\/a><\/li>\n\n\n\n<li><a href='?page_no=30472'>30472<\/a><\/li>\n\n\n\n<li><a href='?page_no=30473'>30473<\/a><\/li>\n\n    \n\t\n\n<li >\n\t<a href='?page_no=28862'>Next<\/a>\n\t<\/li>\n\n\n    \n\n<li><a href='?page_no=30473'>Last &rsaquo;&rsaquo;<\/a><\/li>\n\n<\/ul>\n\n\n--><br \/>\n<\/body><\/p>\n","protected":false},"excerpt":{"rendered":"<p>C\u00e1mara de Diputados convierte en ley el proyecto del Poder Ejecutivo declara Amnist\u00eda Fiscal &#13; El proyecto fue convertido en ley\u00a0 luego de\u00a0 casi dos horas de debates durante los cuales, legisladores de la oposici\u00f3n, incluyendo\u00a0 los voceros de los partidos Revolucionario Dominicano (PRD), Cristhian Paredes, y de la Fuerza Nacional Progresista (FNP), Jos\u00e9 Ricardo [&hellip;]<\/p>\n","protected":false},"author":3,"featured_media":0,"comment_status":"open","ping_status":"open","sticky":false,"template":"","format":"standard","meta":{"footnotes":""},"categories":[18],"tags":[],"class_list":["post-122981","post","type-post","status-publish","format-standard","hentry","category-economia"],"_links":{"self":[{"href":"https:\/\/diariodominicano.com\/index.php?rest_route=\/wp\/v2\/posts\/122981","targetHints":{"allow":["GET"]}}],"collection":[{"href":"https:\/\/diariodominicano.com\/index.php?rest_route=\/wp\/v2\/posts"}],"about":[{"href":"https:\/\/diariodominicano.com\/index.php?rest_route=\/wp\/v2\/types\/post"}],"author":[{"embeddable":true,"href":"https:\/\/diariodominicano.com\/index.php?rest_route=\/wp\/v2\/users\/3"}],"replies":[{"embeddable":true,"href":"https:\/\/diariodominicano.com\/index.php?rest_route=%2Fwp%2Fv2%2Fcomments&post=122981"}],"version-history":[{"count":0,"href":"https:\/\/diariodominicano.com\/index.php?rest_route=\/wp\/v2\/posts\/122981\/revisions"}],"wp:attachment":[{"href":"https:\/\/diariodominicano.com\/index.php?rest_route=%2Fwp%2Fv2%2Fmedia&parent=122981"}],"wp:term":[{"taxonomy":"category","embeddable":true,"href":"https:\/\/diariodominicano.com\/index.php?rest_route=%2Fwp%2Fv2%2Fcategories&post=122981"},{"taxonomy":"post_tag","embeddable":true,"href":"https:\/\/diariodominicano.com\/index.php?rest_route=%2Fwp%2Fv2%2Ftags&post=122981"}],"curies":[{"name":"wp","href":"https:\/\/api.w.org\/{rel}","templated":true}]}}