{"id":122980,"date":"2007-07-19T11:12:08","date_gmt":"2007-07-19T11:12:08","guid":{"rendered":"http:\/\/diariodominicano.ddns.net\/?p=122980"},"modified":"2007-07-19T11:12:08","modified_gmt":"2007-07-19T11:12:08","slug":"aumentaran-los-mercados-populares","status":"publish","type":"post","link":"https:\/\/diariodominicano.com\/?p=122980","title":{"rendered":"Aumentar\u00e1n los mercados populares"},"content":{"rendered":"<p><body><\/p>\n<p align=\"justify\" class=\"titulogrande1\"><strong>Aumentar\u00e1n  los mercados populares<\/strong><\/p>\n<p>&#13;<\/p>\n<p align=\"justify\" class=\"text1noticias\"><img loading=\"lazy\" decoding=\"async\" src=\"http:\/\/localhost:8080\/economia\/pictures\/chio jimenez 2.jpg\" width=\"269\" height=\"225\" hspace=\"4\" align=\"left\" \/>SANTO DOMINGO.- El Secretario  de Agricultura dijo que se continuar\u00e1n ampliando los mercados populares, debido  a los bajos precios y la variedad de productos frescos que ofertan al pueblo.<\/p>\n<p>&#13;<\/p>\n<p align=\"justify\" class=\"text1noticias\">Salvador Jim\u00e9nez agreg\u00f3 que \u00a0\u201cser\u00e1n aumentados de hecho ya no son 24 como  iniciamos sino que son 48 los que est\u00e1n funcionando y ser\u00e1n duplicados porque  as\u00ed lo ha pedido la poblaci\u00f3n, estamos evaluando para aumentar la cantidad en  los kil\u00f3metros, los Alcarrizos y otros puntos donde uno no da abasto, porque lo  que queremos es que la gente obtenga productos frescos a bajos precios y sin  tener que recorrer largas distancias,\u201d.<\/p>\n<p>&#13;<\/p>\n<p align=\"justify\" class=\"text1noticias\">Revelo que est\u00e1n reforzando  la calidad animal y agropecuaria de productos nacionales de exportaci\u00f3n a fin  de evitar que los embarques sean devueltos por baja calidad fitosanitarias.<\/p>\n<p>&#13;<\/p>\n<p align=\"justify\" class=\"text1noticias\">Reitero que lo ocurrido con  China fue el cumplimiento de una requisa que se hace con los productos que  entran a cualquier pa\u00eds, pero no porque los dominicanos no tengan la calidad  requerida.<\/p>\n<h6> 2007-07-19 11:12:08 <\/h6>\n<p><!--\n<link rel=\"stylesheet\" href=\"css\/bootstrap.min.css\">\n\n\n<ul class=\"pagination\">\n\t    \n\t\n\n<li >\n\t<a href='?page_no=28859'>Previous<\/a>\n\t<\/li>\n\n\n       \n    \n\n<li><a href='?page_no=1'>1<\/a><\/li>\n\n\n\n<li><a href='?page_no=2'>2<\/a><\/li>\n\n\n\n<li><a>...<\/a><\/li>\n\n\n\n<li><a href='?page_no=28858'>28858<\/a><\/li>\n\n\n\n<li><a href='?page_no=28859'>28859<\/a><\/li>\n\n\n\n<li class='active'><a>28860<\/a><\/li>\n\n\n\n<li><a href='?page_no=28861'>28861<\/a><\/li>\n\n\n\n<li><a href='?page_no=28862'>28862<\/a><\/li>\n\n\n\n<li><a>...<\/a><\/li>\n\n\n\n<li><a href='?page_no=30472'>30472<\/a><\/li>\n\n\n\n<li><a href='?page_no=30473'>30473<\/a><\/li>\n\n    \n\t\n\n<li >\n\t<a href='?page_no=28861'>Next<\/a>\n\t<\/li>\n\n\n    \n\n<li><a href='?page_no=30473'>Last &rsaquo;&rsaquo;<\/a><\/li>\n\n<\/ul>\n\n\n--><br \/>\n<\/body><\/p>\n","protected":false},"excerpt":{"rendered":"<p>Aumentar\u00e1n los mercados populares &#13; SANTO DOMINGO.- El Secretario de Agricultura dijo que se continuar\u00e1n ampliando los mercados populares, debido a los bajos precios y la variedad de productos frescos que ofertan al pueblo. &#13; Salvador Jim\u00e9nez agreg\u00f3 que \u00a0\u201cser\u00e1n aumentados de hecho ya no son 24 como iniciamos sino que son 48 los que [&hellip;]<\/p>\n","protected":false},"author":3,"featured_media":0,"comment_status":"open","ping_status":"open","sticky":false,"template":"","format":"standard","meta":{"footnotes":""},"categories":[18],"tags":[],"class_list":["post-122980","post","type-post","status-publish","format-standard","hentry","category-economia"],"_links":{"self":[{"href":"https:\/\/diariodominicano.com\/index.php?rest_route=\/wp\/v2\/posts\/122980","targetHints":{"allow":["GET"]}}],"collection":[{"href":"https:\/\/diariodominicano.com\/index.php?rest_route=\/wp\/v2\/posts"}],"about":[{"href":"https:\/\/diariodominicano.com\/index.php?rest_route=\/wp\/v2\/types\/post"}],"author":[{"embeddable":true,"href":"https:\/\/diariodominicano.com\/index.php?rest_route=\/wp\/v2\/users\/3"}],"replies":[{"embeddable":true,"href":"https:\/\/diariodominicano.com\/index.php?rest_route=%2Fwp%2Fv2%2Fcomments&post=122980"}],"version-history":[{"count":0,"href":"https:\/\/diariodominicano.com\/index.php?rest_route=\/wp\/v2\/posts\/122980\/revisions"}],"wp:attachment":[{"href":"https:\/\/diariodominicano.com\/index.php?rest_route=%2Fwp%2Fv2%2Fmedia&parent=122980"}],"wp:term":[{"taxonomy":"category","embeddable":true,"href":"https:\/\/diariodominicano.com\/index.php?rest_route=%2Fwp%2Fv2%2Fcategories&post=122980"},{"taxonomy":"post_tag","embeddable":true,"href":"https:\/\/diariodominicano.com\/index.php?rest_route=%2Fwp%2Fv2%2Ftags&post=122980"}],"curies":[{"name":"wp","href":"https:\/\/api.w.org\/{rel}","templated":true}]}}