{"id":122977,"date":"2007-07-19T16:45:58","date_gmt":"2007-07-19T16:45:58","guid":{"rendered":"http:\/\/diariodominicano.ddns.net\/?p=122977"},"modified":"2007-07-19T16:45:58","modified_gmt":"2007-07-19T16:45:58","slug":"montas-viaja-a-guatemala-para-participar-en-encuentro-del-grupo-biarritz","status":"publish","type":"post","link":"https:\/\/diariodominicano.com\/?p=122977","title":{"rendered":"Mont\u00e1s viaja a Guatemala para participar en encuentro del Grupo Biarritz"},"content":{"rendered":"<p><body><\/p>\n<p class=\"titulogrande1\">Mont\u00e1s  viaja a Guatemala para participar en  encuentro del Grupo Biarritz<\/p>\n<p>&#13;<\/p>\n<p align=\"justify\" class=\"text1noticias\"><strong><img loading=\"lazy\" decoding=\"async\" src=\"http:\/\/localhost:8080\/economia\/pictures\/temo23.jpg\" width=\"200\" height=\"222\" hspace=\"4\" align=\"left\" \/>Santo Domingo.-<\/strong> El Secretario  de Econom\u00eda, Planificaci\u00f3n y Desarrollo, Juan Temistocles Montas, viaj\u00f3 \u00a0con destino a Guatemala para participar en un  encuentro del Grupo de Biarritz, integrado por ex jefes de Estado y de Gobierno  de America Latina, el Caribe y Europa para debatir en torno al tema \u201ccohesi\u00f3n  Social y Gobernabilidad\u201d.<\/p>\n<p>&#13;<\/p>\n<p align=\"justify\" class=\"text1noticias\">El Foro, considerado el mas  importante espacio de di\u00e1logo entre Europa y America Latina, se efectuar\u00e1 entre  el 19 y 20 de este mes en Ciudad de Guatemala.<\/p>\n<p>&#13;<\/p>\n<p align=\"justify\" class=\"text1noticias\">El Grupo de Biarritz es  considerado como el m\u00e1s importante espacio de di\u00e1logo e intercambio entre  Europa y Am\u00e9rica Latina. Fue creado en el a\u00f1o 2000 en la peque\u00f1a ciudad de Biarritz,  en el suroeste de Francia, por iniciativa de Borotra y se celebra anualmente de  forma alternativa en esa ciudad y en una latinoamericana.<\/p>\n<p>&#13;<\/p>\n<p align=\"justify\" class=\"text1noticias\">Temas como la pobreza, la  migraci\u00f3n,\u00a0 pol\u00edticas sociales y  econ\u00f3micas, as\u00ed como de educaci\u00f3n, salud y generaci\u00f3n de empleos ser\u00e1n  abordados en el evento.<\/p>\n<p>&#13;<\/p>\n<p align=\"justify\" class=\"text1noticias\">Se ha elaborado un documento  base en el que se analiza con profundidad el tema de la \u201cCohesi\u00f3n Social\u201d en  Am\u00e9rica Latina y el Caribe, los avances que se han logrado e igualmente las  debilidades actuales de la democracia en la regi\u00f3n, dijo Montas.<\/p>\n<p>&#13;<\/p>\n<p align=\"justify\" class=\"text1noticias\">Agreg\u00f3 que \u201cse parte de que  un sistema de protecci\u00f3n social es, en \u00faltima instancia, un acuerdo pol\u00edtico al  que concurre la sociedad para establecer las bases sobre las que desea  construir y regular su convivencia\u201d.<\/p>\n<p>&#13;<\/p>\n<p align=\"justify\" class=\"text1noticias\">Adelant\u00f3 que en el encuentro  se debatir\u00e1 la adopci\u00f3n de pol\u00edticas de inclusi\u00f3n y medidas inclusivas para la  cohesi\u00f3n social, pol\u00edticas macroecon\u00f3micas para la cohesi\u00f3n social, as\u00ed como  pol\u00edticas de empleos.<\/p>\n<p>&#13;<\/p>\n<p align=\"justify\" class=\"text1noticias\">Entre los ex presidentes que  han confirmado su asistencia al evento se encuentran Ernesto Samper, de  Colombia y Vinicio Cerezo, de Guatemala. Tambi\u00e9n asistir\u00e1 el presidente  ejecutivo de la   Corporaci\u00f3n Andina de Fomento, Enrique Garc\u00eda y el Alcalde de  la ciudad francesa de Biarritz, Didier Borata, as\u00ed como el presidente del  gobierno vasco, Juan Jos\u00e9 Ibarretxe<\/p>\n<p>&#13;<\/p>\n<h6> 2007-07-19 16:45:58 <\/h6>\n<p><!--\n<link rel=\"stylesheet\" href=\"css\/bootstrap.min.css\">\n\n\n<ul class=\"pagination\">\n\t    \n\t\n\n<li >\n\t<a href='?page_no=28856'>Previous<\/a>\n\t<\/li>\n\n\n       \n    \n\n<li><a href='?page_no=1'>1<\/a><\/li>\n\n\n\n<li><a href='?page_no=2'>2<\/a><\/li>\n\n\n\n<li><a>...<\/a><\/li>\n\n\n\n<li><a href='?page_no=28855'>28855<\/a><\/li>\n\n\n\n<li><a href='?page_no=28856'>28856<\/a><\/li>\n\n\n\n<li class='active'><a>28857<\/a><\/li>\n\n\n\n<li><a href='?page_no=28858'>28858<\/a><\/li>\n\n\n\n<li><a href='?page_no=28859'>28859<\/a><\/li>\n\n\n\n<li><a>...<\/a><\/li>\n\n\n\n<li><a href='?page_no=30472'>30472<\/a><\/li>\n\n\n\n<li><a href='?page_no=30473'>30473<\/a><\/li>\n\n    \n\t\n\n<li >\n\t<a href='?page_no=28858'>Next<\/a>\n\t<\/li>\n\n\n    \n\n<li><a href='?page_no=30473'>Last &rsaquo;&rsaquo;<\/a><\/li>\n\n<\/ul>\n\n\n--><br \/>\n<\/body><\/p>\n","protected":false},"excerpt":{"rendered":"<p>Mont\u00e1s viaja a Guatemala para participar en encuentro del Grupo Biarritz &#13; Santo Domingo.- El Secretario de Econom\u00eda, Planificaci\u00f3n y Desarrollo, Juan Temistocles Montas, viaj\u00f3 \u00a0con destino a Guatemala para participar en un encuentro del Grupo de Biarritz, integrado por ex jefes de Estado y de Gobierno de America Latina, el Caribe y Europa para [&hellip;]<\/p>\n","protected":false},"author":3,"featured_media":0,"comment_status":"open","ping_status":"open","sticky":false,"template":"","format":"standard","meta":{"footnotes":""},"categories":[18],"tags":[],"class_list":["post-122977","post","type-post","status-publish","format-standard","hentry","category-economia"],"_links":{"self":[{"href":"https:\/\/diariodominicano.com\/index.php?rest_route=\/wp\/v2\/posts\/122977","targetHints":{"allow":["GET"]}}],"collection":[{"href":"https:\/\/diariodominicano.com\/index.php?rest_route=\/wp\/v2\/posts"}],"about":[{"href":"https:\/\/diariodominicano.com\/index.php?rest_route=\/wp\/v2\/types\/post"}],"author":[{"embeddable":true,"href":"https:\/\/diariodominicano.com\/index.php?rest_route=\/wp\/v2\/users\/3"}],"replies":[{"embeddable":true,"href":"https:\/\/diariodominicano.com\/index.php?rest_route=%2Fwp%2Fv2%2Fcomments&post=122977"}],"version-history":[{"count":0,"href":"https:\/\/diariodominicano.com\/index.php?rest_route=\/wp\/v2\/posts\/122977\/revisions"}],"wp:attachment":[{"href":"https:\/\/diariodominicano.com\/index.php?rest_route=%2Fwp%2Fv2%2Fmedia&parent=122977"}],"wp:term":[{"taxonomy":"category","embeddable":true,"href":"https:\/\/diariodominicano.com\/index.php?rest_route=%2Fwp%2Fv2%2Fcategories&post=122977"},{"taxonomy":"post_tag","embeddable":true,"href":"https:\/\/diariodominicano.com\/index.php?rest_route=%2Fwp%2Fv2%2Ftags&post=122977"}],"curies":[{"name":"wp","href":"https:\/\/api.w.org\/{rel}","templated":true}]}}