{"id":122976,"date":"2007-07-19T16:48:12","date_gmt":"2007-07-19T16:48:12","guid":{"rendered":"http:\/\/diariodominicano.ddns.net\/?p=122976"},"modified":"2007-07-19T16:48:12","modified_gmt":"2007-07-19T16:48:12","slug":"metaleros-se-oponen-a-proyecto-de-ley-que-prohibiria-exportaciones-de-materiales-desechables-del-cobre","status":"publish","type":"post","link":"https:\/\/diariodominicano.com\/?p=122976","title":{"rendered":"Metaleros se oponen a proyecto de ley que prohibir\u00eda exportaciones de materiales desechables del cobre"},"content":{"rendered":"<p><body><\/p>\n<p align=\"justify\" class=\"titulogrande1\">Metaleros  se oponen a proyecto de ley que prohibir\u00eda \u00a0exportaciones de materiales desechables del  cobre<\/p>\n<p>&#13;<\/p>\n<p align=\"justify\" class=\"text1noticias\"><strong>SANTO DOMINGO.- <\/strong>Las  Asociaciones de Metaleros del Distrito Nacional y la Provincia Santo  Domingo, (ASOMEDPROSA) Y del Cibao (ASOMESA), se opusieron a la aprobaci\u00f3n del  proyecto de ley que busca prohibir las exportaciones de materiales de  desechables del cobre, que cursa en la C\u00e1mara de Diputados.<\/p>\n<p>&#13;<\/p>\n<p align=\"justify\" class=\"text1noticias\">Fabian Reyes, presidente de  ASOMEDPROSA, dijo que una ley de esa naturaleza perjudicar\u00eda en gran escala la  exportaci\u00f3n de desechos de cobre, que son el resultado de cambios de redes por  parte de las empresas el\u00e9ctricas, cableados de edificios en remodelaci\u00f3n,  laminas de calentamientos, radiadores, aires acondicionados y embobinados en  general. <\/p>\n<p>&#13;<\/p>\n<p align=\"justify\" class=\"text1noticias\">Manifest\u00f3 que la organizaci\u00f3n  que representa s\u00f3lo es responsable del 30% de las exportaciones de cobre, las  que est\u00e1n regidas por las leyes aduanales vigentes en la Rep\u00fablica Dominicana. <\/p>\n<p>&#13;<\/p>\n<p align=\"justify\" class=\"text1noticias\">Agreg\u00f3 que \u201cese porcentaje de  cobre exportado esta sujeto a contratos de licitaci\u00f3n ganada por concurso para  la exportaci\u00f3n y limpieza, como desechos de cobre de las empresas el\u00e9ctricas  EDENORTE y EDESUR\u201d.<\/p>\n<p>&#13;<\/p>\n<p align=\"justify\" class=\"text1noticias\">Indic\u00f3 que el cobre que  exportan se hace bajo contrato con las empresas extranjeras y que cumplen con  las regulaciones legales, lo que debe ser tomado en cuenta por los legisladores  al momento de estudiar el referido proyecto de ley. <\/p>\n<p>&#13;<\/p>\n<p align=\"justify\" class=\"text1noticias\">A\u00f1adi\u00f3 que \u201chemos denunciado  en diferentes ocasiones que la ra\u00edz del mal esta en el mercado informal, de  compa\u00f1\u00edas y personas f\u00edsicas, que vulneran los controles y las leyes emanadas  de las autoridades competentes\u201d.<\/p>\n<p>&#13;<\/p>\n<p align=\"justify\" class=\"text1noticias\">Se\u00f1al\u00f3 que esos empresarios a  los que califico como seudos inversionistas que ingresan al pa\u00eds sin que sus  embarques sean\u00a0 supervisados debidamente,  que se dedican a la exportaci\u00f3n de cobre y otros materiales de procedencia  sumamente dudosa, en perjuicio de las empresas locales amparadas por la ley.<\/p>\n<p>&#13;<\/p>\n<p align=\"justify\" class=\"text1noticias\">Explic\u00f3 que de acuerdo, a las  estad\u00edsticas que dispone el Centro de Exportaciones e Inversiones de la Republica Dominicana  (CEI-RD), en el pasado a\u00f1o las exportaciones de cobre alcanzaron los US$ 786,  994.93, significando solo un 5% de los ingresos totales de los desechos  s\u00f3lidos.<\/p>\n<p>&#13;<\/p>\n<p align=\"justify\" class=\"text1noticias\">Conden\u00f3 el robo de cables y  bienes met\u00e1licos pertenecientes al Estado dominicano y a empresas privadas en  particular, al convertirse en un problema de seguridad nacional. <\/p>\n<p>&#13;<\/p>\n<p align=\"justify\" class=\"text1noticias\">Refiri\u00f3 que en un esfuerzo de  cooperar con las autoridades en la lucha contra el robo de esos materiales, la  entidad prohibi\u00f3 la compra de todo tipo de alambres el\u00e9ctricos, de  telecomunicaciones en cobre, tarjas y tapas de desechazos cluacales entre  otros. <\/p>\n<p>&#13;<\/p>\n<p align=\"justify\" class=\"text1noticias\">Asegur\u00f3 que \u201centendemos que  ciertamente el pa\u00eds esta siendo afectado por la fiebre de compra y venta de  chatarras, sin el m\u00e1s m\u00ednimo respeto a las leyes que regulan ese mercado, del  que dependen m\u00e1s de 30 mil familias en forma directa e indirecta\u201d.<\/p>\n<p>&#13;<\/p>\n<p align=\"justify\" class=\"text1noticias\">A\u00f1adi\u00f3 que el negocio que  envuelve a las chatarras por parte de sectores informales, est\u00e1 haciendo mucho  da\u00f1o a la naci\u00f3n, lejos de contribuir a la limpieza del medio ambiente y al  desarrollo nacional, al igual que al pago de impuestos y la creaci\u00f3n de miles  de empleos. <\/p>\n<p>&#13;<\/p>\n<p align=\"justify\" class=\"text1noticias\">Signific\u00f3 que han apelado a  la buena voluntad de los legisladores para que tomen encuenta a ese pujante  sector empresarial, ante la labor que realizan que lo dignifican como\u00a0 humildes padres de familias.<\/p>\n<p>&#13;<\/p>\n<p align=\"justify\" class=\"text1noticias\">Las Asociaciones de Metaleros  del Distrito Nacional y la   Provincia Santo Domingo, respaldaron en todas sus partes el  decreto 334-07 emitido recientemente por presidente Leonel Fern\u00e1ndez Reyna, con  el que se regula la exportaci\u00f3n de chatarras y desperdicios met\u00e1licos en el  territorio nacional. <\/p>\n<p>&#13;<\/p>\n<h6> 2007-07-19 16:48:12 <\/h6>\n<p><!--\n<link rel=\"stylesheet\" href=\"css\/bootstrap.min.css\">\n\n\n<ul class=\"pagination\">\n\t    \n\t\n\n<li >\n\t<a href='?page_no=28855'>Previous<\/a>\n\t<\/li>\n\n\n       \n    \n\n<li><a href='?page_no=1'>1<\/a><\/li>\n\n\n\n<li><a href='?page_no=2'>2<\/a><\/li>\n\n\n\n<li><a>...<\/a><\/li>\n\n\n\n<li><a href='?page_no=28854'>28854<\/a><\/li>\n\n\n\n<li><a href='?page_no=28855'>28855<\/a><\/li>\n\n\n\n<li class='active'><a>28856<\/a><\/li>\n\n\n\n<li><a href='?page_no=28857'>28857<\/a><\/li>\n\n\n\n<li><a href='?page_no=28858'>28858<\/a><\/li>\n\n\n\n<li><a>...<\/a><\/li>\n\n\n\n<li><a href='?page_no=30472'>30472<\/a><\/li>\n\n\n\n<li><a href='?page_no=30473'>30473<\/a><\/li>\n\n    \n\t\n\n<li >\n\t<a href='?page_no=28857'>Next<\/a>\n\t<\/li>\n\n\n    \n\n<li><a href='?page_no=30473'>Last &rsaquo;&rsaquo;<\/a><\/li>\n\n<\/ul>\n\n\n--><br \/>\n<\/body><\/p>\n","protected":false},"excerpt":{"rendered":"<p>Metaleros se oponen a proyecto de ley que prohibir\u00eda \u00a0exportaciones de materiales desechables del cobre &#13; SANTO DOMINGO.- Las Asociaciones de Metaleros del Distrito Nacional y la Provincia Santo Domingo, (ASOMEDPROSA) Y del Cibao (ASOMESA), se opusieron a la aprobaci\u00f3n del proyecto de ley que busca prohibir las exportaciones de materiales de desechables del cobre, [&hellip;]<\/p>\n","protected":false},"author":3,"featured_media":0,"comment_status":"open","ping_status":"open","sticky":false,"template":"","format":"standard","meta":{"footnotes":""},"categories":[18],"tags":[],"class_list":["post-122976","post","type-post","status-publish","format-standard","hentry","category-economia"],"_links":{"self":[{"href":"https:\/\/diariodominicano.com\/index.php?rest_route=\/wp\/v2\/posts\/122976","targetHints":{"allow":["GET"]}}],"collection":[{"href":"https:\/\/diariodominicano.com\/index.php?rest_route=\/wp\/v2\/posts"}],"about":[{"href":"https:\/\/diariodominicano.com\/index.php?rest_route=\/wp\/v2\/types\/post"}],"author":[{"embeddable":true,"href":"https:\/\/diariodominicano.com\/index.php?rest_route=\/wp\/v2\/users\/3"}],"replies":[{"embeddable":true,"href":"https:\/\/diariodominicano.com\/index.php?rest_route=%2Fwp%2Fv2%2Fcomments&post=122976"}],"version-history":[{"count":0,"href":"https:\/\/diariodominicano.com\/index.php?rest_route=\/wp\/v2\/posts\/122976\/revisions"}],"wp:attachment":[{"href":"https:\/\/diariodominicano.com\/index.php?rest_route=%2Fwp%2Fv2%2Fmedia&parent=122976"}],"wp:term":[{"taxonomy":"category","embeddable":true,"href":"https:\/\/diariodominicano.com\/index.php?rest_route=%2Fwp%2Fv2%2Fcategories&post=122976"},{"taxonomy":"post_tag","embeddable":true,"href":"https:\/\/diariodominicano.com\/index.php?rest_route=%2Fwp%2Fv2%2Ftags&post=122976"}],"curies":[{"name":"wp","href":"https:\/\/api.w.org\/{rel}","templated":true}]}}