{"id":122975,"date":"2007-07-19T16:53:23","date_gmt":"2007-07-19T16:53:23","guid":{"rendered":"http:\/\/diariodominicano.ddns.net\/?p=122975"},"modified":"2007-07-19T16:53:23","modified_gmt":"2007-07-19T16:53:23","slug":"mendez-informa-el-gobierno-erogo-desde-el-2004-us1500-millones-para-subsidiar-energia-a-los-pobres","status":"publish","type":"post","link":"https:\/\/diariodominicano.com\/?p=122975","title":{"rendered":"M\u00e9ndez informa el gobierno erog\u00f3 desde el 2004, US$1,500 millones para subsidiar energ\u00eda a los pobres"},"content":{"rendered":"<p><body><\/p>\n<p align=\"justify\" class=\"titulogrande1\">M\u00e9ndez  informa el gobierno erog\u00f3 desde el 2004, US$1,500 millones para subsidiar energ\u00eda  a los pobres<\/p>\n<p>&#13;<\/p>\n<p align=\"justify\" class=\"text1noticias\"><strong>SANTO DOMINGO.-<\/strong> El  superintendente de Electricidad revel\u00f3 que desde agosto del 2004 a la fecha el Gobierno  ha erogado US$1,500 millones por concepto del subsidio que mantiene a los  sectores m\u00e1s pobres de la sociedad. <\/p>\n<p>&#13;<\/p>\n<p align=\"justify\" class=\"text1noticias\">Francisco M\u00e9ndez precis\u00f3 que  en el mes de junio pag\u00f3 por ese mismo concepto RD$158 millones, mientras que  para el cursante mes de julio los recursos que tendr\u00e1 que erogar por el  subsidio el\u00e9ctrico sobrepasaran los 200 millones debido al incremento del  precio del petr\u00f3leo en el mercado internacional que\u00a0 se cotiza por encima de los 73 d\u00f3lares el  barril. <\/p>\n<p>&#13;<\/p>\n<p align=\"justify\" class=\"text1noticias\">Resalt\u00f3 que en los momentos  actuales el gobierno trabaja incansablemente para suplir la demanda de  electricidad que debido a diversos factores, entre ellos las altas temperaturas  que se producen en el verano\u00a0\u00a0 provocan  la salida de servicio de varios circuitos. <\/p>\n<p>&#13;<\/p>\n<p align=\"justify\" class=\"text1noticias\">Precis\u00f3 que el gobierno cada  d\u00eda m\u00e1s se empe\u00f1a en diligenciar inversiones millonarias para producir energ\u00eda  a precios m\u00e1s bajos, como es el caso de la planta a carb\u00f3n que se instalar\u00e1 en  Manzanillo, provincia Montecristi, la que contribuir\u00e1 a incrementar la  producci\u00f3n suficiente para encarar el d\u00e9ficit en el suministro de electricidad  a la poblaci\u00f3n. <\/p>\n<p>&#13;<\/p>\n<p align=\"justify\" class=\"text1noticias\">Dijo defender \u00a0las negociaciones que en este sentido lleva a  cabo la   Corporaci\u00f3n Dominicana de Empresas El\u00e9ctricas Estatales  (CDEEE) en la persona de su vicepresidente ejecutivo, \u00a0Radham\u00e9s Segura. <\/p>\n<p>&#13;<\/p>\n<p align=\"justify\" class=\"text1noticias\">Se mostr\u00f3 de acuerdo que las  modificaciones que se hagan a la   Ley General de Electricidad sean las que hasta ahora se hayan  consensuado en el Congreso. <\/p>\n<p>&#13;<\/p>\n<p align=\"justify\" class=\"text1noticias\">Dijo que \u00abestamos de  acuerdo que la Ley General  de Electricidad que se encuentra en el Congreso se apruebe tal como est\u00e1\u00bb.<\/p>\n<p>&#13;<\/p>\n<p align=\"justify\" class=\"text1noticias\">A\u00f1adi\u00f3 \u00a0que en la actualidad hay 226 barrios que est\u00e1n  recibiendo 24 horas de energ\u00eda diariamente, y anunci\u00f3 que dentro de poco tiempo  disfrutar\u00e1n de ese servicio las \u00e1reas metropolitanas de los municipios de San  Crist\u00f3bal y Ban\u00ed en el Sur del pa\u00eds, mientras que en el Este se beneficiar\u00e1 de  esta modalidad en el servicio energ\u00e9tico las 24 horas del d\u00eda el municipio de  San Pedro de Macor\u00eds. <\/p>\n<p>&#13;<\/p>\n<p align=\"justify\" class=\"text1noticias\">Asimismo, tendr\u00e1 24 horas  diarias de electricidad el sector de Invivienda, municipio Santo Domingo Este.<\/p>\n<p>&#13;<\/p>\n<p align=\"justify\" class=\"text1noticias\">Afirm\u00f3 \u00a0que estos logros se deben entre otros factores  a la eficiencia con que se trabaja para la recuperaci\u00f3n del sector el\u00e9ctrico y  en gran medida al incremento en las cobranzas del servicio que ofrecen las  empresas distribuidoras que anteriormente estaban por el suelo, pero que en el  mes pasado de junio alcanzaron los 83 millones de d\u00f3lares<\/p>\n<p>&#13;<\/p>\n<h6> 2007-07-19 16:53:23 <\/h6>\n<p><!--\n<link rel=\"stylesheet\" href=\"css\/bootstrap.min.css\">\n\n\n<ul class=\"pagination\">\n\t    \n\t\n\n<li >\n\t<a href='?page_no=28854'>Previous<\/a>\n\t<\/li>\n\n\n       \n    \n\n<li><a href='?page_no=1'>1<\/a><\/li>\n\n\n\n<li><a href='?page_no=2'>2<\/a><\/li>\n\n\n\n<li><a>...<\/a><\/li>\n\n\n\n<li><a href='?page_no=28853'>28853<\/a><\/li>\n\n\n\n<li><a href='?page_no=28854'>28854<\/a><\/li>\n\n\n\n<li class='active'><a>28855<\/a><\/li>\n\n\n\n<li><a href='?page_no=28856'>28856<\/a><\/li>\n\n\n\n<li><a href='?page_no=28857'>28857<\/a><\/li>\n\n\n\n<li><a>...<\/a><\/li>\n\n\n\n<li><a href='?page_no=30472'>30472<\/a><\/li>\n\n\n\n<li><a href='?page_no=30473'>30473<\/a><\/li>\n\n    \n\t\n\n<li >\n\t<a href='?page_no=28856'>Next<\/a>\n\t<\/li>\n\n\n    \n\n<li><a href='?page_no=30473'>Last &rsaquo;&rsaquo;<\/a><\/li>\n\n<\/ul>\n\n\n--><br \/>\n<\/body><\/p>\n","protected":false},"excerpt":{"rendered":"<p>M\u00e9ndez informa el gobierno erog\u00f3 desde el 2004, US$1,500 millones para subsidiar energ\u00eda a los pobres &#13; SANTO DOMINGO.- El superintendente de Electricidad revel\u00f3 que desde agosto del 2004 a la fecha el Gobierno ha erogado US$1,500 millones por concepto del subsidio que mantiene a los sectores m\u00e1s pobres de la sociedad. &#13; Francisco M\u00e9ndez [&hellip;]<\/p>\n","protected":false},"author":3,"featured_media":0,"comment_status":"open","ping_status":"open","sticky":false,"template":"","format":"standard","meta":{"footnotes":""},"categories":[18],"tags":[],"class_list":["post-122975","post","type-post","status-publish","format-standard","hentry","category-economia"],"_links":{"self":[{"href":"https:\/\/diariodominicano.com\/index.php?rest_route=\/wp\/v2\/posts\/122975","targetHints":{"allow":["GET"]}}],"collection":[{"href":"https:\/\/diariodominicano.com\/index.php?rest_route=\/wp\/v2\/posts"}],"about":[{"href":"https:\/\/diariodominicano.com\/index.php?rest_route=\/wp\/v2\/types\/post"}],"author":[{"embeddable":true,"href":"https:\/\/diariodominicano.com\/index.php?rest_route=\/wp\/v2\/users\/3"}],"replies":[{"embeddable":true,"href":"https:\/\/diariodominicano.com\/index.php?rest_route=%2Fwp%2Fv2%2Fcomments&post=122975"}],"version-history":[{"count":0,"href":"https:\/\/diariodominicano.com\/index.php?rest_route=\/wp\/v2\/posts\/122975\/revisions"}],"wp:attachment":[{"href":"https:\/\/diariodominicano.com\/index.php?rest_route=%2Fwp%2Fv2%2Fmedia&parent=122975"}],"wp:term":[{"taxonomy":"category","embeddable":true,"href":"https:\/\/diariodominicano.com\/index.php?rest_route=%2Fwp%2Fv2%2Fcategories&post=122975"},{"taxonomy":"post_tag","embeddable":true,"href":"https:\/\/diariodominicano.com\/index.php?rest_route=%2Fwp%2Fv2%2Ftags&post=122975"}],"curies":[{"name":"wp","href":"https:\/\/api.w.org\/{rel}","templated":true}]}}