{"id":122974,"date":"2007-07-19T17:15:02","date_gmt":"2007-07-19T17:15:02","guid":{"rendered":"http:\/\/diariodominicano.ddns.net\/?p=122974"},"modified":"2007-07-19T17:15:02","modified_gmt":"2007-07-19T17:15:02","slug":"capellan-dice-que-en-los-ultimos-dos-anos-se-perdieron-60-mil-empleos-de-zonas-francas","status":"publish","type":"post","link":"https:\/\/diariodominicano.com\/?p=122974","title":{"rendered":"Capell\u00e1n dice que en los \u00faltimos dos a\u00f1os se perdieron 60 mil empleos de zonas francas"},"content":{"rendered":"<p><body><\/p>\n<p align=\"justify\" class=\"titulogrande1\">Capell\u00e1n  dice que en los \u00faltimos dos a\u00f1os se perdieron 60 mil empleos de zonas francas<\/p>\n<p>&#13;<\/p>\n<p align=\"justify\" class=\"text1noticias\"><strong>Santo Domingo.- <\/strong>El presidente  de la Asociaci\u00f3n   Nacional de Zonas Francas (Adozona) revel\u00f3 que en los \u00faltimos  dos a\u00f1os y medio se han perdido unos 60 mil empleos de zonas francas y se  estima que se perder\u00e1n entre 15 y 20 mil m\u00e1s en los pr\u00f3ximos meses, a causa de  la crisis que afecta el sector, atribuida a su incapacidad para competir con  zonas francas del exterior.<\/p>\n<p>&#13;<\/p>\n<p align=\"justify\" class=\"text1noticias\">Fernando Capell\u00e1n indic\u00f3 que  \u00abel factor de falta de competitividad persiste. No s\u00f3lo es el sector  textil que est\u00e1 sufriendo. Hay ya sectores como electr\u00f3nica, calzado y  farmac\u00e9utica. Hay un decrecimiento. Tambi\u00e9n el sector tabaco est\u00e1 dando se\u00f1ales  de golpeo por la falta de competitividad del pa\u00eds, de que tenemos tanto tiempo  hablando y seguimos en lo mismo\u201d.<\/p>\n<p>&#13;<\/p>\n<p align=\"justify\" class=\"text1noticias\">Explic\u00f3 que la perspectiva es  que queden unos 100 mil empleos a comienzos de a\u00f1o, lo que representar\u00eda una  p\u00e9rdida de cerca de la mitad de los empleos del sector, y que la crisis est\u00e1  proyect\u00e1ndose hacia todo el sector exportador tambi\u00e9n.<\/p>\n<p>&#13;<\/p>\n<p align=\"justify\" class=\"text1noticias\">Cit\u00f3\u00a0 que aunque\u00a0  factores como el pasivo laboral, el actual C\u00f3digo de Trabajo, que hace  que las empresas est\u00e9n en conflicto laboral en tribunales, el monopolio del  transporte y la irrupci\u00f3n de China influ\u00edan en la crisis, el factor fundamental  que determina la falta de competitividad es la tasa de cambio actual, que,  seg\u00fan, \u00e9l, no corresponde al costo del pa\u00eds.<\/p>\n<p>&#13;<\/p>\n<p align=\"justify\" class=\"text1noticias\">Dijo que \u00abel peso debe  estar ajustado al costo-pa\u00eds. Ese es el principal problema del sector  exportador, no solo zonas francas, que est\u00e1 subsidiando las importaciones, que  aumentaron 35% el a\u00f1o pasado, una distorsi\u00f3n que no puede seguir\u00bb.<\/p>\n<p>&#13;<\/p>\n<p align=\"justify\" class=\"text1noticias\">Con relaci\u00f3n al plan de ayuda  econ\u00f3mica y relanzamiento del sector, anunciado por el Gobierno unos 4 meses  atr\u00e1s, dijo que los\u00a0 recursos han estando  fluyendo a las empresas desde los bancos comerciales, lo que ha sido un alivio,  pero\u00a0 moment\u00e1neo.<\/p>\n<p>&#13;<\/p>\n<p align=\"justify\" class=\"text1noticias\">Agreg\u00f3 que \u00bb la ra\u00edz del  problema es el costo-pa\u00eds, el costo de la vida en el pa\u00eds respecto a la  moneda\u00bb.<\/p>\n<p>&#13;<\/p>\n<p align=\"justify\" class=\"text1noticias\">Opin\u00f3 que el modelo de zona  franca no est\u00e1 agotado y es la mejor v\u00eda para atraer inversi\u00f3n extranjera al  pa\u00eds, por lo que\u00a0 tiene futuro a pesar de  todo.<\/p>\n<p>&#13;<\/p>\n<h6> 2007-07-19 17:15:02 <\/h6>\n<p><!--\n<link rel=\"stylesheet\" href=\"css\/bootstrap.min.css\">\n\n\n<ul class=\"pagination\">\n\t    \n\t\n\n<li >\n\t<a href='?page_no=28853'>Previous<\/a>\n\t<\/li>\n\n\n       \n    \n\n<li><a href='?page_no=1'>1<\/a><\/li>\n\n\n\n<li><a href='?page_no=2'>2<\/a><\/li>\n\n\n\n<li><a>...<\/a><\/li>\n\n\n\n<li><a href='?page_no=28852'>28852<\/a><\/li>\n\n\n\n<li><a href='?page_no=28853'>28853<\/a><\/li>\n\n\n\n<li class='active'><a>28854<\/a><\/li>\n\n\n\n<li><a href='?page_no=28855'>28855<\/a><\/li>\n\n\n\n<li><a href='?page_no=28856'>28856<\/a><\/li>\n\n\n\n<li><a>...<\/a><\/li>\n\n\n\n<li><a href='?page_no=30472'>30472<\/a><\/li>\n\n\n\n<li><a href='?page_no=30473'>30473<\/a><\/li>\n\n    \n\t\n\n<li >\n\t<a href='?page_no=28855'>Next<\/a>\n\t<\/li>\n\n\n    \n\n<li><a href='?page_no=30473'>Last &rsaquo;&rsaquo;<\/a><\/li>\n\n<\/ul>\n\n\n--><br \/>\n<\/body><\/p>\n","protected":false},"excerpt":{"rendered":"<p>Capell\u00e1n dice que en los \u00faltimos dos a\u00f1os se perdieron 60 mil empleos de zonas francas &#13; Santo Domingo.- El presidente de la Asociaci\u00f3n Nacional de Zonas Francas (Adozona) revel\u00f3 que en los \u00faltimos dos a\u00f1os y medio se han perdido unos 60 mil empleos de zonas francas y se estima que se perder\u00e1n entre [&hellip;]<\/p>\n","protected":false},"author":3,"featured_media":0,"comment_status":"open","ping_status":"open","sticky":false,"template":"","format":"standard","meta":{"footnotes":""},"categories":[18],"tags":[],"class_list":["post-122974","post","type-post","status-publish","format-standard","hentry","category-economia"],"_links":{"self":[{"href":"https:\/\/diariodominicano.com\/index.php?rest_route=\/wp\/v2\/posts\/122974","targetHints":{"allow":["GET"]}}],"collection":[{"href":"https:\/\/diariodominicano.com\/index.php?rest_route=\/wp\/v2\/posts"}],"about":[{"href":"https:\/\/diariodominicano.com\/index.php?rest_route=\/wp\/v2\/types\/post"}],"author":[{"embeddable":true,"href":"https:\/\/diariodominicano.com\/index.php?rest_route=\/wp\/v2\/users\/3"}],"replies":[{"embeddable":true,"href":"https:\/\/diariodominicano.com\/index.php?rest_route=%2Fwp%2Fv2%2Fcomments&post=122974"}],"version-history":[{"count":0,"href":"https:\/\/diariodominicano.com\/index.php?rest_route=\/wp\/v2\/posts\/122974\/revisions"}],"wp:attachment":[{"href":"https:\/\/diariodominicano.com\/index.php?rest_route=%2Fwp%2Fv2%2Fmedia&parent=122974"}],"wp:term":[{"taxonomy":"category","embeddable":true,"href":"https:\/\/diariodominicano.com\/index.php?rest_route=%2Fwp%2Fv2%2Fcategories&post=122974"},{"taxonomy":"post_tag","embeddable":true,"href":"https:\/\/diariodominicano.com\/index.php?rest_route=%2Fwp%2Fv2%2Ftags&post=122974"}],"curies":[{"name":"wp","href":"https:\/\/api.w.org\/{rel}","templated":true}]}}