{"id":122973,"date":"2007-07-20T11:10:21","date_gmt":"2007-07-20T11:10:21","guid":{"rendered":"http:\/\/diariodominicano.ddns.net\/?p=122973"},"modified":"2007-07-20T11:10:21","modified_gmt":"2007-07-20T11:10:21","slug":"bid-apoyara-programa-cabildos","status":"publish","type":"post","link":"https:\/\/diariodominicano.com\/?p=122973","title":{"rendered":"BID apoyar\u00e1 programa cabildos"},"content":{"rendered":"<p><body><\/p>\n<p align=\"justify\" class=\"titulogrande1\">BID  apoyar\u00e1 programa cabildos<\/p>\n<p>&#13;<\/p>\n<p align=\"justify\" class=\"text1noticias\"><img loading=\"lazy\" decoding=\"async\" src=\"http:\/\/localhost:8080\/economia\/pictures\/astid winter 1.jpg\" width=\"269\" height=\"205\" hspace=\"4\" align=\"left\" \/>Santiago.- El Banco  Interamericano de Desarroll\u00f3 est\u00e1 en disposici\u00f3n de contribuir, econ\u00f3micamente,  con la implementaci\u00f3n del programa de fortalecimiento de la gesti\u00f3n financiera  integrada en municipios de la regi\u00f3n nor-central.<\/p>\n<p>&#13;<\/p>\n<p align=\"justify\" class=\"text1noticias\">El anuncio en tal sentido lo  hizo la se\u00f1ora Astrid Winter, de la oficina del BID en Rep\u00fablica Dominicana, al  final de una ceremonia realizada en el Ayuntamiento de aqu\u00ed, donde se  ofrecieron los datos del trabajo de evaluaci\u00f3n que realiz\u00f3 la firma extranjera  OTS Corp. en los cabildos de Santiago, Tamboril y J\u00e1nico.<\/p>\n<p>&#13;<\/p>\n<p align=\"justify\" class=\"text1noticias\">La actividad fue encabezada  por el s\u00edndico Jos\u00e9 Enrique Sued y otros altos funcionarios del Ayuntamiento.  Asistieron dirigentes empresariales, regidores de los bloques reformista y  perrede\u00edsta, el s\u00edndico de Tamboril Francisco Alvarez y Ernesto Corporan, en  representacion del gobernador, ademas de otros representativos locales.<\/p>\n<p>&#13;<\/p>\n<p align=\"justify\" class=\"text1noticias\">Winter defini\u00f3 el proyecto  como un espejo \u201cque impulsa el cambio que el Banco Interamericano de Desarrollo  tiene que hacer y que est\u00e1 implementando, tanto por decisi\u00f3n del presidente de  nuestra instituci\u00f3n, Lu\u00eds Alberto Moreno, como de la oficina local\u201d.<\/p>\n<p>&#13;<\/p>\n<p align=\"justify\" class=\"text1noticias\">Explic\u00f3 la se\u00f1ora Winter que  el mencionado organismo crediticio mundial est\u00e1 en capacidad de financiar dicho  proyecto, aunque el mismo no cuente con el aval del Estado, \u201cporque el BID  decidi\u00f3 este a\u00f1o ampliar su capacidad de trabajar sin la necesidad de garant\u00edas  soberanas\u201d.<\/p>\n<p>&#13;<\/p>\n<p align=\"justify\" class=\"text1noticias\">Dijo que\u00a0 existe un pr\u00e9stamo, aprobado por el Banco  Interamericano de Desarrollo, para ser utilizado en la segunda etapa del  proyecto en cuesti\u00f3n, cuya primera fase consisti\u00f3 en la elaboraci\u00f3n del mismo y  que fue dado a conocer en el ceremonial de ayer.<\/p>\n<p>&#13;<\/p>\n<p align=\"justify\" class=\"text1noticias\">Apunt\u00f3 que \u201cdentro de ese  proyecto hay un rengl\u00f3n para los municipios, que ser\u00e1 ejecutado por la  secretar\u00eda de Hacienda de este pa\u00eds y que est\u00e1 aprobado, por lo que faltar\u00eda  ver cu\u00e1l es la dimensi\u00f3n de lo que se piensa poner en pr\u00e1ctica aqu\u00ed, por lo que  es necesario hacer la solicitud\u201d.<\/p>\n<p>&#13;<\/p>\n<p align=\"justify\" class=\"text1noticias\">Felicit\u00f3 al equipo que  prepar\u00f3 el proyecto, encabezado por el colombiano Gustavo Saldarriaga, quien  dio las explicaciones del mismo a los asistentes a dicha actividad.<\/p>\n<p>&#13;<\/p>\n<p align=\"justify\" class=\"text1noticias\">Las palabras de bienvenida  fueron pronunciadas por el s\u00edndico Jos\u00e9 Enrique Sued, quien se mostr\u00f3 confiado  en lo que se ha proyectado, a corto y mediano plazos proveer\u00e1 eficiencia,  eficacia y transparencia en la gesti\u00f3n de los recursos de los ayuntamientos  involucrados.<\/p>\n<p>&#13;<\/p>\n<p align=\"justify\" class=\"text1noticias\">Sued record\u00f3 que el  Ayuntamiento que dirige\u00a0 lleva adelante  un programa de reforma y fortalecimiento y que esta es una propuesta del  programa de gobierno municipal que formula la ciudadan\u00eda santiaguera y al pa\u00eds.<br \/>&#13;<br \/>\n  \u00a0<br \/>&#13;<br \/>\n  Afirm\u00f3 que \u201cen este orden se  han estado desarrollando diferentes planes, programas y proyectos dirigidos a  cumplir con nuestros\u00a0 ofrecimientos a los  pobladores\u201d, sostuvo el ejecutivo tras indicar que algunos de estos programas  \u201cya presentan notables avances y resultados\u201d.<br \/>&#13;<br \/>\n  \u00a0<br \/>&#13;<br \/>\n  En especial cit\u00f3 el de  Gesti\u00f3n Tributaria y la facturaci\u00f3n comercial del servicio de aseo que ha sido  exitoso en lo que respecta al fortalecimiento institucional por la atenci\u00f3n al  contribuyente, la respuesta a reclamaciones y el mejoramiento del servicio.<\/p>\n<p>&#13;<\/p>\n<h6> 2007-07-20 11:10:21 <\/h6>\n<p><!--\n<link rel=\"stylesheet\" href=\"css\/bootstrap.min.css\">\n\n\n<ul class=\"pagination\">\n\t    \n\t\n\n<li >\n\t<a href='?page_no=28852'>Previous<\/a>\n\t<\/li>\n\n\n       \n    \n\n<li><a href='?page_no=1'>1<\/a><\/li>\n\n\n\n<li><a href='?page_no=2'>2<\/a><\/li>\n\n\n\n<li><a>...<\/a><\/li>\n\n\n\n<li><a href='?page_no=28851'>28851<\/a><\/li>\n\n\n\n<li><a href='?page_no=28852'>28852<\/a><\/li>\n\n\n\n<li class='active'><a>28853<\/a><\/li>\n\n\n\n<li><a href='?page_no=28854'>28854<\/a><\/li>\n\n\n\n<li><a href='?page_no=28855'>28855<\/a><\/li>\n\n\n\n<li><a>...<\/a><\/li>\n\n\n\n<li><a href='?page_no=30472'>30472<\/a><\/li>\n\n\n\n<li><a href='?page_no=30473'>30473<\/a><\/li>\n\n    \n\t\n\n<li >\n\t<a href='?page_no=28854'>Next<\/a>\n\t<\/li>\n\n\n    \n\n<li><a href='?page_no=30473'>Last &rsaquo;&rsaquo;<\/a><\/li>\n\n<\/ul>\n\n\n--><br \/>\n<\/body><\/p>\n","protected":false},"excerpt":{"rendered":"<p>BID apoyar\u00e1 programa cabildos &#13; Santiago.- El Banco Interamericano de Desarroll\u00f3 est\u00e1 en disposici\u00f3n de contribuir, econ\u00f3micamente, con la implementaci\u00f3n del programa de fortalecimiento de la gesti\u00f3n financiera integrada en municipios de la regi\u00f3n nor-central. &#13; El anuncio en tal sentido lo hizo la se\u00f1ora Astrid Winter, de la oficina del BID en Rep\u00fablica Dominicana, [&hellip;]<\/p>\n","protected":false},"author":3,"featured_media":0,"comment_status":"open","ping_status":"open","sticky":false,"template":"","format":"standard","meta":{"footnotes":""},"categories":[18],"tags":[],"class_list":["post-122973","post","type-post","status-publish","format-standard","hentry","category-economia"],"_links":{"self":[{"href":"https:\/\/diariodominicano.com\/index.php?rest_route=\/wp\/v2\/posts\/122973","targetHints":{"allow":["GET"]}}],"collection":[{"href":"https:\/\/diariodominicano.com\/index.php?rest_route=\/wp\/v2\/posts"}],"about":[{"href":"https:\/\/diariodominicano.com\/index.php?rest_route=\/wp\/v2\/types\/post"}],"author":[{"embeddable":true,"href":"https:\/\/diariodominicano.com\/index.php?rest_route=\/wp\/v2\/users\/3"}],"replies":[{"embeddable":true,"href":"https:\/\/diariodominicano.com\/index.php?rest_route=%2Fwp%2Fv2%2Fcomments&post=122973"}],"version-history":[{"count":0,"href":"https:\/\/diariodominicano.com\/index.php?rest_route=\/wp\/v2\/posts\/122973\/revisions"}],"wp:attachment":[{"href":"https:\/\/diariodominicano.com\/index.php?rest_route=%2Fwp%2Fv2%2Fmedia&parent=122973"}],"wp:term":[{"taxonomy":"category","embeddable":true,"href":"https:\/\/diariodominicano.com\/index.php?rest_route=%2Fwp%2Fv2%2Fcategories&post=122973"},{"taxonomy":"post_tag","embeddable":true,"href":"https:\/\/diariodominicano.com\/index.php?rest_route=%2Fwp%2Fv2%2Ftags&post=122973"}],"curies":[{"name":"wp","href":"https:\/\/api.w.org\/{rel}","templated":true}]}}