{"id":122967,"date":"2007-07-23T00:13:58","date_gmt":"2007-07-23T00:13:58","guid":{"rendered":"http:\/\/diariodominicano.ddns.net\/?p=122967"},"modified":"2007-07-23T00:13:58","modified_gmt":"2007-07-23T00:13:58","slug":"codia-inaugura-primera-feria-de-energia-alternativa","status":"publish","type":"post","link":"https:\/\/diariodominicano.com\/?p=122967","title":{"rendered":"CODIA inaugura  primera Feria de Energ\u00eda Alternativa"},"content":{"rendered":"<p><body><\/p>\n<p class=\"titulogrande1\">CODIA  inaugura\u00a0 primera Feria de Energ\u00eda  Alternativa<\/p>\n<p>&#13;<\/p>\n<p align=\"justify\" class=\"text1noticias\"><strong>SANTO DOMINGO.- <\/strong>El Colegio  Dominicano de Ingenieros, Arquitectos y Agrimensores (Codia) y el N\u00facleo de  Ingenieros Electromec\u00e1nicos e Industriales inauguraron la primera feria de  Energ\u00eda Alternativa \u201cCodia 2007\u201d,  con la asistencia de representantes de empresas productoras de energ\u00edas  alternativas.<\/p>\n<p>&#13;<\/p>\n<p align=\"justify\" class=\"text1noticias\">Durante la actividad, que  concluy\u00f3\u00a0 anoche, se exhibieron equipos y  maquinarias productoras de energ\u00edas alternativas con la participaci\u00f3n de las  empresas Tecsol, Egehid, Cne, Trade Master Dominicana, EIIBI, entre otras.<\/p>\n<p>&#13;<\/p>\n<p align=\"justify\" class=\"text1noticias\">El presidente del Codia,  Adolfo Cede\u00f1o, resalt\u00f3 los proyectos que ejecutan empresas nativas y  extranjeras, tendentes a producir energ\u00eda para el sector empresarial y los  consumidores dom\u00e9sticos.<\/p>\n<p>&#13;<\/p>\n<p align=\"justify\" class=\"text1noticias\">Dijo que respalda esas  iniciativas, que buscan abaratar los precios de los combustibles, lo que a su  juicio, contribuir\u00e1 a fortalecer el ahorro econ\u00f3mico del pa\u00eds, algo que  redundar\u00e1 en beneficio de los sectores de menos poder adquisitivo.<\/p>\n<p>&#13;<\/p>\n<p align=\"justify\" class=\"text1noticias\">Adem\u00e1s de las exhibiciones,  al cierre se presentaron conferencias sobre el agotamiento de las reservas  mundiales de hidrocarburos, uso de las energ\u00edas alternativas para el desarrollo  del pa\u00eds; desarrollo del sistema h\u00edbrido de producci\u00f3n a partir del aire-agua,  el transporte de combustible en la Rep\u00fablica Dominicana  y\u00a0 perspectivas del gas natural en el  pa\u00eds.<\/p>\n<p>&#13;<\/p>\n<h6> 2007-07-23 00:13:58 <\/h6>\n<p><!--\n<link rel=\"stylesheet\" href=\"css\/bootstrap.min.css\">\n\n\n<ul class=\"pagination\">\n\t    \n\t\n\n<li >\n\t<a href='?page_no=28846'>Previous<\/a>\n\t<\/li>\n\n\n       \n    \n\n<li><a href='?page_no=1'>1<\/a><\/li>\n\n\n\n<li><a href='?page_no=2'>2<\/a><\/li>\n\n\n\n<li><a>...<\/a><\/li>\n\n\n\n<li><a href='?page_no=28845'>28845<\/a><\/li>\n\n\n\n<li><a href='?page_no=28846'>28846<\/a><\/li>\n\n\n\n<li class='active'><a>28847<\/a><\/li>\n\n\n\n<li><a href='?page_no=28848'>28848<\/a><\/li>\n\n\n\n<li><a href='?page_no=28849'>28849<\/a><\/li>\n\n\n\n<li><a>...<\/a><\/li>\n\n\n\n<li><a href='?page_no=30472'>30472<\/a><\/li>\n\n\n\n<li><a href='?page_no=30473'>30473<\/a><\/li>\n\n    \n\t\n\n<li >\n\t<a href='?page_no=28848'>Next<\/a>\n\t<\/li>\n\n\n    \n\n<li><a href='?page_no=30473'>Last &rsaquo;&rsaquo;<\/a><\/li>\n\n<\/ul>\n\n\n--><br \/>\n<\/body><\/p>\n","protected":false},"excerpt":{"rendered":"<p>CODIA inaugura\u00a0 primera Feria de Energ\u00eda Alternativa &#13; SANTO DOMINGO.- El Colegio Dominicano de Ingenieros, Arquitectos y Agrimensores (Codia) y el N\u00facleo de Ingenieros Electromec\u00e1nicos e Industriales inauguraron la primera feria de Energ\u00eda Alternativa \u201cCodia 2007\u201d, con la asistencia de representantes de empresas productoras de energ\u00edas alternativas. &#13; Durante la actividad, que concluy\u00f3\u00a0 anoche, se [&hellip;]<\/p>\n","protected":false},"author":3,"featured_media":0,"comment_status":"open","ping_status":"open","sticky":false,"template":"","format":"standard","meta":{"footnotes":""},"categories":[18],"tags":[],"class_list":["post-122967","post","type-post","status-publish","format-standard","hentry","category-economia"],"_links":{"self":[{"href":"https:\/\/diariodominicano.com\/index.php?rest_route=\/wp\/v2\/posts\/122967","targetHints":{"allow":["GET"]}}],"collection":[{"href":"https:\/\/diariodominicano.com\/index.php?rest_route=\/wp\/v2\/posts"}],"about":[{"href":"https:\/\/diariodominicano.com\/index.php?rest_route=\/wp\/v2\/types\/post"}],"author":[{"embeddable":true,"href":"https:\/\/diariodominicano.com\/index.php?rest_route=\/wp\/v2\/users\/3"}],"replies":[{"embeddable":true,"href":"https:\/\/diariodominicano.com\/index.php?rest_route=%2Fwp%2Fv2%2Fcomments&post=122967"}],"version-history":[{"count":0,"href":"https:\/\/diariodominicano.com\/index.php?rest_route=\/wp\/v2\/posts\/122967\/revisions"}],"wp:attachment":[{"href":"https:\/\/diariodominicano.com\/index.php?rest_route=%2Fwp%2Fv2%2Fmedia&parent=122967"}],"wp:term":[{"taxonomy":"category","embeddable":true,"href":"https:\/\/diariodominicano.com\/index.php?rest_route=%2Fwp%2Fv2%2Fcategories&post=122967"},{"taxonomy":"post_tag","embeddable":true,"href":"https:\/\/diariodominicano.com\/index.php?rest_route=%2Fwp%2Fv2%2Ftags&post=122967"}],"curies":[{"name":"wp","href":"https:\/\/api.w.org\/{rel}","templated":true}]}}