{"id":122966,"date":"2007-07-23T00:16:20","date_gmt":"2007-07-23T00:16:20","guid":{"rendered":"http:\/\/diariodominicano.ddns.net\/?p=122966"},"modified":"2007-07-23T00:16:20","modified_gmt":"2007-07-23T00:16:20","slug":"consultores-politicos-de-iberoamerica-participaran-en-un-panel-en-funglode","status":"publish","type":"post","link":"https:\/\/diariodominicano.com\/?p=122966","title":{"rendered":"Consultores pol\u00edticos de Iberoam\u00e9rica participar\u00e1n en un panel en FUNGLODE"},"content":{"rendered":"<p><body><\/p>\n<p class=\"titulogrande1\"><strong>Consultores pol\u00edticos de  Iberoam\u00e9rica participar\u00e1n en un panel en FUNGLODE<\/strong><\/p>\n<p>&#13;<\/p>\n<p align=\"justify\"><strong>El mi\u00e9rcoles 25 de julio, a  las 7:00PM, en el auditorio, abierto al p\u00fablico<\/strong><br \/>&#13;<br \/>\n  \u00a0<br \/>&#13;<br \/>\n  <span class=\"text1noticias\"><strong>SANTO  DOMINGO.-<\/strong> La Fundaci\u00f3n Global Democracia y Desarrollo (FUNGLODE), en  coordinaci\u00f3n con la Asociaci\u00f3n Latinoamericana de Consultores  Pol\u00edticos (ALACOP), organiza el panel \u201cCampa\u00f1as Electorales de 2006 en Am\u00e9rica  Latina y tendencias pol\u00edticas de la   Regi\u00f3n\u201d. La actividad tendr\u00e1 lugar el mi\u00e9rcoles 25 de julio a  las 7:00 PM en el auditorio de FUNGLODE y es abierta al p\u00fablico.<\/span><\/p>\n<p>&#13;<\/p>\n<p align=\"justify\" class=\"text1noticias\">Como panelistas han sido invitados los ex presidentes  de ALACOP, asesores casi todos de varias de las campa\u00f1as m\u00e1s significativas de  los \u00faltimos a\u00f1os en Am\u00e9rica Latina:<\/p>\n<p>&#13;<\/p>\n<div align=\"justify\">&#13;<\/p>\n<ul>&#13;<\/p>\n<li class=\"text1noticias\"><strong>Julio  Aurelio, de Argentina<\/strong><\/li>\n<p>&#13;\n  <\/ul>\n<p>&#13;\n<\/p><\/div>\n<p>&#13;<\/p>\n<p align=\"justify\" class=\"text1noticias\">Actual presidente de la ALACOP, catedr\u00e1tico e  importante investigador de opini\u00f3n p\u00fablica, asesor de varios mandatarios de su  pa\u00eds<\/p>\n<p>&#13;<\/p>\n<div align=\"justify\">&#13;<\/p>\n<ul>&#13;<\/p>\n<li class=\"text1noticias\"><strong>Mauricio  De Vengoechea, de Colombia<\/strong><\/li>\n<p>&#13;\n  <\/ul>\n<p>&#13;\n<\/p><\/div>\n<p>&#13;<\/p>\n<p align=\"justify\" class=\"text1noticias\">Presidente de Newlink Political y asesor  hasta la fecha de 10 candidatos presidenciales, entre ellos, el Presidente  Leonel Fern\u00e1ndez<\/p>\n<p>&#13;<\/p>\n<div align=\"justify\">&#13;<\/p>\n<ul>&#13;<\/p>\n<li class=\"text1noticias\"><strong>Felipe  Noguera, de Argentina<\/strong><\/li>\n<p>&#13;\n  <\/ul>\n<p>&#13;\n<\/p><\/div>\n<p>&#13;<\/p>\n<p align=\"justify\" class=\"text1noticias\">Fundador y primer presidente de ALACOP,  consultor de varios presidentes de Centro y Suram\u00e9rica<\/p>\n<p>&#13;<\/p>\n<div align=\"justify\">&#13;<\/p>\n<ul>&#13;<\/p>\n<li class=\"text1noticias\"><strong>Roy  Campos, de M\u00e9xico<\/strong><\/li>\n<p>&#13;\n  <\/ul>\n<p>&#13;\n<\/p><\/div>\n<p>&#13;<\/p>\n<p align=\"justify\" class=\"text1noticias\">Presidente del Comit\u00e9 de Opini\u00f3n P\u00fablica de  la Asociaci\u00f3n   Mexicana de Agencias de Investigaci\u00f3n de Mercado y Opini\u00f3n  P\u00fablica (AMAI), qui\u00e9n ha participado en los \u00faltimos procesos electorales de  M\u00e9xico<\/p>\n<p>&#13;<\/p>\n<div align=\"justify\">&#13;<\/p>\n<ul>&#13;<\/p>\n<li class=\"text1noticias\"><strong>Marcos  Maga\u00f1a, de Espa\u00f1a<\/strong><\/li>\n<p>&#13;\n  <\/ul>\n<p>&#13;\n<\/p><\/div>\n<p>&#13;<\/p>\n<p align=\"justify\" class=\"text1noticias\">Consultor de varias campa\u00f1as en Am\u00e9rica  Latina, entre ellas la reciente del Presidente Mart\u00edn Torrijos, de Panam\u00e1.<\/p>\n<p>&#13;<\/p>\n<p align=\"justify\" class=\"text1noticias\">Latinoam\u00e9rica fue un punto de alto inter\u00e9s pol\u00edtico en  el mundo entre finales de 2005 y finales de 2006. Se celebraron elecciones  presidenciales en 13 pa\u00edses de la regi\u00f3n, adem\u00e1s de las elecciones legislativas  y municipales en otros cuatro.<\/p>\n<p>&#13;<\/p>\n<p align=\"justify\"><strong>FICHAS DE LOS PARTICIPANTES<\/strong><\/p>\n<p>&#13;<\/p>\n<p align=\"justify\" class=\"text1noticias\"><strong>Mauricio De Vengoechea<\/strong><\/p>\n<p>&#13;<\/p>\n<div align=\"justify\">&#13;<\/p>\n<ul>&#13;<\/p>\n<li class=\"text1noticias\">Consultor  pol\u00edtico desde 1982, De Vengoechea es uno de los consultores generales,  estrategas y especialistas en manejo de crisis, m\u00e1s reconocidos y con mayor  experiencia de Latinoamericana. <\/li>\n<p>&#13;\n  <\/ul>\n<p>&#13;\n<\/p><\/div>\n<p>&#13;<\/p>\n<p align=\"justify\">\u00a0<\/p>\n<p>&#13;<\/p>\n<div align=\"justify\">&#13;<\/p>\n<ul>&#13;<\/p>\n<li class=\"text1noticias\">Como  consultor pol\u00edtico ha asesorado hasta la fecha a nueve candidatos a Presidente  y m\u00e1s de un centenar de otros candidatos a Asambleas Constituyentes, Congresos,  Gobernaciones y Alcald\u00edas, en Colombia, Costa Rica, Ecuador, El Salvador,  Honduras, M\u00e9xico, Rep\u00fablica Dominicana y Venezuela. <\/li>\n<p>&#13;\n  <\/ul>\n<p>&#13;<\/p>\n<ul>&#13;<\/p>\n<li class=\"text1noticias\">Igualmente  ha sido llamado como consultor por gobiernos nacionales y estatales en  Colombia, El Salvador y M\u00e9xico, as\u00ed como por varios partidos pol\u00edticos de la  regi\u00f3n. <\/li>\n<p>&#13;\n  <\/ul>\n<p>&#13;\n<\/p><\/div>\n<p>&#13;<\/p>\n<p align=\"justify\">\u00a0<\/p>\n<p>&#13;<\/p>\n<div align=\"justify\">&#13;<\/p>\n<ul>&#13;<\/p>\n<li class=\"text1noticias\">Ganador  de tres premios internacionales, autor de varias publicaciones, y conferencista  internacional, fue Presidente de ALACOP, entre 1998 y 2000. Actualmente es  miembro de \u00abBoard of Directors\u00bb de la Asociaci\u00f3n Internacional de  Consultores Pol\u00edticos, IAPC y miembro activo de la Asociaci\u00f3n Estadounidense de  Consultores, AAPC. <\/li>\n<p>&#13;\n  <\/ul>\n<p>&#13;\n<\/p><\/div>\n<p>&#13;<\/p>\n<p align=\"justify\" class=\"text1noticias\"><strong>Felipe  Noguera<\/strong> <\/p>\n<p>&#13;<\/p>\n<div align=\"justify\">&#13;<\/p>\n<ul>&#13;<\/p>\n<li class=\"text1noticias\">&#13;<br \/>\n  Dedicado a la consultor\u00eda pol\u00edtica desde 1982. Estudi\u00f3 matem\u00e1ticas en Oxford y  la formulaci\u00f3n de pol\u00edticas p\u00fablicas en Estados Unidos como Eisenhower Fellow  en 1988.<\/li>\n<p>&#13;\n  <\/ul>\n<p>&#13;<\/p>\n<ul>&#13;<\/p>\n<li class=\"text1noticias\">Su  experiencia como consultor pol\u00edtico abarca toda Am\u00e9rica Latina, asesorando  campa\u00f1as electorales y gobiernos, dictando conferencias, publicando ensayos y  manteniendo su p\u00e1gina www.fnoguera.com. <\/li>\n<p>&#13;\n  <\/ul>\n<p>&#13;\n<\/p><\/div>\n<p>&#13;<\/p>\n<p align=\"justify\">\u00a0<\/p>\n<p>&#13;<\/p>\n<div align=\"justify\">&#13;<\/p>\n<ul>&#13;<\/p>\n<li class=\"text1noticias\">Define  a su empresa FNC como \u201cEspecializada en comunicaci\u00f3n pol\u00edtica y capaz de  proveer a campa\u00f1as y gobiernos, la consultor\u00eda y servicios operativos  necesarios para lograr sus objetivos, ya sea directamente o configurando  equipos con otros especialistas\u201d.<\/li>\n<p>&#13;\n  <\/ul>\n<p>&#13;<\/p>\n<ul>&#13;<\/p>\n<li class=\"text1noticias\">En  1996 fue electo primer Presidente de ALACOP, y actualmente es su Presidente  Honorario. En enero de 2001 la Asociaci\u00f3n Americana de Consultores Pol\u00edticos  (AAPC) le otorg\u00f3 el premio \u201cPollie\u201d al Consultor Internacional del A\u00f1o. Desde  1995 es Secretario para Am\u00e9rica Latina de la IAPC, la asociaci\u00f3n internacional. <\/li>\n<p>&#13;\n  <\/ul>\n<p>&#13;\n<\/p><\/div>\n<p>&#13;<\/p>\n<p align=\"justify\">\u00a0<\/p>\n<p>&#13;<\/p>\n<p align=\"justify\">\u00a0<\/p>\n<p>&#13;<\/p>\n<p align=\"justify\" class=\"text1noticias\"><strong>Julio  Aurelio<\/strong><\/p>\n<p>&#13;<\/p>\n<div align=\"justify\">&#13;<\/p>\n<ul>&#13;<\/p>\n<li class=\"text1noticias\">Es  licenciado en Sociolog\u00eda. Es presidente de Julio Aurelio S.A, Compa\u00f1\u00eda  Argentina Espa\u00f1ola de Consultor\u00eda (ARESCO), empresa especializada en  investigaci\u00f3n sociol\u00f3gica en particular en asesoramiento integral de campa\u00f1as  electorales, opini\u00f3n p\u00fablica y estudios de mercado. Realiz\u00f3 numerosos trabajos  de investigaci\u00f3n y consultor\u00eda pol\u00edtica en Espa\u00f1a, donde entre 1975 y 1987  residi\u00f3, fund\u00f3 y presidi\u00f3 ARESCO. All\u00ed fue consultor de la Casa Real y del Partido  Popular. <\/li>\n<p>&#13;\n  <\/ul>\n<p>&#13;\n<\/p><\/div>\n<p>&#13;<\/p>\n<p align=\"justify\">\u00a0<\/p>\n<p>&#13;<\/p>\n<div align=\"justify\">&#13;<\/p>\n<ul>&#13;<\/p>\n<li class=\"text1noticias\">En la  actualidad realiza en forma habitual investigaciones sociol\u00f3gicas y pol\u00edticas  en Paraguay, Uruguay y Bolivia adem\u00e1s de Argentina.<\/li>\n<p>&#13;\n  <\/ul>\n<p>&#13;<\/p>\n<ul>&#13;<\/p>\n<li class=\"text1noticias\">Es  experto en estrategia socio-pol\u00edtica y socio-electoral. Fue rector de la Universidad de Mar de  Plata y actualmente es catedr\u00e1tico titular de Opini\u00f3n P\u00fablica en la Universidad de Buenos  Aires. Public\u00f3 numerosos estudios e investigaciones en opini\u00f3n p\u00fablica y  metodolog\u00eda de la investigaci\u00f3n.<\/li>\n<p>&#13;\n  <\/ul>\n<p>&#13;\n<\/p><\/div>\n<p>&#13;<\/p>\n<p align=\"justify\" class=\"text1noticias\"><strong><u>\u00a0<\/u><\/strong><\/p>\n<p>&#13;<\/p>\n<p align=\"justify\" class=\"text1noticias\"><strong>Roy Campos<\/strong> <\/p>\n<p>&#13;<\/p>\n<div align=\"justify\">&#13;<\/p>\n<ul>&#13;<\/p>\n<li class=\"text1noticias\">Director  General de Consulta-Mitofsky, empresa privada de Investigaci\u00f3n de Mercado y de  Opini\u00f3n P\u00fablica, l\u00edder en M\u00e9xico desde hace varios a\u00f1os. Labor\u00f3 en el Instituto  Nacional de Estad\u00edstica Geograf\u00eda e Inform\u00e1tica (INEGI), donde ocup\u00f3 el puesto  de Director de Encuestas durante m\u00e1s de 8 a\u00f1os. <\/li>\n<p>&#13;\n  <\/ul>\n<p>&#13;\n<\/p><\/div>\n<p>&#13;<\/p>\n<p align=\"justify\">\u00a0<\/p>\n<p>&#13;<\/p>\n<div align=\"justify\">&#13;<\/p>\n<ul>&#13;<\/p>\n<li class=\"text1noticias\">Asesor\u00f3  a los Gobiernos de Guatemala y de El Salvador. Estudi\u00f3 las licenciaturas de  Actuar\u00eda y de Matem\u00e1ticas, las maestr\u00edas de Estad\u00edstica y Actuar\u00eda, Diplomado  en An\u00e1lisis Pol\u00edtico, en Alta Direcci\u00f3n Empresarial y en Mercadotecnia. Ha  impartido cursos sobre diversos t\u00f3picos de Estad\u00edstica, de Matem\u00e1ticas y de  mercadotecnia pol\u00edtica en M\u00e9xico, Estados Unidos y Centroam\u00e9rica, conferencista  en varias ocasiones sobre temas relacionados a la investigaci\u00f3n, a la pol\u00edtica  y a los medios de comunicaci\u00f3n.<\/li>\n<p>&#13;\n  <\/ul>\n<p>&#13;<\/p>\n<ul>&#13;<\/p>\n<li class=\"text1noticias\">Tiene  m\u00e1s de 120 art\u00edculos publicados sobre pol\u00edtica, valores y otros; un libro  \u00ab1997, elementos para el an\u00e1lisis del voto\u00bb y colaboraciones que  forman parte de otros libros. <\/li>\n<p>&#13;\n  <\/ul>\n<p>&#13;\n<\/p><\/div>\n<p>&#13;<\/p>\n<p align=\"justify\">\u00a0<\/p>\n<p>&#13;<\/p>\n<div align=\"justify\">&#13;<\/p>\n<ul>&#13;<\/p>\n<li class=\"text1noticias\">Miembro  de la Asociaci\u00f3n Mundial de Investigadores de Opini\u00f3n P\u00fablica (WAPOR), y  actualmente es presidente del Comit\u00e9 de Opini\u00f3n P\u00fablica de la Asociaci\u00f3n  Mexicana de Agencias de Investigaci\u00f3n de Mercado y Opini\u00f3n P\u00fablica (AMAI) y  miembro de ALACOP y del Comit\u00e9 T\u00e9cnico Asesor de Transparencia Mexicana.  Participa en los consejos editoriales de revistas de pol\u00edtica y sociedad como  \u00a8Cambio\u00a8, \u00a8Voz y Voto\u00a8, \u00a8Este Pa\u00eds\u00a8, \u00a8Encuesta\u00a8, \u00a8Educaci\u00f3n 2001\u00a8, \u00a8Crisol\u00a8,  entre otras. <\/li>\n<p>&#13;\n  <\/ul>\n<p>&#13;\n<\/p><\/div>\n<p>&#13;<\/p>\n<p align=\"justify\" class=\"text1noticias\"><strong>\u00a0<\/strong><\/p>\n<p>&#13;<\/p>\n<p align=\"justify\" class=\"text1noticias\"><strong>Marcos  Maga\u00f1a<\/strong> <\/p>\n<p>&#13;<\/p>\n<div align=\"justify\">&#13;<\/p>\n<ul>&#13;<\/p>\n<li class=\"text1noticias\">Actualmente  es Socio Director en Europa de la consultora de imagen y comunicaci\u00f3n  INTERIMAGE, con presencia tambi\u00e9n en Estados Unidos y Latinoam\u00e9rica. La empresa  presta servicios de comunicaci\u00f3n empresarial, comunicaci\u00f3n de gobierno y  marketing pol\u00edtico. Anteriormente fue Vicepresidente del Primer Grupo Hispano  de Consultor\u00eda de Comunicaci\u00f3n e Imagen Sanchis, Comunicaci\u00f3n Hispacom. Tambi\u00e9n  ha sido Managing Director de Public Affairs en Burson-Marsteller, l\u00edder mundial  en Relaciones P\u00fablicas y Comunicaci\u00f3n.<\/li>\n<p>&#13;\n  <\/ul>\n<p>&#13;\n<\/p><\/div>\n<p>&#13;<\/p>\n<p align=\"justify\">\u00a0<\/p>\n<p>&#13;<\/p>\n<div align=\"justify\">&#13;<\/p>\n<ul>&#13;<\/p>\n<li class=\"text1noticias\">Ha  actuado en m\u00e1s de 300 campa\u00f1as de comunicaci\u00f3n, tanto en el \u00e1mbito electoral  como en el de las empresas e instituciones; participando como consultor  pol\u00edtico en campa\u00f1as electorales en Espa\u00f1a y Sudam\u00e9rica y asesorando a  diferentes l\u00edderes y partidos pol\u00edticos, tanto en labores de gobierno como de  oposici\u00f3n. Tambi\u00e9n ha sido asesor de la Secretar\u00eda de Estado de Econom\u00eda del gobierno  espa\u00f1ol. <\/li>\n<p>&#13;\n  <\/ul>\n<p>&#13;<\/p>\n<ul>&#13;<\/p>\n<li class=\"text1noticias\">Socio  fundador y anterior Presidente de ALACOP y Asesor del Centro Interamericano de  Gerencia Pol\u00edtica. Cuenta con una experiencia de 15 a\u00f1os en Consultor\u00eda  Pol\u00edtica en Latinoam\u00e9rica, habiendo participado en m\u00e1s de una veintena de  procesos electorales. Ejerce tareas docentes como profesor en el \u00bb Master  en Comunicaci\u00f3n Corporativa y Publicitaria\u00bb; \u00abMaster en Psicolog\u00eda de  la Comunicaci\u00f3n Persuasiva\u00bb y \u00abMaster en Comunicaci\u00f3n de  Instituciones P\u00fablicas y Pol\u00edticas\u00bb de la Universidad Complutense de  Madrid. <\/li>\n<p>&#13;\n  <\/ul>\n<p>&#13;\n<\/p><\/div>\n<p>&#13;<\/p>\n<p align=\"justify\">\u00a0<\/p>\n<p>&#13;<br \/>\n<span class=\"text1noticias\">&#13;<\/p>\n<ul>&#13;\n<\/ul>\n<p><\/span>&#13;<\/p>\n<div align=\"justify\">&#13;<\/p>\n<ul>&#13;<\/p>\n<li class=\"text1noticias\">Asimismo  es profesor en otros 4 masters de Marketing Pol\u00edtico en Instituciones  Acad\u00e9micas Espa\u00f1olas y Latinoamericanas. Conferencista invitado en 14  pa\u00edses.\u00a0<\/li>\n<p>&#13;\n  <\/ul>\n<p>&#13;\n<\/p><\/div>\n<p>&#13;<\/p>\n<h6> 2007-07-23 00:16:20 <\/h6>\n<p><!--\n<link rel=\"stylesheet\" href=\"css\/bootstrap.min.css\">\n\n\n<ul class=\"pagination\">\n\t    \n\t\n\n<li >\n\t<a href='?page_no=28845'>Previous<\/a>\n\t<\/li>\n\n\n       \n    \n\n<li><a href='?page_no=1'>1<\/a><\/li>\n\n\n\n<li><a href='?page_no=2'>2<\/a><\/li>\n\n\n\n<li><a>...<\/a><\/li>\n\n\n\n<li><a href='?page_no=28844'>28844<\/a><\/li>\n\n\n\n<li><a href='?page_no=28845'>28845<\/a><\/li>\n\n\n\n<li class='active'><a>28846<\/a><\/li>\n\n\n\n<li><a href='?page_no=28847'>28847<\/a><\/li>\n\n\n\n<li><a href='?page_no=28848'>28848<\/a><\/li>\n\n\n\n<li><a>...<\/a><\/li>\n\n\n\n<li><a href='?page_no=30472'>30472<\/a><\/li>\n\n\n\n<li><a href='?page_no=30473'>30473<\/a><\/li>\n\n    \n\t\n\n<li >\n\t<a href='?page_no=28847'>Next<\/a>\n\t<\/li>\n\n\n    \n\n<li><a href='?page_no=30473'>Last &rsaquo;&rsaquo;<\/a><\/li>\n\n<\/ul>\n\n\n--><br \/>\n<\/body><\/p>\n","protected":false},"excerpt":{"rendered":"<p>Consultores pol\u00edticos de Iberoam\u00e9rica participar\u00e1n en un panel en FUNGLODE &#13; El mi\u00e9rcoles 25 de julio, a las 7:00PM, en el auditorio, abierto al p\u00fablico&#13; \u00a0&#13; SANTO DOMINGO.- La Fundaci\u00f3n Global Democracia y Desarrollo (FUNGLODE), en coordinaci\u00f3n con la Asociaci\u00f3n Latinoamericana de Consultores Pol\u00edticos (ALACOP), organiza el panel \u201cCampa\u00f1as Electorales de 2006 en Am\u00e9rica Latina [&hellip;]<\/p>\n","protected":false},"author":3,"featured_media":0,"comment_status":"open","ping_status":"open","sticky":false,"template":"","format":"standard","meta":{"footnotes":""},"categories":[18],"tags":[],"class_list":["post-122966","post","type-post","status-publish","format-standard","hentry","category-economia"],"_links":{"self":[{"href":"https:\/\/diariodominicano.com\/index.php?rest_route=\/wp\/v2\/posts\/122966","targetHints":{"allow":["GET"]}}],"collection":[{"href":"https:\/\/diariodominicano.com\/index.php?rest_route=\/wp\/v2\/posts"}],"about":[{"href":"https:\/\/diariodominicano.com\/index.php?rest_route=\/wp\/v2\/types\/post"}],"author":[{"embeddable":true,"href":"https:\/\/diariodominicano.com\/index.php?rest_route=\/wp\/v2\/users\/3"}],"replies":[{"embeddable":true,"href":"https:\/\/diariodominicano.com\/index.php?rest_route=%2Fwp%2Fv2%2Fcomments&post=122966"}],"version-history":[{"count":0,"href":"https:\/\/diariodominicano.com\/index.php?rest_route=\/wp\/v2\/posts\/122966\/revisions"}],"wp:attachment":[{"href":"https:\/\/diariodominicano.com\/index.php?rest_route=%2Fwp%2Fv2%2Fmedia&parent=122966"}],"wp:term":[{"taxonomy":"category","embeddable":true,"href":"https:\/\/diariodominicano.com\/index.php?rest_route=%2Fwp%2Fv2%2Fcategories&post=122966"},{"taxonomy":"post_tag","embeddable":true,"href":"https:\/\/diariodominicano.com\/index.php?rest_route=%2Fwp%2Fv2%2Ftags&post=122966"}],"curies":[{"name":"wp","href":"https:\/\/api.w.org\/{rel}","templated":true}]}}