{"id":122965,"date":"2007-07-23T00:17:25","date_gmt":"2007-07-23T00:17:25","guid":{"rendered":"http:\/\/diariodominicano.ddns.net\/?p=122965"},"modified":"2007-07-23T00:17:25","modified_gmt":"2007-07-23T00:17:25","slug":"leonel-fernandez-se-recibe-banqueros-norteamericanos","status":"publish","type":"post","link":"https:\/\/diariodominicano.com\/?p=122965","title":{"rendered":"Leonel Fern\u00e1ndez se recibe banqueros norteamericanos"},"content":{"rendered":"<p><body><\/p>\n<p class=\"titulogrande1\">Leonel  Fern\u00e1ndez se recibe banqueros norteamericanos<\/p>\n<p>&#13;<\/p>\n<p align=\"justify\" class=\"text1noticias\"><strong>SANTO DOMINGO.-<\/strong> El  presidente\u00a0 Leonel Fern\u00e1ndez\u00a0 recibi\u00f3 este viernes a una delegaci\u00f3n de  ejecutivos del Banco de\u00a0 Exportaci\u00f3n e  Importaci\u00f3n de los Estados Unidos. <\/p>\n<p>&#13;<\/p>\n<p align=\"justify\" class=\"text1noticias\">El  Presidente Fern\u00e1ndez\u00a0 dialog\u00f3 durante  varios minutos con los ejecutivos bancarios en su despacho del Palacio  Nacional, donde se pas\u00f3 balance a los actuales y futuros proyectos de inversi\u00f3n  que se podr\u00edan ejecutar en el pa\u00eds con el respaldo financiero de la entidad  bancaria. <\/p>\n<p>&#13;<\/p>\n<p align=\"justify\" class=\"text1noticias\">Los representantes del Banco  de Exportaci\u00f3n e Importaci\u00f3n de los Estados Unidos que visitaron al mandatario  estuvieron acompa\u00f1ados del encargado de Negocios de la estadounidense en el  pa\u00eds, Roland Bullen.\u00a0 <\/p>\n<p>&#13;<\/p>\n<p align=\"justify\" class=\"text1noticias\">Los funcionarios bancarios  que acudieron a la Casa  de Gobierno son John McAdams, vicepresidente, Howard Schweitzer, asesor legal,  Dwight W. Herow, gerente de relaciones para las Am\u00e9ricas, y la se\u00f1ora Ellen  Dunlap, oficial del \u00e1rea econ\u00f3mica de la misi\u00f3n diplom\u00e1tica de Estados Unidos  en el pa\u00eds.<\/p>\n<p>&#13;<\/p>\n<h6> 2007-07-23 00:17:25 <\/h6>\n<p><!--\n<link rel=\"stylesheet\" href=\"css\/bootstrap.min.css\">\n\n\n<ul class=\"pagination\">\n\t    \n\t\n\n<li >\n\t<a href='?page_no=28844'>Previous<\/a>\n\t<\/li>\n\n\n       \n    \n\n<li><a href='?page_no=1'>1<\/a><\/li>\n\n\n\n<li><a href='?page_no=2'>2<\/a><\/li>\n\n\n\n<li><a>...<\/a><\/li>\n\n\n\n<li><a href='?page_no=28843'>28843<\/a><\/li>\n\n\n\n<li><a href='?page_no=28844'>28844<\/a><\/li>\n\n\n\n<li class='active'><a>28845<\/a><\/li>\n\n\n\n<li><a href='?page_no=28846'>28846<\/a><\/li>\n\n\n\n<li><a href='?page_no=28847'>28847<\/a><\/li>\n\n\n\n<li><a>...<\/a><\/li>\n\n\n\n<li><a href='?page_no=30472'>30472<\/a><\/li>\n\n\n\n<li><a href='?page_no=30473'>30473<\/a><\/li>\n\n    \n\t\n\n<li >\n\t<a href='?page_no=28846'>Next<\/a>\n\t<\/li>\n\n\n    \n\n<li><a href='?page_no=30473'>Last &rsaquo;&rsaquo;<\/a><\/li>\n\n<\/ul>\n\n\n--><br \/>\n<\/body><\/p>\n","protected":false},"excerpt":{"rendered":"<p>Leonel Fern\u00e1ndez se recibe banqueros norteamericanos &#13; SANTO DOMINGO.- El presidente\u00a0 Leonel Fern\u00e1ndez\u00a0 recibi\u00f3 este viernes a una delegaci\u00f3n de ejecutivos del Banco de\u00a0 Exportaci\u00f3n e Importaci\u00f3n de los Estados Unidos. &#13; El Presidente Fern\u00e1ndez\u00a0 dialog\u00f3 durante varios minutos con los ejecutivos bancarios en su despacho del Palacio Nacional, donde se pas\u00f3 balance a los [&hellip;]<\/p>\n","protected":false},"author":3,"featured_media":0,"comment_status":"open","ping_status":"open","sticky":false,"template":"","format":"standard","meta":{"footnotes":""},"categories":[18],"tags":[],"class_list":["post-122965","post","type-post","status-publish","format-standard","hentry","category-economia"],"_links":{"self":[{"href":"https:\/\/diariodominicano.com\/index.php?rest_route=\/wp\/v2\/posts\/122965","targetHints":{"allow":["GET"]}}],"collection":[{"href":"https:\/\/diariodominicano.com\/index.php?rest_route=\/wp\/v2\/posts"}],"about":[{"href":"https:\/\/diariodominicano.com\/index.php?rest_route=\/wp\/v2\/types\/post"}],"author":[{"embeddable":true,"href":"https:\/\/diariodominicano.com\/index.php?rest_route=\/wp\/v2\/users\/3"}],"replies":[{"embeddable":true,"href":"https:\/\/diariodominicano.com\/index.php?rest_route=%2Fwp%2Fv2%2Fcomments&post=122965"}],"version-history":[{"count":0,"href":"https:\/\/diariodominicano.com\/index.php?rest_route=\/wp\/v2\/posts\/122965\/revisions"}],"wp:attachment":[{"href":"https:\/\/diariodominicano.com\/index.php?rest_route=%2Fwp%2Fv2%2Fmedia&parent=122965"}],"wp:term":[{"taxonomy":"category","embeddable":true,"href":"https:\/\/diariodominicano.com\/index.php?rest_route=%2Fwp%2Fv2%2Fcategories&post=122965"},{"taxonomy":"post_tag","embeddable":true,"href":"https:\/\/diariodominicano.com\/index.php?rest_route=%2Fwp%2Fv2%2Ftags&post=122965"}],"curies":[{"name":"wp","href":"https:\/\/api.w.org\/{rel}","templated":true}]}}