{"id":122962,"date":"2007-07-23T16:17:15","date_gmt":"2007-07-23T16:17:15","guid":{"rendered":"http:\/\/diariodominicano.ddns.net\/?p=122962"},"modified":"2007-07-23T16:17:15","modified_gmt":"2007-07-23T16:17:15","slug":"carlos-malamud-hablara-sobre-frenos-y-desafios-de-la-integracion-regional-en-al","status":"publish","type":"post","link":"https:\/\/diariodominicano.com\/?p=122962","title":{"rendered":"Carlos Malamud hablar\u00e1 sobre  frenos y desaf\u00edos de la integraci\u00f3n regional en AL"},"content":{"rendered":"<p><body><\/p>\n<p class=\"titulogrande1\">Carlos Malamud hablar\u00e1 sobre \u00a0frenos y desaf\u00edos de la integraci\u00f3n regional  en AL <\/p>\n<p>&#13;<\/p>\n<p align=\"justify\" class=\"text1noticias\"><strong>El historiador Carlos Malamud ofrecer\u00e1 la \u00a0charla este martes 24 de julio a las 7:00 p.m.  en el auditorio de la   Fundaci\u00f3n Global Democracia y Desarrollo (FUNGLODE)<\/strong><\/p>\n<p>&#13;<\/p>\n<p align=\"justify\" class=\"text1noticias\"><strong>(Santo Domingo, 22 de julio de 2007) .<\/strong> La Fundaci\u00f3n Global  Democracia y Desarrollo (FUNGLODE), a trav\u00e9s de su Centro de estudios  Internacionales celebrar\u00e1 este martes 24 de julio la conferencia \u00abFrenos y  Desaf\u00edos de la   Integraci\u00f3n Regional Latinoamericana, a cargo del doctor Carlos  Malamud, principal investigador del \u00c1rea para Am\u00e9rica Latina y Comunidad  Iberoamericana de Naciones del Real Instituto Elcano de Estudios  Internacionales y Estrat\u00e9gicos, con sede en Madrid.<\/p>\n<p>&#13;<\/p>\n<div align=\"justify\" class=\"text1noticias\">De origen argentino, Carlos Malamud es doctor en  Geograf\u00eda e Historia (Historia de Am\u00e9rica) por la Universidad Complutense  de Madrid, logrando el premio extraordinario de doctorado. Profesor titular de  Historia de Am\u00e9rica, en el Departamento de Historia Contempor\u00e1nea, en la UNED. Fue profesor de Historia  Econ\u00f3mica Mundial y de Historia Econ\u00f3mica de Espa\u00f1a en el CEU San Pablo,  Facultad de Ciencias Econ\u00f3micas y Empresariales, adscrito a la Universidad Complutense  (1980-97) y profesor de Historia Econ\u00f3mica de Am\u00e9rica en la Facultad de Geograf\u00eda e  Historia de la   Universidad Complutense (1981-90). <br \/>&#13;<br \/>\n  <br \/>&#13;<br \/>\n  De 1996 a  2002 fue subdirector del Instituto Universitario Ortega y Gasset, adscrito a la Universidad Complutense  de Madrid y director de su programa de Am\u00e9rica Latina. De 2000 a 2002, director del  Observatorio de Seguridad y Defensa en Am\u00e9rica Latina del mismo instituto.  Asimismo, es el director del Consejo Editorial del Observatorio Electoral de  Am\u00e9rica Latina de Nueva Mayor\u00eda ( www.observatorioelectoral.org ) En 1992\/93 Spanish Senior Visiting Fellow en el Saint Antony&#8217;s College,  Universidad de Oxford.<br \/>&#13;<br \/>\n  <br \/>&#13;<br \/>\n  Entre sus publicaciones hay que mencionar Am\u00e9rica Latina. Siglo XX. La b\u00fasqueda  de la democracia (Ed. S\u00edntesis, Madrid, 1992). Adem\u00e1s, ha sido editor en varios  trabajos, entre los que destaca El caso Pinochet. Un debate sobre los l\u00edmites  de la impunidad , Papeles de Trabajo, I.U. Ortega y Gasset, Madrid, 2000 y Latin  America and the Multinational Drug Trade (con Elizabeth Joyce, ILAS-Macmillan  Press, Londres, 1998).<br \/>&#13;\n<\/div>\n<p>&#13;<\/p>\n<h6> 2007-07-23 16:17:15 <\/h6>\n<p><!--\n<link rel=\"stylesheet\" href=\"css\/bootstrap.min.css\">\n\n\n<ul class=\"pagination\">\n\t    \n\t\n\n<li >\n\t<a href='?page_no=28841'>Previous<\/a>\n\t<\/li>\n\n\n       \n    \n\n<li><a href='?page_no=1'>1<\/a><\/li>\n\n\n\n<li><a href='?page_no=2'>2<\/a><\/li>\n\n\n\n<li><a>...<\/a><\/li>\n\n\n\n<li><a href='?page_no=28840'>28840<\/a><\/li>\n\n\n\n<li><a href='?page_no=28841'>28841<\/a><\/li>\n\n\n\n<li class='active'><a>28842<\/a><\/li>\n\n\n\n<li><a href='?page_no=28843'>28843<\/a><\/li>\n\n\n\n<li><a href='?page_no=28844'>28844<\/a><\/li>\n\n\n\n<li><a>...<\/a><\/li>\n\n\n\n<li><a href='?page_no=30472'>30472<\/a><\/li>\n\n\n\n<li><a href='?page_no=30473'>30473<\/a><\/li>\n\n    \n\t\n\n<li >\n\t<a href='?page_no=28843'>Next<\/a>\n\t<\/li>\n\n\n    \n\n<li><a href='?page_no=30473'>Last &rsaquo;&rsaquo;<\/a><\/li>\n\n<\/ul>\n\n\n--><br \/>\n<\/body><\/p>\n","protected":false},"excerpt":{"rendered":"<p>Carlos Malamud hablar\u00e1 sobre \u00a0frenos y desaf\u00edos de la integraci\u00f3n regional en AL &#13; El historiador Carlos Malamud ofrecer\u00e1 la \u00a0charla este martes 24 de julio a las 7:00 p.m. en el auditorio de la Fundaci\u00f3n Global Democracia y Desarrollo (FUNGLODE) &#13; (Santo Domingo, 22 de julio de 2007) . La Fundaci\u00f3n Global Democracia y [&hellip;]<\/p>\n","protected":false},"author":3,"featured_media":0,"comment_status":"open","ping_status":"open","sticky":false,"template":"","format":"standard","meta":{"footnotes":""},"categories":[18],"tags":[],"class_list":["post-122962","post","type-post","status-publish","format-standard","hentry","category-economia"],"_links":{"self":[{"href":"https:\/\/diariodominicano.com\/index.php?rest_route=\/wp\/v2\/posts\/122962","targetHints":{"allow":["GET"]}}],"collection":[{"href":"https:\/\/diariodominicano.com\/index.php?rest_route=\/wp\/v2\/posts"}],"about":[{"href":"https:\/\/diariodominicano.com\/index.php?rest_route=\/wp\/v2\/types\/post"}],"author":[{"embeddable":true,"href":"https:\/\/diariodominicano.com\/index.php?rest_route=\/wp\/v2\/users\/3"}],"replies":[{"embeddable":true,"href":"https:\/\/diariodominicano.com\/index.php?rest_route=%2Fwp%2Fv2%2Fcomments&post=122962"}],"version-history":[{"count":0,"href":"https:\/\/diariodominicano.com\/index.php?rest_route=\/wp\/v2\/posts\/122962\/revisions"}],"wp:attachment":[{"href":"https:\/\/diariodominicano.com\/index.php?rest_route=%2Fwp%2Fv2%2Fmedia&parent=122962"}],"wp:term":[{"taxonomy":"category","embeddable":true,"href":"https:\/\/diariodominicano.com\/index.php?rest_route=%2Fwp%2Fv2%2Fcategories&post=122962"},{"taxonomy":"post_tag","embeddable":true,"href":"https:\/\/diariodominicano.com\/index.php?rest_route=%2Fwp%2Fv2%2Ftags&post=122962"}],"curies":[{"name":"wp","href":"https:\/\/api.w.org\/{rel}","templated":true}]}}