{"id":122961,"date":"2007-07-24T10:57:32","date_gmt":"2007-07-24T10:57:32","guid":{"rendered":"http:\/\/diariodominicano.ddns.net\/?p=122961"},"modified":"2007-07-24T10:57:32","modified_gmt":"2007-07-24T10:57:32","slug":"presidente-fernandez-encabeza-reunion-con-el-equipo-economico-gobierno-cumple-con-indicadores-fmi","status":"publish","type":"post","link":"https:\/\/diariodominicano.com\/?p=122961","title":{"rendered":"Presidente Fern\u00e1ndez encabeza reuni\u00f3n con el equipo econ\u00f3mico; Gobierno cumple con indicadores FMI"},"content":{"rendered":"<p><body><\/p>\n<p align=\"justify\" class=\"titulogrande1\"><strong>Presidente Fern\u00e1ndez encabeza reuni\u00f3n con el equipo econ\u00f3mico; Gobierno  cumple con indicadores FMI <\/strong><\/p>\n<p>&#13;<\/p>\n<p align=\"justify\" class=\"text1noticias\"><img loading=\"lazy\" decoding=\"async\" src=\"http:\/\/localhost:8080\/economia\/pictures\/leonel economico 4.jpg\" width=\"269\" height=\"341\" hspace=\"4\" align=\"left\" \/>SANTO DOMINGO.- El  presidente Leonel Fern\u00e1ndez encabez\u00f3 el \u00a0lunes una reuni\u00f3n con el equipo econ\u00f3mico del  Gobierno, en la que recibi\u00f3 un informe que establece que la presente  administraci\u00f3n cumpli\u00f3 todas las metas que ten\u00eda con el Fondo Monetario  Internacional (FMI), inform\u00f3 el secretario de Hacienda, Vicente Bengoa, quien  destac\u00f3 que durante la sesi\u00f3n el Jefe del Estado se sinti\u00f3 muy complacido por  el informe recibido que destaca el buen desempe\u00f1o econ\u00f3mico de la Rep\u00fablica Dominicana.<br \/>&#13;<br \/>\n  <br \/>&#13;<br \/>\n\u00abLa meta de gasto,  la meta de endeudamiento, la meta del reservas, la meta de inflaci\u00f3n, todas  esas metas se cumplieron, incluso de manera muy holgadas\u00bb.<br \/>&#13;<br \/>\n<br \/>&#13;<br \/>\nBengoa dijo que los  problemas que se han presentado representan situaciones que escapan a la  decisi\u00f3n del Poder Ejecutivo, y cit\u00f3 el caso de la Ley El\u00e9ctrica, que  no ha sido aprobada, pero que no es por culpa del Gobierno, ya que la someti\u00f3  con tiempo al Congreso de la   Rep\u00fablica.<br \/>&#13;<br \/>\n<br \/>&#13;<br \/>\nIndic\u00f3 que en ese  organismo se han presentado dificultades, lo cual dijo es natural, ya que el  pa\u00eds es democr\u00e1tico y que el Congreso tiene todo el derecho a tomarse el tiempo  que estime necesario para analizar un proyecto de esa naturaleza.<br \/>&#13;<br \/>\n<br \/>&#13;<br \/>\n\u00abVimos una cosa muy  importante y fue el cumplimiento de las metas con el Fondo Monetario  Internacional. Todo, no hay una sola meta cuantitativa que no se haya  cumplido\u00bb, precis\u00f3 el secretario de Hacienda.<br \/>&#13;<br \/>\n<br \/>&#13;<br \/>\nOtro aspecto discutido  durante el encuentro con el presidente Fern\u00e1ndez, fue la implementaci\u00f3n del  Tratado de Libre Comercio con los Estados Unidos y Centroam\u00e9rica, mejor  conocido por sus siglas en ingl\u00e9s como DR-Cafta, as\u00ed como los ingresos que ha  tenido el Estado en el primer semestre de este a\u00f1o.<br \/>&#13;<br \/>\n<br \/>&#13;<br \/>\nBengoa dijo que los  miembros del equipo econ\u00f3mico del Gobierno pasaron revista al comportamiento  del comercio exterior, del Producto Interno Bruto y la inflaci\u00f3n \u00aben fin,  fue un repaso a todo el tema de la econom\u00eda dominicana de los primeros seis  meses del a\u00f1o\u00bb. <br \/>&#13;<br \/>\n<br \/>&#13;<br \/>\nIndic\u00f3 que este tipo de  encuentro con el Presidente de la   Rep\u00fablica ser\u00e1 cada 15 d\u00edas con el prop\u00f3sito de dar  seguimiento a la situaci\u00f3n econ\u00f3mica de la naci\u00f3n.<br \/>&#13;<br \/>\n<br \/>&#13;<br \/>\nEstuvieron en la  reuni\u00f3n, adem\u00e1s de Bengoa, el gobernador del Banco Central, H\u00e9ctor Valdez  Albizu; los secretarios de Planificaci\u00f3n, Econom\u00eda y Desarrollo Juan  Tem\u00edstocles Mont\u00e1s y de Industria y Comercio, Francisco Javier, as\u00ed como los  directores de Impuestos Internos, Juan Hern\u00e1ndez; de Aduanas, Miguel Cocco y el  superintendente de Bancos, Rafael Camilo.<\/p>\n<p>&#13;<\/p>\n<h6> 2007-07-24 10:57:32 <\/h6>\n<p><!--\n<link rel=\"stylesheet\" href=\"css\/bootstrap.min.css\">\n\n\n<ul class=\"pagination\">\n\t    \n\t\n\n<li >\n\t<a href='?page_no=28840'>Previous<\/a>\n\t<\/li>\n\n\n       \n    \n\n<li><a href='?page_no=1'>1<\/a><\/li>\n\n\n\n<li><a href='?page_no=2'>2<\/a><\/li>\n\n\n\n<li><a>...<\/a><\/li>\n\n\n\n<li><a href='?page_no=28839'>28839<\/a><\/li>\n\n\n\n<li><a href='?page_no=28840'>28840<\/a><\/li>\n\n\n\n<li class='active'><a>28841<\/a><\/li>\n\n\n\n<li><a href='?page_no=28842'>28842<\/a><\/li>\n\n\n\n<li><a href='?page_no=28843'>28843<\/a><\/li>\n\n\n\n<li><a>...<\/a><\/li>\n\n\n\n<li><a href='?page_no=30472'>30472<\/a><\/li>\n\n\n\n<li><a href='?page_no=30473'>30473<\/a><\/li>\n\n    \n\t\n\n<li >\n\t<a href='?page_no=28842'>Next<\/a>\n\t<\/li>\n\n\n    \n\n<li><a href='?page_no=30473'>Last &rsaquo;&rsaquo;<\/a><\/li>\n\n<\/ul>\n\n\n--><br \/>\n<\/body><\/p>\n","protected":false},"excerpt":{"rendered":"<p>Presidente Fern\u00e1ndez encabeza reuni\u00f3n con el equipo econ\u00f3mico; Gobierno cumple con indicadores FMI &#13; SANTO DOMINGO.- El presidente Leonel Fern\u00e1ndez encabez\u00f3 el \u00a0lunes una reuni\u00f3n con el equipo econ\u00f3mico del Gobierno, en la que recibi\u00f3 un informe que establece que la presente administraci\u00f3n cumpli\u00f3 todas las metas que ten\u00eda con el Fondo Monetario Internacional (FMI), [&hellip;]<\/p>\n","protected":false},"author":3,"featured_media":0,"comment_status":"open","ping_status":"open","sticky":false,"template":"","format":"standard","meta":{"footnotes":""},"categories":[18],"tags":[],"class_list":["post-122961","post","type-post","status-publish","format-standard","hentry","category-economia"],"_links":{"self":[{"href":"https:\/\/diariodominicano.com\/index.php?rest_route=\/wp\/v2\/posts\/122961","targetHints":{"allow":["GET"]}}],"collection":[{"href":"https:\/\/diariodominicano.com\/index.php?rest_route=\/wp\/v2\/posts"}],"about":[{"href":"https:\/\/diariodominicano.com\/index.php?rest_route=\/wp\/v2\/types\/post"}],"author":[{"embeddable":true,"href":"https:\/\/diariodominicano.com\/index.php?rest_route=\/wp\/v2\/users\/3"}],"replies":[{"embeddable":true,"href":"https:\/\/diariodominicano.com\/index.php?rest_route=%2Fwp%2Fv2%2Fcomments&post=122961"}],"version-history":[{"count":0,"href":"https:\/\/diariodominicano.com\/index.php?rest_route=\/wp\/v2\/posts\/122961\/revisions"}],"wp:attachment":[{"href":"https:\/\/diariodominicano.com\/index.php?rest_route=%2Fwp%2Fv2%2Fmedia&parent=122961"}],"wp:term":[{"taxonomy":"category","embeddable":true,"href":"https:\/\/diariodominicano.com\/index.php?rest_route=%2Fwp%2Fv2%2Fcategories&post=122961"},{"taxonomy":"post_tag","embeddable":true,"href":"https:\/\/diariodominicano.com\/index.php?rest_route=%2Fwp%2Fv2%2Ftags&post=122961"}],"curies":[{"name":"wp","href":"https:\/\/api.w.org\/{rel}","templated":true}]}}