{"id":122960,"date":"2007-07-24T11:11:04","date_gmt":"2007-07-24T11:11:04","guid":{"rendered":"http:\/\/diariodominicano.ddns.net\/?p=122960"},"modified":"2007-07-24T11:11:04","modified_gmt":"2007-07-24T11:11:04","slug":"rector-uasd-sostiene-encuentro-con-representante-programa-becas-fulbright","status":"publish","type":"post","link":"https:\/\/diariodominicano.com\/?p=122960","title":{"rendered":"Rector UASD sostiene encuentro con representante Programa Becas Fulbright"},"content":{"rendered":"<p><body><\/p>\n<p align=\"justify\" class=\"titulogrande1\">Rector  UASD sostiene encuentro con representante Programa Becas Fulbright<\/p>\n<p>&#13;<\/p>\n<p align=\"justify\" class=\"text1noticias\"><img loading=\"lazy\" decoding=\"async\" src=\"http:\/\/localhost:8080\/economia\/pictures\/uasd roberto 269.jpg\" width=\"269\" height=\"299\" hspace=\"4\" align=\"left\" \/>Santo Domingo.-El rector de la Universidad Aut\u00f3noma  de Santo Domingo, \u00a0Roberto Reyna, sostuvo  un encuentro con el representante en Washington del Programa de Becas  Fulbright, Thomas Ingalls, para hablar de los estudios que puedan cursar  profesores e investigadores universitarios en Norteam\u00e9rica,\u00a0 a trav\u00e9s de esa instituci\u00f3n extranjera.<\/p>\n<p>&#13;<\/p>\n<p align=\"justify\" class=\"text1noticias\">Reyna dijo que desde 1977  profesores de la UASD  han sido beneficiados con becas de este programa, el cual est\u00e1 bajo la  responsabilidad del Departamento de Estado y\u00a0  la Embajada  de los Estados Unidos en el pa\u00eds.<\/p>\n<p>&#13;<\/p>\n<p align=\"justify\" class=\"text1noticias\">Agreg\u00f3 que la universidad ha  tenido profesores en estudios de Idiomas, Biolog\u00eda, Psicolog\u00eda, Pedagog\u00eda,  Salud P\u00fablica, Sociolog\u00eda, Letras, Ingenier\u00eda y en otras \u00e1reas del  conocimiento.<\/p>\n<p>&#13;<\/p>\n<p align=\"justify\" class=\"text1noticias\">Dijo que la universidad del  Estado pretende ahora que las ofertas de becas se ampl\u00eden, adem\u00e1s de la Sede Central, a sus  distintos centros regionales, cuyos directores participaron en la reuni\u00f3n,  junto a Rocio Billini, directora de Intercambios Acad\u00e9micos, Pablo Rodr\u00edguez,  director de la Oficina   General de Cooperaci\u00f3n Nacional e Internacional, y Juan  Medina, coordinador general de la   Oficina de los Centros Universitarios Regionales.<\/p>\n<p>&#13;<\/p>\n<p align=\"justify\" class=\"text1noticias\">El representante de  Fulbright, se\u00f1or Ingalls, quien estuvo acompa\u00f1ado de Francesca Hern\u00e1ndez y Ana  Mar\u00eda Puigb\u00f3, asistentes de la   Embajada de los Estados Unidos, dijo que el programa pretende  beneficiar a m\u00e1s acad\u00e9micos de la   UASD, ampliando sus ofertas de estudios a todas sus extensiones.<\/p>\n<p>&#13;<\/p>\n<p align=\"justify\" class=\"text1noticias\">Inform\u00f3 que los interesados  en beneficiarse del programa lo pueden hacer\u00a0  a trav\u00e9s de una instituci\u00f3n o de manera particular, al tiempo de agregar  que los estudios tienen dos vertientes: la preparaci\u00f3n especializada y el  intercambio cultural entre los participantes.<\/p>\n<p>&#13;<\/p>\n<p align=\"justify\" class=\"text1noticias\">Agradeci\u00f3 a la universidad  Primada de Am\u00e9rica por valorar el Programa Fulbright y reiter\u00f3 su disposici\u00f3n  de cooperar para que un mayor n\u00famero de universitarios se beneficien de las  becas.<\/p>\n<p>&#13;<\/p>\n<h6> 2007-07-24 11:11:04 <\/h6>\n<p><!--\n<link rel=\"stylesheet\" href=\"css\/bootstrap.min.css\">\n\n\n<ul class=\"pagination\">\n\t    \n\t\n\n<li >\n\t<a href='?page_no=28839'>Previous<\/a>\n\t<\/li>\n\n\n       \n    \n\n<li><a href='?page_no=1'>1<\/a><\/li>\n\n\n\n<li><a href='?page_no=2'>2<\/a><\/li>\n\n\n\n<li><a>...<\/a><\/li>\n\n\n\n<li><a href='?page_no=28838'>28838<\/a><\/li>\n\n\n\n<li><a href='?page_no=28839'>28839<\/a><\/li>\n\n\n\n<li class='active'><a>28840<\/a><\/li>\n\n\n\n<li><a href='?page_no=28841'>28841<\/a><\/li>\n\n\n\n<li><a href='?page_no=28842'>28842<\/a><\/li>\n\n\n\n<li><a>...<\/a><\/li>\n\n\n\n<li><a href='?page_no=30472'>30472<\/a><\/li>\n\n\n\n<li><a href='?page_no=30473'>30473<\/a><\/li>\n\n    \n\t\n\n<li >\n\t<a href='?page_no=28841'>Next<\/a>\n\t<\/li>\n\n\n    \n\n<li><a href='?page_no=30473'>Last &rsaquo;&rsaquo;<\/a><\/li>\n\n<\/ul>\n\n\n--><br \/>\n<\/body><\/p>\n","protected":false},"excerpt":{"rendered":"<p>Rector UASD sostiene encuentro con representante Programa Becas Fulbright &#13; Santo Domingo.-El rector de la Universidad Aut\u00f3noma de Santo Domingo, \u00a0Roberto Reyna, sostuvo un encuentro con el representante en Washington del Programa de Becas Fulbright, Thomas Ingalls, para hablar de los estudios que puedan cursar profesores e investigadores universitarios en Norteam\u00e9rica,\u00a0 a trav\u00e9s de esa [&hellip;]<\/p>\n","protected":false},"author":3,"featured_media":0,"comment_status":"open","ping_status":"open","sticky":false,"template":"","format":"standard","meta":{"footnotes":""},"categories":[18],"tags":[],"class_list":["post-122960","post","type-post","status-publish","format-standard","hentry","category-economia"],"_links":{"self":[{"href":"https:\/\/diariodominicano.com\/index.php?rest_route=\/wp\/v2\/posts\/122960","targetHints":{"allow":["GET"]}}],"collection":[{"href":"https:\/\/diariodominicano.com\/index.php?rest_route=\/wp\/v2\/posts"}],"about":[{"href":"https:\/\/diariodominicano.com\/index.php?rest_route=\/wp\/v2\/types\/post"}],"author":[{"embeddable":true,"href":"https:\/\/diariodominicano.com\/index.php?rest_route=\/wp\/v2\/users\/3"}],"replies":[{"embeddable":true,"href":"https:\/\/diariodominicano.com\/index.php?rest_route=%2Fwp%2Fv2%2Fcomments&post=122960"}],"version-history":[{"count":0,"href":"https:\/\/diariodominicano.com\/index.php?rest_route=\/wp\/v2\/posts\/122960\/revisions"}],"wp:attachment":[{"href":"https:\/\/diariodominicano.com\/index.php?rest_route=%2Fwp%2Fv2%2Fmedia&parent=122960"}],"wp:term":[{"taxonomy":"category","embeddable":true,"href":"https:\/\/diariodominicano.com\/index.php?rest_route=%2Fwp%2Fv2%2Fcategories&post=122960"},{"taxonomy":"post_tag","embeddable":true,"href":"https:\/\/diariodominicano.com\/index.php?rest_route=%2Fwp%2Fv2%2Ftags&post=122960"}],"curies":[{"name":"wp","href":"https:\/\/api.w.org\/{rel}","templated":true}]}}